{"id":30869874,"date":"2021-12-02T16:17:13","date_gmt":"2021-12-02T15:17:13","guid":{"rendered":"https:\/\/www.upo.es\/diario\/?p=30869874"},"modified":"2021-12-02T16:17:34","modified_gmt":"2021-12-02T15:17:34","slug":"la-red-de-universidades-iberoamericanas-comprometidas-con-los-derechos-humanos-celebra-un-encuentro-en-buenos-aires","status":"publish","type":"post","link":"https:\/\/www.upo.es\/diario\/cultura-social\/2021\/12\/la-red-de-universidades-iberoamericanas-comprometidas-con-los-derechos-humanos-celebra-un-encuentro-en-buenos-aires\/","title":{"rendered":"La Red de Universidades Iberoamericanas Comprometidas con los Derechos Humanos celebra un encuentro en Buenos Aires"},"content":{"rendered":"<p><a href=\"https:\/\/www.upo.es\/diario\/wp-content\/uploads\/2021\/12\/reunion-univ-latinoamericanas.jpg\"><img loading=\"lazy\" decoding=\"async\" class=\"aligncenter size-large wp-image-30869876\" src=\"https:\/\/www.upo.es\/diario\/wp-content\/uploads\/2021\/12\/reunion-univ-latinoamericanas-750x384.jpg\" alt=\"\" width=\"750\" height=\"384\" srcset=\"https:\/\/www.upo.es\/diario\/wp-content\/uploads\/2021\/12\/reunion-univ-latinoamericanas-750x384.jpg 750w, https:\/\/www.upo.es\/diario\/wp-content\/uploads\/2021\/12\/reunion-univ-latinoamericanas-360x185.jpg 360w, https:\/\/www.upo.es\/diario\/wp-content\/uploads\/2021\/12\/reunion-univ-latinoamericanas-768x394.jpg 768w, https:\/\/www.upo.es\/diario\/wp-content\/uploads\/2021\/12\/reunion-univ-latinoamericanas.jpg 1280w\" sizes=\"auto, (max-width: 750px) 100vw, 750px\" \/><\/a>El<strong> Centro de Innovaci\u00f3n en Tecnolog\u00eda y Pedagog\u00eda de la Universidad de Buenos Aires<\/strong> (UBA, Argentina), celebra esta semana un <strong>Encuentro de la <a href=\"https:\/\/www.upo.es\/diario\/institucional\/2021\/06\/oei-upo-crean-red-universidades-iberoamericanas-derechos-humanos\/\">Red Iberoamericana de Universidades comprometidas con la Educaci\u00f3n en Derechos Humanos y Ciudadan\u00eda Inclusiva<\/a><\/strong>, actividad auspiciada desde la Secretar\u00eda Acad\u00e9mica de la UBA. La reuni\u00f3n se est\u00e1 celebrando en un formato h\u00edbrido, asistiendo presencialmente vicerrectores y decanos de las universidades Nacional de C\u00f3rdoba, Mar del Plata y Buenos Aires (Argentina), Bio-Bio (Chile), Camilo Jos\u00e9 Cela (Espa\u00f1a), as\u00ed como representantes de la <a href=\"https:\/\/oei.int\/\">Organizaci\u00f3n de Estados Iberoamericanos para la Educaci\u00f3n, la Ciencia y la Cultura<\/a> (OEI). Fueron inauguradas este martes d\u00eda 30 con el saludo institucional de los rectores de la Universidad Pablo de Olavide y de la Universidad de Buenos Aires, as\u00ed como del secretario general de la OEI.<\/p>\n<p>El objetivo de estas jornadas es presentar las conclusiones de las comisiones de trabajo que vienen funcionando desde el anterior encuentro de Quito (Ecuador) en el mes de octubre. <strong>Estas sesiones de trabajo dar\u00e1n como resultado los ejes y las l\u00edneas del Plan Estrat\u00e9gico que marcar\u00e1n la orientaci\u00f3n del trabajo de la Red tanto a corto como a medio plazo, en materia de docencia, investigaci\u00f3n e intervenci\u00f3n social.<\/strong><\/p>\n<p>Por parte de la Universidad Pablo de Olavide han asistido <strong>Guillermo Dom\u00ednguez<\/strong>, coordinador general de la Red Iberoamericana de Universidades comprometidas con la Educaci\u00f3n en Derechos Humanos y Ciudadan\u00eda Inclusiva; <strong>Esther Prieto<\/strong>, coordinadora acad\u00e9mica de la C\u00e1tedra Iberoamericana de Educaci\u00f3n en Derechos Humanos, Ciudadan\u00eda Cr\u00edtica y Desarrollo Sostenible; y <strong>David Cobos<\/strong>, vicerrector de Cultura y Pol\u00edticas Sociales de la UPO. Adem\u00e1s, una treintena de investigadores de otros once pa\u00edses participan en formato <em>online<\/em>.<\/p>\n<p><strong>La Red est\u00e1 integrada por 28 universidades de 15 pa\u00edses<\/strong>, con la finalidad de trabajar sobre los principios de la educaci\u00f3n, los Derechos Humanos, la cooperaci\u00f3n y las universidades uostenibles. Esta Red fue creada por la Organizaci\u00f3n de Estados Iberoamericanos (OEI) y la Universidad Pablo de Olavide (UPO) y es gestionada por la <a href=\"https:\/\/www.upo.es\/diario\/sin-categoria\/2021\/06\/la-oei-y-la-upo-unen-esfuerzos-con-la-creacion-de-una-catedra-iberoamericana-en-derechos-humanos\/\">C\u00e1tedra Iberoamericana de Educaci\u00f3n en Derechos Humanos, Ciudadan\u00eda Cr\u00edtica y Desarrollo Sostenible<\/a>, impulsada y dirigida por el profesor Guillermo Dom\u00ednguez.<\/p>\n","protected":false},"excerpt":{"rendered":"<p>El Centro de Innovaci\u00f3n en Tecnolog\u00eda y Pedagog\u00eda de la Universidad de Buenos Aires (UBA, Argentina), celebra esta semana un Encuentro de la Red Iberoamericana de Universidades comprometidas con la Educaci\u00f3n en Derechos Humanos y Ciudadan\u00eda Inclusiva, actividad auspiciada desde la Secretar\u00eda Acad\u00e9mica de la UBA. La reuni\u00f3n se est\u00e1 celebrando en un formato h\u00edbrido, asistiendo presencialmente vicerrectores y decanos de las universidades Nacional de C\u00f3rdoba, Mar del Plata y Buenos Aires (Argentina), Bio-Bio (Chile), Camilo Jos\u00e9 Cela (Espa\u00f1a), as\u00ed como representantes de la Organizaci\u00f3n de Estados Iberoamericanos para la Educaci\u00f3n, la Ciencia y la Cultura (OEI). Fueron inauguradas con el saludo institucional de los rectores de la Universidad Pablo de Olavide y Universidad de Buenos Aires, as\u00ed como del secretario general de la OEI.<\/p>\n","protected":false},"author":6,"featured_media":30869876,"comment_status":"closed","ping_status":"open","sticky":false,"template":"","format":"standard","meta":{"_monsterinsights_skip_tracking":false,"_monsterinsights_sitenote_active":false,"_monsterinsights_sitenote_note":"","_monsterinsights_sitenote_category":0,"footnotes":""},"categories":[5843],"tags":[358,3595,92,465,7550,1551,805,3175,7690,39],"class_list":["post-30869874","post","type-post","status-publish","format-standard","has-post-thumbnail","hentry","category-cultura-social","tag-catedra","tag-david-cobos","tag-derechos-humanos","tag-educacion","tag-encuentro-insitucional","tag-guillermo-dominguez-fernandez","tag-iberoamerica","tag-oei","tag-red-universitaria","tag-universidades"],"_links":{"self":[{"href":"https:\/\/www.upo.es\/diario\/wp-json\/wp\/v2\/posts\/30869874","targetHints":{"allow":["GET"]}}],"collection":[{"href":"https:\/\/www.upo.es\/diario\/wp-json\/wp\/v2\/posts"}],"about":[{"href":"https:\/\/www.upo.es\/diario\/wp-json\/wp\/v2\/types\/post"}],"author":[{"embeddable":true,"href":"https:\/\/www.upo.es\/diario\/wp-json\/wp\/v2\/users\/6"}],"replies":[{"embeddable":true,"href":"https:\/\/www.upo.es\/diario\/wp-json\/wp\/v2\/comments?post=30869874"}],"version-history":[{"count":3,"href":"https:\/\/www.upo.es\/diario\/wp-json\/wp\/v2\/posts\/30869874\/revisions"}],"predecessor-version":[{"id":30869878,"href":"https:\/\/www.upo.es\/diario\/wp-json\/wp\/v2\/posts\/30869874\/revisions\/30869878"}],"wp:featuredmedia":[{"embeddable":true,"href":"https:\/\/www.upo.es\/diario\/wp-json\/wp\/v2\/media\/30869876"}],"wp:attachment":[{"href":"https:\/\/www.upo.es\/diario\/wp-json\/wp\/v2\/media?parent=30869874"}],"wp:term":[{"taxonomy":"category","embeddable":true,"href":"https:\/\/www.upo.es\/diario\/wp-json\/wp\/v2\/categories?post=30869874"},{"taxonomy":"post_tag","embeddable":true,"href":"https:\/\/www.upo.es\/diario\/wp-json\/wp\/v2\/tags?post=30869874"}],"curies":[{"name":"wp","href":"https:\/\/api.w.org\/{rel}","templated":true}]}}