{"id":30869879,"date":"2021-12-03T09:52:44","date_gmt":"2021-12-03T08:52:44","guid":{"rendered":"https:\/\/www.upo.es\/diario\/?p=30869879"},"modified":"2021-12-17T12:09:57","modified_gmt":"2021-12-17T11:09:57","slug":"ceremonia-de-graduacion-del-grado-en-administracion-y-direccion-de-empresas-de-la-upo","status":"publish","type":"post","link":"https:\/\/www.upo.es\/diario\/comunidad\/2021\/12\/ceremonia-de-graduacion-del-grado-en-administracion-y-direccion-de-empresas-de-la-upo\/","title":{"rendered":"Ceremonia de graduaci\u00f3n del Grado en Administraci\u00f3n y Direcci\u00f3n de Empresas de la UPO"},"content":{"rendered":"<figure id=\"attachment_30869880\" aria-describedby=\"caption-attachment-30869880\" style=\"width: 750px\" class=\"wp-caption aligncenter\"><a href=\"https:\/\/www.upo.es\/diario\/wp-content\/uploads\/2021\/12\/UPO211202_150-scaled.jpg\"><img loading=\"lazy\" decoding=\"async\" class=\"wp-image-30869880 size-large\" src=\"https:\/\/www.upo.es\/diario\/wp-content\/uploads\/2021\/12\/UPO211202_150-750x499.jpg\" alt=\"\" width=\"750\" height=\"499\" srcset=\"https:\/\/www.upo.es\/diario\/wp-content\/uploads\/2021\/12\/UPO211202_150-750x499.jpg 750w, https:\/\/www.upo.es\/diario\/wp-content\/uploads\/2021\/12\/UPO211202_150-360x239.jpg 360w, https:\/\/www.upo.es\/diario\/wp-content\/uploads\/2021\/12\/UPO211202_150-768x511.jpg 768w, https:\/\/www.upo.es\/diario\/wp-content\/uploads\/2021\/12\/UPO211202_150-1536x1021.jpg 1536w, https:\/\/www.upo.es\/diario\/wp-content\/uploads\/2021\/12\/UPO211202_150-2048x1362.jpg 2048w, https:\/\/www.upo.es\/diario\/wp-content\/uploads\/2021\/12\/UPO211202_150-165x109.jpg 165w, https:\/\/www.upo.es\/diario\/wp-content\/uploads\/2021\/12\/UPO211202_150-1320x878.jpg 1320w\" sizes=\"auto, (max-width: 750px) 100vw, 750px\" \/><\/a><figcaption id=\"caption-attachment-30869880\" class=\"wp-caption-text\">Promociones 2016\/20 y 2017\/21 del Grado en Administraci\u00f3n y Direcci\u00f3n de Empresas (espa\u00f1ol\/ingl\u00e9s).<\/figcaption><\/figure>\n<p>La ceremonia de graduaci\u00f3n de <strong>las<\/strong> <strong>promociones 2016\/20 y 2017\/21 del Grado en Administraci\u00f3n y Direcci\u00f3n de Empresas (espa\u00f1ol\/ingl\u00e9s) <\/strong>de la Universidad Pablo de Olavide se celebr\u00f3 ayer jueves 2 de diciembre en el Paraninfo. El acto fue presidido por el decano de la Facultad de Ciencias Empresariales, Jes\u00fas Juan Cambra Fierro.<\/p>\n<figure id=\"attachment_30869881\" aria-describedby=\"caption-attachment-30869881\" style=\"width: 360px\" class=\"wp-caption alignright\"><a href=\"https:\/\/www.upo.es\/diario\/wp-content\/uploads\/2021\/12\/UPO211202_085-scaled.jpg\"><img loading=\"lazy\" decoding=\"async\" class=\"wp-image-30869881 size-medium\" src=\"https:\/\/www.upo.es\/diario\/wp-content\/uploads\/2021\/12\/UPO211202_085-360x239.jpg\" alt=\"\" width=\"360\" height=\"239\" srcset=\"https:\/\/www.upo.es\/diario\/wp-content\/uploads\/2021\/12\/UPO211202_085-360x239.jpg 360w, https:\/\/www.upo.es\/diario\/wp-content\/uploads\/2021\/12\/UPO211202_085-750x499.jpg 750w, https:\/\/www.upo.es\/diario\/wp-content\/uploads\/2021\/12\/UPO211202_085-768x511.jpg 768w, https:\/\/www.upo.es\/diario\/wp-content\/uploads\/2021\/12\/UPO211202_085-1536x1021.jpg 1536w, https:\/\/www.upo.es\/diario\/wp-content\/uploads\/2021\/12\/UPO211202_085-2048x1362.jpg 2048w, https:\/\/www.upo.es\/diario\/wp-content\/uploads\/2021\/12\/UPO211202_085-165x109.jpg 165w, https:\/\/www.upo.es\/diario\/wp-content\/uploads\/2021\/12\/UPO211202_085-1320x878.jpg 1320w\" sizes=\"auto, (max-width: 360px) 100vw, 360px\" \/><\/a><figcaption id=\"caption-attachment-30869881\" class=\"wp-caption-text\">El director general de Helvetia Seguros \u00cd\u00f1igo Soto Garc\u00eda-Junco, padrino de las promociones.<\/figcaption><\/figure>\n<p>El padrino de las promociones ha sido el <strong>director general de Helvetia Seguros, \u00cd\u00f1igo Soto Garc\u00eda-Junco<\/strong>. A la ceremonia tambi\u00e9n asistieron los vicedecanos de la Facultad de Ciencias Empresariales \u00c1lvaro L\u00f3pez Cabrales, vicedecano de Estudiantes, Estrategia y Calidad y Cecilia T\u00e9llez Valle, vicedecana de Relaciones Internacionales, y Juan Ba\u00f1os S\u00e1nchez-Matamoros, secretario del centro.<\/p>\n<p>Los estudiantes Ignacio Montejo Gonz\u00e1lez e Irene Fern\u00e1ndez Fern\u00e1ndez pronunciaron el discurso en representaci\u00f3n del alumnado egresado. Un total de 80 egresados y egresadas han asistido a este acto con el que la Universidad Pablo de Olavide recupera una antigua tradici\u00f3n de las universidades europeas.<\/p>\n","protected":false},"excerpt":{"rendered":"<p>La ceremonia de graduaci\u00f3n de las promociones 2016\/20 y 2017\/21 del Grado en Administraci\u00f3n y Direcci\u00f3n de Empresas (espa\u00f1ol\/ingl\u00e9s) de la Universidad Pablo de Olavide se celebr\u00f3 ayer jueves 2 de diciembre en el Paraninfo. El acto fue presidido por el decano de la Facultad de Ciencias Empresariales, Jes\u00fas Juan Cambra Fierro.<\/p>\n","protected":false},"author":4,"featured_media":30869880,"comment_status":"closed","ping_status":"open","sticky":false,"template":"","format":"standard","meta":{"_monsterinsights_skip_tracking":false,"_monsterinsights_sitenote_active":false,"_monsterinsights_sitenote_note":"","_monsterinsights_sitenote_category":0,"footnotes":""},"categories":[5842],"tags":[581,360,1676,5075],"class_list":["post-30869879","post","type-post","status-publish","format-standard","has-post-thumbnail","hentry","category-comunidad","tag-ceremonia-de-egresados","tag-facultad-de-ciencias-empresariales","tag-grado-en-administracion-y-direccion-de-empresas","tag-grado-en-administracion-y-direccion-de-empresas-en-ingles"],"_links":{"self":[{"href":"https:\/\/www.upo.es\/diario\/wp-json\/wp\/v2\/posts\/30869879","targetHints":{"allow":["GET"]}}],"collection":[{"href":"https:\/\/www.upo.es\/diario\/wp-json\/wp\/v2\/posts"}],"about":[{"href":"https:\/\/www.upo.es\/diario\/wp-json\/wp\/v2\/types\/post"}],"author":[{"embeddable":true,"href":"https:\/\/www.upo.es\/diario\/wp-json\/wp\/v2\/users\/4"}],"replies":[{"embeddable":true,"href":"https:\/\/www.upo.es\/diario\/wp-json\/wp\/v2\/comments?post=30869879"}],"version-history":[{"count":3,"href":"https:\/\/www.upo.es\/diario\/wp-json\/wp\/v2\/posts\/30869879\/revisions"}],"predecessor-version":[{"id":30870156,"href":"https:\/\/www.upo.es\/diario\/wp-json\/wp\/v2\/posts\/30869879\/revisions\/30870156"}],"wp:featuredmedia":[{"embeddable":true,"href":"https:\/\/www.upo.es\/diario\/wp-json\/wp\/v2\/media\/30869880"}],"wp:attachment":[{"href":"https:\/\/www.upo.es\/diario\/wp-json\/wp\/v2\/media?parent=30869879"}],"wp:term":[{"taxonomy":"category","embeddable":true,"href":"https:\/\/www.upo.es\/diario\/wp-json\/wp\/v2\/categories?post=30869879"},{"taxonomy":"post_tag","embeddable":true,"href":"https:\/\/www.upo.es\/diario\/wp-json\/wp\/v2\/tags?post=30869879"}],"curies":[{"name":"wp","href":"https:\/\/api.w.org\/{rel}","templated":true}]}}