{"id":30870077,"date":"2021-12-13T04:03:08","date_gmt":"2021-12-13T03:03:08","guid":{"rendered":"https:\/\/www.upo.es\/diario\/?p=30870077"},"modified":"2021-12-13T15:04:56","modified_gmt":"2021-12-13T14:04:56","slug":"jose-luis-sarasola-espacio-innovacion-social-flora-tristan","status":"publish","type":"post","link":"https:\/\/www.upo.es\/diario\/entrevista\/2021\/12\/jose-luis-sarasola-espacio-innovacion-social-flora-tristan\/","title":{"rendered":"\u201cCon el Espacio de Innovaci\u00f3n Social queremos llevar al Pol\u00edgono Sur actividades que mejoren el bienestar social del barrio\u201d"},"content":{"rendered":"<figure id=\"attachment_30870078\" aria-describedby=\"caption-attachment-30870078\" style=\"width: 750px\" class=\"wp-caption aligncenter\"><a href=\"https:\/\/www.upo.es\/diario\/wp-content\/uploads\/2021\/12\/JLSarasola_entrevista-scaled.jpg\"><img loading=\"lazy\" decoding=\"async\" class=\"wp-image-30870078 size-large\" src=\"https:\/\/www.upo.es\/diario\/wp-content\/uploads\/2021\/12\/JLSarasola_entrevista-750x500.jpg\" alt=\"\" width=\"750\" height=\"500\" srcset=\"https:\/\/www.upo.es\/diario\/wp-content\/uploads\/2021\/12\/JLSarasola_entrevista-750x500.jpg 750w, https:\/\/www.upo.es\/diario\/wp-content\/uploads\/2021\/12\/JLSarasola_entrevista-360x240.jpg 360w, https:\/\/www.upo.es\/diario\/wp-content\/uploads\/2021\/12\/JLSarasola_entrevista-768x512.jpg 768w, https:\/\/www.upo.es\/diario\/wp-content\/uploads\/2021\/12\/JLSarasola_entrevista-1536x1024.jpg 1536w, https:\/\/www.upo.es\/diario\/wp-content\/uploads\/2021\/12\/JLSarasola_entrevista-2048x1365.jpg 2048w\" sizes=\"auto, (max-width: 750px) 100vw, 750px\" \/><\/a><figcaption id=\"caption-attachment-30870078\" class=\"wp-caption-text\">Jos\u00e9 Luis Sarasola S\u00e1nchez-Serrano<\/figcaption><\/figure>\n<p>La Universidad Pablo de Olavide, desde el vicerrectorado de Cultura y Pol\u00edticas Sociales, con la colaboraci\u00f3n y el apoyo del Ayuntamiento de Sevilla, da un nuevo paso para impulsar la transformaci\u00f3n social de uno de los entornos m\u00e1s desfavorecidos de la ciudad, el Pol\u00edgono Sur. Con la creaci\u00f3n del Espacio de Innovaci\u00f3n Social, Cultural y Tecnol\u00f3gico Flora Trist\u00e1n, la UPO pone en marcha un proyecto abierto con la idea de mejorar este barrio a trav\u00e9s del emprendimiento en econom\u00eda social, la colaboraci\u00f3n vecinal, la formaci\u00f3n y la solidaridad. <strong>Jos\u00e9 Luis Sarasola S\u00e1nchez-Serrano, director general de Innovaci\u00f3n Social de la Universidad y director de la Residencia Flora Trist\u00e1n<\/strong>, comenta en esta entrevista algunos detalles del nuevo Espacio.<\/p>\n<p><strong>El nuevo Espacio de Innovaci\u00f3n Social, Cultural y Tecnol\u00f3gico Flora Trist\u00e1n nace con unos objetivos muy ambiciosos \u00bfpor qu\u00e9 apelar a la innovaci\u00f3n social justamente en uno de los entornos m\u00e1s degradados y con menores recursos?<br \/>\n<\/strong>Todo evoluciona y hoy es necesario desarrollar otras ideas y modelos para cubrir las necesidades de la ciudadan\u00eda. Es en ese sentido que necesitamos formular nuevas iniciativas junto a los distintos agentes socioecon\u00f3micos para poder avanzar. La Universidad tiene el encargo de la sociedad de formar profesionales, investigar y transferir conocimientos y metodolog\u00edas de intervenci\u00f3n y aqu\u00ed es donde el Espacio de Innovaci\u00f3n Social, Cultural y Tecnol\u00f3gico Flora Trist\u00e1n se va a mover.<\/p>\n<p><strong>La idea es aunar los esfuerzos de administraciones p\u00fablicas, empresas, sociedad civil y academia para impulsar la transformaci\u00f3n del barrio. A d\u00eda de hoy, \u00bfcon qu\u00e9 apoyo cuenta el Espacio y c\u00f3mo se tratar\u00e1 de implicar a m\u00e1s entidades?<br \/>\n<\/strong>La idea es llevar al Pol\u00edgono Sur y otras zonas de transformaci\u00f3n social de Sevilla un programa de actividades, consensuados con la administraci\u00f3n p\u00fablica y la sociedad civil para el avance del bienestar social en el Pol\u00edgono Sur y en otras \u00e1reas de Sevilla. Esta idea ha sido muy bien acogida por la Delegaci\u00f3n de Bienestar Social, Empleo y Planes Integrales en Zonas de Transformaci\u00f3n Social del Ayuntamiento de Sevilla, por colegios profesionales como el Colegio Oficial de Trabajo Social de Sevilla, entidades de econom\u00eda social como Aret\u00e9, La Caixa y otras entidades que ir\u00e1n sum\u00e1ndose porque es un proyecto abierto a la participaci\u00f3n basado en la co-gobernanza.<\/p>\n<p><strong>Uno de los pilares del proyecto es la creaci\u00f3n de una consultor\u00eda especializada y un observatorio sobre emprendimiento social colectivo, \u00bftiene la econom\u00eda social y colaborativa potencial suficiente para impulsar el desarrollo de la zona teniendo en cuenta su nivel socioecon\u00f3mico?<br \/>\n<\/strong>Por supuesto, contamos con personas que nos ayudar\u00e1n en este cometido entre los que puedo citar a personas como Mar\u00eda Paz Lagares y David Pino, directores de Empleo y de Innovaci\u00f3n, respectivamente del Ayuntamiento de Sevilla, Alfonso Bl\u00e1zquez, de la Fundaci\u00f3n Universidad Pablo de Olavide, Juan Manuel Gonz\u00e1lez coordinador de programas Eracis o Pepe Ariza, de la Escuela de Econom\u00eda Social.<\/p>\n<p>Desde este Observatorio se asesorar\u00e1n experiencias innovadoras e inicialmente trataremos de poner en marcha un Fab-Lab, acompa\u00f1ados con empresas de inserci\u00f3n que desarrollan itinerarios con colectivos en riesgo de exclusi\u00f3n social. Tambi\u00e9n potenciaremos formaci\u00f3n de poblaci\u00f3n sin titulaci\u00f3n en el Pol\u00edgono Sur para ayudarlos en la preparaci\u00f3n de oposiciones\u2026 Y no perdemos de vista el componente de investigaci\u00f3n junto al propio Ayuntamiento y la Junta de Andaluc\u00eda, como mejor forma de obtener informaci\u00f3n contrastada que nos sirva para orientar las distintas pol\u00edticas.<\/p>\n<blockquote><p>\u00abPara tener \u00e9xito tenemos que implicar a la comunidad, no sustituirla. Hemos de impulsar la participaci\u00f3n de la ciudadan\u00eda, escuchar sus demandas, trabajar junto con los vecinos y vecinas\u00bb<\/p><\/blockquote>\n<p><strong>Precisamente la educaci\u00f3n y la formaci\u00f3n constituyen otra de las bases del proyecto para transformar la realidad del barrio \u00bflo ve posible sin una gran inversi\u00f3n econ\u00f3mica detr\u00e1s?<br \/>\n<\/strong>Este aspecto tambi\u00e9n tendr\u00e1 cabida en el Espacio de Innovaci\u00f3n Social, Cultural y Tecnol\u00f3gico Flora Trist\u00e1n. Los s\u00e1bados y domingos por la ma\u00f1ana seguiremos con el proyecto financiado por la Delegaci\u00f3n Municipal de Educaci\u00f3n que consiste en abrir nuestra biblioteca para ofrecer un espacio de estudio y formaci\u00f3n a ni\u00f1os, ni\u00f1as y j\u00f3venes del Pol\u00edgono Sur que carezcan de un ambiente adecuado y posibilidades de estudio en sus domicilios. Contamos para ello con residentes colaboradores, estudiantes en pr\u00e1cticas y voluntarios de la Oficina de Voluntariado de la UPO que posibilitan la actividad.<\/p>\n<p>Este curso tambi\u00e9n tenemos m\u00e1s de treinta estudiantes en pr\u00e1cticas de la Facultad de Ciencias Sociales y de los m\u00e1steres de Mediaci\u00f3n: Estrategia de Resoluci\u00f3n de Conflictos, Intervenci\u00f3n Social, Gerontolog\u00eda: direcci\u00f3n y Gesti\u00f3n de Centros Gerontol\u00f3gicos\u2026entre otros. Junto a nuestros residentes colaboradores realizar\u00e1n tareas en colegios, institutos y en prevenci\u00f3n del absentismo escolar y facilitando el apoyo y la inserci\u00f3n social. Nuestro t\u00e9cnico de la Residencia Flora Trist\u00e1n Miguel \u00c1ngel Escobar los coordina, supervisa y dirige con gran eficacia y maestr\u00eda. Tenemos pues una fuerte base de trabajo voluntario y colaboradores muy comprometidos que nos permiten sacar adelante los proyectos con solvencia. No obstante, tratamos de conseguir mayor financiaci\u00f3n y para ello concurrimos a proyectos en distintas convocatorias del Ayuntamiento de Sevilla, la Junta de Andaluc\u00eda, Fundaci\u00f3n La Caixa y otras.<\/p>\n<p><strong>Colaboraci\u00f3n, voluntariado, emprendimiento colectivo, proyectos comunitarios, redes vecinales\u2026 El Espacio de Innovaci\u00f3n Social, Cultural y Tecnol\u00f3gico Flora Trist\u00e1n apela a la transformaci\u00f3n desde dentro m\u00e1s que a la intervenci\u00f3n externa para mejorar el Pol\u00edgono Sur \u00bfc\u00f3mo dinamizar a la sociedad civil para que el proyecto tenga \u00e9xito?<br \/>\n<\/strong>Para tener \u00e9xito tenemos que implicar a la comunidad, no sustituirla. Hemos de impulsar la participaci\u00f3n de la ciudadan\u00eda, escuchar sus demandas, trabajar junto con los vecinos y vecinas\u2026 Llevamos un a\u00f1o trabajando a fondo con el tejido asociativo y conociendo el Pol\u00edgono Sur en esta nueva realidad post-pandemia, estableciendo reuniones, visitas, contactos con entidades y las colaboraciones m\u00e1s diversas. Estando muy presentes en el barrio, desde el estudio de la comunidad y sus recursos, ya hemos dejado muy claro que no pretendemos ser competencia de nadie, de ninguna entidad, estamos en \u00e1reas y proyectos que nadie realiza y nos complementamos muy bien. Creo que la clave es establecer una relaci\u00f3n de confianza mutua y trabajo en red, y en ello estamos.<\/p>\n<blockquote><p>\u00abNos planteamos un nuevo enfoque de innovaci\u00f3n social, alternativo al asistencialismo\u00bb<\/p><\/blockquote>\n<p><strong>La Universidad Pablo de Olavide apost\u00f3 por el Pol\u00edgono Sur con un proyecto que ahora dirige, la Residencia Universitaria Flora Trist\u00e1n, y que se ha convertido en referente por impulsar el cambio mediante el voluntariado de los estudiantes y la cooperaci\u00f3n con los vecinos y las entidades del barrio. \u00bfQu\u00e9 retos afronta y qu\u00e9 proyectos se plantean para el futuro?<br \/>\n<\/strong>El vicerrectorado de Cultura y Pol\u00edticas Sociales se ha marcado como l\u00ednea estrat\u00e9gica consolidar a la UPO como un referente en Innovaci\u00f3n Social y para ello se concibe a la Flora Trist\u00e1n como incubadora para el desarrollo de nuevas iniciativas sociales de inter\u00e9s colectivo. Desarrollaremos un sinf\u00edn de actuaciones de econom\u00eda colaborativa y planteamos proyectos en favor de la participaci\u00f3n de las personas mayores, proyectos de mediaci\u00f3n, de impulso laboral, proyectos comunitarios, proyectos de recuperaci\u00f3n de espacios y de reducci\u00f3n del absentismo. No obstante, me gustar\u00eda se\u00f1alar tres actuaciones concretas para el corto plazo: la creaci\u00f3n de un Servicio de Mediaci\u00f3n, que ofrecer\u00e1 actuaciones a toda la comunidad universitaria, y a los vecinos y vecinas del Pol\u00edgono Sur; la potenciaci\u00f3n de un Banco del Tiempo, como herramienta de econom\u00eda colaborativa; y el proyecto de Altas Capacidades, para favorecer el capital social de los j\u00f3venes de la zona.<\/p>\n<p><strong>Adem\u00e1s de profesor del Departamento de Trabajo Social y Servicios Sociales de la UPO, usted preside actualmente el Colegio Oficial de Trabajo Social de Sevilla y es trabajador social desde 1985. Como profesional y acad\u00e9mico, \u00bfc\u00f3mo valora que despu\u00e9s de m\u00e1s de 40 a\u00f1os de democracia <a href=\"https:\/\/www.diariodesevilla.es\/sevilla\/Poligono-Sur-Pajaritos-barrios-pobres-Espana-INE_0_1577542755.html\">el Pol\u00edgono Sur sea el barrio m\u00e1s pobre del pa\u00eds<\/a>? \u00bfEn qu\u00e9 estamos fracasando para que esta situaci\u00f3n perdure a pesar de los avances de nuestro pa\u00eds?<br \/>\n<\/strong>Efectivamente, el Pol\u00edgono Sur se encuentra en la \u00faltima posici\u00f3n por ser, seg\u00fan el Instituto Nacional de Estad\u00edstica, el barrio m\u00e1s pobre de toda Espa\u00f1a. Una de las causas es que las personas que mejoran laboral y educativamente, en su mayor\u00eda, abandonan el barrio. A su vez, han aparecido fen\u00f3menos como el cultivo de sustancias estupefacientes, que es un tema delincuencial complejo. Hay que ser autocr\u00edticos con el desarrollo de las distintas pol\u00edticas sociales y laborales, tambi\u00e9n con las nuestras, porque lo cierto es que no han conseguido un despegue en cuanto al bienestar social y la consolidaci\u00f3n del empleo en todos estos a\u00f1os. Precisamente por eso nos planteamos un nuevo enfoque de innovaci\u00f3n social, alternativo al asistencialismo que a\u00fan persiste en determinados contextos. El reto que tenemos por delante ciertamente no es f\u00e1cil, pero con el equipo que tenemos en el vicerrectorado de Cultura y Pol\u00edticas Sociales y en la propia residencia Flora Trist\u00e1n, estoy convencido de que conseguiremos resultados positivos.<\/p>\n<p>&nbsp;<\/p>\n","protected":false},"excerpt":{"rendered":"<p>La Universidad Pablo de Olavide, desde el vicerrectorado de Cultura y Pol\u00edticas Sociales, con la colaboraci\u00f3n y el apoyo del Ayuntamiento de Sevilla, da un nuevo paso para impulsar la transformaci\u00f3n social de uno de los entornos m\u00e1s desfavorecidos de la ciudad, el Pol\u00edgono Sur. Con la creaci\u00f3n del Espacio de Innovaci\u00f3n Social, Cultural y Tecnol\u00f3gico Flora Trist\u00e1n, la UPO pone en marcha un proyecto abierto con la idea de mejorar este barrio a trav\u00e9s del emprendimiento en econom\u00eda social, la colaboraci\u00f3n vecinal, la formaci\u00f3n y la solidaridad. Jos\u00e9 Luis Sarasola S\u00e1nchez-Serrano, director general de Innovaci\u00f3n Social de la Universidad y director de la Residencia Flora Trist\u00e1n, comenta en esta entrevista algunos detalles del nuevo Espacio.<\/p>\n","protected":false},"author":6,"featured_media":30870078,"comment_status":"closed","ping_status":"open","sticky":false,"template":"","format":"standard","meta":{"_monsterinsights_skip_tracking":false,"_monsterinsights_sitenote_active":false,"_monsterinsights_sitenote_note":"","_monsterinsights_sitenote_category":0,"footnotes":""},"categories":[24],"tags":[621,3935,357,1064,7194],"class_list":["post-30870077","post","type-post","status-publish","format-standard","has-post-thumbnail","hentry","category-entrevista","tag-ayuntamiento-de-sevilla","tag-jose-luis-sarasola","tag-poligono-sur","tag-residencia-flora-tristan","tag-vicerrectorado-de-cultura-y-politicas-sociales"],"_links":{"self":[{"href":"https:\/\/www.upo.es\/diario\/wp-json\/wp\/v2\/posts\/30870077","targetHints":{"allow":["GET"]}}],"collection":[{"href":"https:\/\/www.upo.es\/diario\/wp-json\/wp\/v2\/posts"}],"about":[{"href":"https:\/\/www.upo.es\/diario\/wp-json\/wp\/v2\/types\/post"}],"author":[{"embeddable":true,"href":"https:\/\/www.upo.es\/diario\/wp-json\/wp\/v2\/users\/6"}],"replies":[{"embeddable":true,"href":"https:\/\/www.upo.es\/diario\/wp-json\/wp\/v2\/comments?post=30870077"}],"version-history":[{"count":9,"href":"https:\/\/www.upo.es\/diario\/wp-json\/wp\/v2\/posts\/30870077\/revisions"}],"predecessor-version":[{"id":30870087,"href":"https:\/\/www.upo.es\/diario\/wp-json\/wp\/v2\/posts\/30870077\/revisions\/30870087"}],"wp:featuredmedia":[{"embeddable":true,"href":"https:\/\/www.upo.es\/diario\/wp-json\/wp\/v2\/media\/30870078"}],"wp:attachment":[{"href":"https:\/\/www.upo.es\/diario\/wp-json\/wp\/v2\/media?parent=30870077"}],"wp:term":[{"taxonomy":"category","embeddable":true,"href":"https:\/\/www.upo.es\/diario\/wp-json\/wp\/v2\/categories?post=30870077"},{"taxonomy":"post_tag","embeddable":true,"href":"https:\/\/www.upo.es\/diario\/wp-json\/wp\/v2\/tags?post=30870077"}],"curies":[{"name":"wp","href":"https:\/\/api.w.org\/{rel}","templated":true}]}}