{"id":30870096,"date":"2021-12-14T10:14:43","date_gmt":"2021-12-14T09:14:43","guid":{"rendered":"https:\/\/www.upo.es\/diario\/?p=30870096"},"modified":"2021-12-17T12:03:10","modified_gmt":"2021-12-17T11:03:10","slug":"ceremonia-de-graduacion-del-grado-en-nutricion-humana-y-dietetica-de-la-upo","status":"publish","type":"post","link":"https:\/\/www.upo.es\/diario\/comunidad\/2021\/12\/ceremonia-de-graduacion-del-grado-en-nutricion-humana-y-dietetica-de-la-upo\/","title":{"rendered":"Ceremonia de graduaci\u00f3n del Grado en Nutrici\u00f3n Humana y Diet\u00e9tica de la UPO"},"content":{"rendered":"<figure id=\"attachment_30870097\" aria-describedby=\"caption-attachment-30870097\" style=\"width: 750px\" class=\"wp-caption aligncenter\"><a href=\"https:\/\/www.upo.es\/diario\/wp-content\/uploads\/2021\/12\/UPO211213_324-scaled.jpg\"><img loading=\"lazy\" decoding=\"async\" class=\"wp-image-30870097 size-large\" src=\"https:\/\/www.upo.es\/diario\/wp-content\/uploads\/2021\/12\/UPO211213_324-750x500.jpg\" alt=\"\" width=\"750\" height=\"500\" srcset=\"https:\/\/www.upo.es\/diario\/wp-content\/uploads\/2021\/12\/UPO211213_324-750x500.jpg 750w, https:\/\/www.upo.es\/diario\/wp-content\/uploads\/2021\/12\/UPO211213_324-360x240.jpg 360w, https:\/\/www.upo.es\/diario\/wp-content\/uploads\/2021\/12\/UPO211213_324-768x512.jpg 768w, https:\/\/www.upo.es\/diario\/wp-content\/uploads\/2021\/12\/UPO211213_324-1536x1024.jpg 1536w, https:\/\/www.upo.es\/diario\/wp-content\/uploads\/2021\/12\/UPO211213_324-2048x1365.jpg 2048w, https:\/\/www.upo.es\/diario\/wp-content\/uploads\/2021\/12\/UPO211213_324-165x109.jpg 165w, https:\/\/www.upo.es\/diario\/wp-content\/uploads\/2021\/12\/UPO211213_324-1320x880.jpg 1320w\" sizes=\"auto, (max-width: 750px) 100vw, 750px\" \/><\/a><figcaption id=\"caption-attachment-30870097\" class=\"wp-caption-text\">Las promociones 2016\/20 y 2017\/21 del Grado en Nutrici\u00f3n Humana y Diet\u00e9tica.<\/figcaption><\/figure>\n<p>La ceremonia de graduaci\u00f3n de <strong>las<\/strong> <strong>promociones 2016\/20 y 2017\/21 del Grado en Nutrici\u00f3n Humana y Diet\u00e9tica <\/strong>de la Universidad Pablo de Olavide se celebr\u00f3 ayer lunes 13 de diciembre en el Paraninfo. El acto fue presidido por la decana de la Facultad de Ciencias Experimentales, Pilar Ortiz Calder\u00f3n.<\/p>\n<p><a href=\"https:\/\/www.upo.es\/diario\/wp-content\/uploads\/2021\/12\/UPO211213_012-scaled.jpg\"><img loading=\"lazy\" decoding=\"async\" class=\"alignright wp-image-30870098 size-medium\" src=\"https:\/\/www.upo.es\/diario\/wp-content\/uploads\/2021\/12\/UPO211213_012-360x239.jpg\" alt=\"\" width=\"360\" height=\"239\" srcset=\"https:\/\/www.upo.es\/diario\/wp-content\/uploads\/2021\/12\/UPO211213_012-360x239.jpg 360w, https:\/\/www.upo.es\/diario\/wp-content\/uploads\/2021\/12\/UPO211213_012-750x499.jpg 750w, https:\/\/www.upo.es\/diario\/wp-content\/uploads\/2021\/12\/UPO211213_012-768x511.jpg 768w, https:\/\/www.upo.es\/diario\/wp-content\/uploads\/2021\/12\/UPO211213_012-1536x1021.jpg 1536w, https:\/\/www.upo.es\/diario\/wp-content\/uploads\/2021\/12\/UPO211213_012-2048x1362.jpg 2048w, https:\/\/www.upo.es\/diario\/wp-content\/uploads\/2021\/12\/UPO211213_012-165x109.jpg 165w, https:\/\/www.upo.es\/diario\/wp-content\/uploads\/2021\/12\/UPO211213_012-1320x878.jpg 1320w\" sizes=\"auto, (max-width: 360px) 100vw, 360px\" \/><\/a>Los padrinos han sido el <strong>vicedecano del Colegio Profesional de Dietistas-Nutricionistas de Andaluc\u00eda Pabl\u00f3 A. L\u00f3pez C\u00e1ceres<\/strong> para la promoci\u00f3n 2016\/21 y el <strong>profesor del \u00c1rea de Nutrici\u00f3n y Bromatolog\u00eda de la UPO Javier Garc\u00eda Pereda<\/strong> para la promoci\u00f3n 2017\/21. A la ceremonia tambi\u00e9n asistieron Isabel Cerrillo Garc\u00eda, directora acad\u00e9mica del Grado en Nutrici\u00f3n Humana y Diet\u00e9tica y Genoveva Berna Amor\u00f3s, responsable del \u00c1rea de Nutrici\u00f3n y Bromatolog\u00eda de la UPO.<\/p>\n<p>Los estudiantes <strong>Manuel Reina Pablos<\/strong> y <strong>Marta Cubero Mesa<\/strong> pronunciaron el discurso en representaci\u00f3n del alumnado egresado. Un total de 74 egresados y egresadas han asistido a este acto con el que la Universidad Pablo de Olavide recupera una antigua tradici\u00f3n de las universidades europeas.<\/p>\n<p>&nbsp;<\/p>\n<p>&nbsp;<\/p>\n","protected":false},"excerpt":{"rendered":"<p>La ceremonia de graduaci\u00f3n de las promociones 2016\/20 y 2017\/21 del Grado en Nutrici\u00f3n Humana y Diet\u00e9tica de la Universidad Pablo de Olavide se celebr\u00f3 ayer lunes 13 de diciembre en el Paraninfo. El acto fue presidido por la decana de la Facultad de Ciencias Experimentales, Pilar Ortiz Calder\u00f3n.<\/p>\n","protected":false},"author":4,"featured_media":30870097,"comment_status":"closed","ping_status":"open","sticky":false,"template":"","format":"standard","meta":{"_monsterinsights_skip_tracking":false,"_monsterinsights_sitenote_active":false,"_monsterinsights_sitenote_note":"","_monsterinsights_sitenote_category":0,"footnotes":""},"categories":[5842],"tags":[581,122,1456,5042],"class_list":["post-30870096","post","type-post","status-publish","format-standard","has-post-thumbnail","hentry","category-comunidad","tag-ceremonia-de-egresados","tag-facultad-ciencias-experimentales","tag-grado-en-nutricion-humana-y-dietetica","tag-graduacion"],"_links":{"self":[{"href":"https:\/\/www.upo.es\/diario\/wp-json\/wp\/v2\/posts\/30870096","targetHints":{"allow":["GET"]}}],"collection":[{"href":"https:\/\/www.upo.es\/diario\/wp-json\/wp\/v2\/posts"}],"about":[{"href":"https:\/\/www.upo.es\/diario\/wp-json\/wp\/v2\/types\/post"}],"author":[{"embeddable":true,"href":"https:\/\/www.upo.es\/diario\/wp-json\/wp\/v2\/users\/4"}],"replies":[{"embeddable":true,"href":"https:\/\/www.upo.es\/diario\/wp-json\/wp\/v2\/comments?post=30870096"}],"version-history":[{"count":2,"href":"https:\/\/www.upo.es\/diario\/wp-json\/wp\/v2\/posts\/30870096\/revisions"}],"predecessor-version":[{"id":30870153,"href":"https:\/\/www.upo.es\/diario\/wp-json\/wp\/v2\/posts\/30870096\/revisions\/30870153"}],"wp:featuredmedia":[{"embeddable":true,"href":"https:\/\/www.upo.es\/diario\/wp-json\/wp\/v2\/media\/30870097"}],"wp:attachment":[{"href":"https:\/\/www.upo.es\/diario\/wp-json\/wp\/v2\/media?parent=30870096"}],"wp:term":[{"taxonomy":"category","embeddable":true,"href":"https:\/\/www.upo.es\/diario\/wp-json\/wp\/v2\/categories?post=30870096"},{"taxonomy":"post_tag","embeddable":true,"href":"https:\/\/www.upo.es\/diario\/wp-json\/wp\/v2\/tags?post=30870096"}],"curies":[{"name":"wp","href":"https:\/\/api.w.org\/{rel}","templated":true}]}}