{"id":30870109,"date":"2021-12-14T14:23:35","date_gmt":"2021-12-14T13:23:35","guid":{"rendered":"https:\/\/www.upo.es\/diario\/?p=30870109"},"modified":"2021-12-21T11:43:33","modified_gmt":"2021-12-21T10:43:33","slug":"el-comisionado-para-el-poligono-sur-visita-las-obras-y-mejoras-realizadas-en-la-residencia-universitaria-flora-tristan","status":"publish","type":"post","link":"https:\/\/www.upo.es\/diario\/cultura-social\/2021\/12\/el-comisionado-para-el-poligono-sur-visita-las-obras-y-mejoras-realizadas-en-la-residencia-universitaria-flora-tristan\/","title":{"rendered":"El Comisionado para el Pol\u00edgono Sur visita las obras y mejoras realizadas en la Residencia Universitaria Flora Trist\u00e1n"},"content":{"rendered":"<figure id=\"attachment_30870112\" aria-describedby=\"caption-attachment-30870112\" style=\"width: 750px\" class=\"wp-caption aligncenter\"><a href=\"https:\/\/www.upo.es\/diario\/wp-content\/uploads\/2021\/12\/IMG_7596.jpg\"><img loading=\"lazy\" decoding=\"async\" class=\"size-large wp-image-30870112\" src=\"https:\/\/www.upo.es\/diario\/wp-content\/uploads\/2021\/12\/IMG_7596-750x476.jpg\" alt=\"Jos\u00e9 Luis Sarasola, Jaime Bret\u00f3n y David Cobos \" width=\"750\" height=\"476\" srcset=\"https:\/\/www.upo.es\/diario\/wp-content\/uploads\/2021\/12\/IMG_7596-750x476.jpg 750w, https:\/\/www.upo.es\/diario\/wp-content\/uploads\/2021\/12\/IMG_7596-360x228.jpg 360w, https:\/\/www.upo.es\/diario\/wp-content\/uploads\/2021\/12\/IMG_7596-768x487.jpg 768w, https:\/\/www.upo.es\/diario\/wp-content\/uploads\/2021\/12\/IMG_7596.jpg 1200w\" sizes=\"auto, (max-width: 750px) 100vw, 750px\" \/><\/a><figcaption id=\"caption-attachment-30870112\" class=\"wp-caption-text\">Jos\u00e9 Luis Sarasola, Jaime Bret\u00f3n y David Cobos<\/figcaption><\/figure>\n<p>Este mediod\u00eda, <strong>el Comisionado para el Pol\u00edgono Sur ha visitado, junto al vicerrector de Cultura y Pol\u00edticas Sociales de la Universidad Pablo de Olavide, la Residencia Universitaria Flora Trist\u00e1n<\/strong> para conocer las mejoras realizadas en los \u00faltimos meses en este espacio que tras dieciocho a\u00f1os se ha convertido en palabras del propio rector \u201cen un potente proyecto socioeducativo al servicio de la ciudad de Sevilla\u201d y ha sido siempre uno de los referentes clave en las pol\u00edticas sociales de la Universidad.<\/p>\n<p>Durante la visita, en la que han estado acompa\u00f1ados por el director general de Innovaci\u00f3n Social de la UPO y director de la residencia, <strong>Jos\u00e9 Luis Sarasola<\/strong> y el coordinador de Cultura y Pol\u00edticas Sociales de la Fundaci\u00f3n UPO, <strong>Alfonso Bl\u00e1zquez<\/strong>, el comisionado para el Pol\u00edgono Sur, <strong>Jaime Bret\u00f3n<\/strong> ha destacado que \u201ces muy importante para el territorio, la apuesta y el compromiso de la UPO con Pol\u00edgono Sur, es una referencia de convivencia social y de trabajo comunitario con distintas entidades, apoyando fundamentalmente programas de educaci\u00f3n social en nuestro barrio\u201d.<\/p>\n<p><a href=\"https:\/\/www.upo.es\/diario\/wp-content\/uploads\/2021\/12\/IMG_7620.jpg\"><img loading=\"lazy\" decoding=\"async\" class=\"alignright wp-image-30870110\" src=\"https:\/\/www.upo.es\/diario\/wp-content\/uploads\/2021\/12\/IMG_7620-240x360.jpg\" alt=\"La Residencia Flora Trist\u00e1n, mural exterior\" width=\"320\" height=\"480\" srcset=\"https:\/\/www.upo.es\/diario\/wp-content\/uploads\/2021\/12\/IMG_7620-240x360.jpg 240w, https:\/\/www.upo.es\/diario\/wp-content\/uploads\/2021\/12\/IMG_7620-500x750.jpg 500w, https:\/\/www.upo.es\/diario\/wp-content\/uploads\/2021\/12\/IMG_7620-768x1152.jpg 768w, https:\/\/www.upo.es\/diario\/wp-content\/uploads\/2021\/12\/IMG_7620-1024x1536.jpg 1024w, https:\/\/www.upo.es\/diario\/wp-content\/uploads\/2021\/12\/IMG_7620.jpg 1200w\" sizes=\"auto, (max-width: 320px) 100vw, 320px\" \/><\/a><strong>Entre las mejoras realizadas en la Residencia destacan las obras de impermeabilizaci\u00f3n de cubiertas, pintado de paramentos verticales, balcones, patios interiores y castilletes, mejoras en los accesos, se\u00f1al\u00e9tica as\u00ed como la primera fase de obras de adecuaci\u00f3n de instalaciones para el nuevo Espacio de Innovaci\u00f3n Social, Cultural y Tecnol\u00f3gico Flora Trist\u00e1n<\/strong>, <a href=\"https:\/\/www.upo.es\/diario\/entrevista\/2021\/12\/jose-luis-sarasola-espacio-innovacion-social-flora-tristan\/\">un proyecto en colaboraci\u00f3n con el Ayuntamiento de Sevilla que tiene como objetivo impulsar la transformaci\u00f3n social de uno de los barrios m\u00e1s perjudicados de la capital andaluza<\/a>, el Pol\u00edgono Sur, mediante el emprendimiento en econom\u00eda social, la colaboraci\u00f3n vecinal, la formaci\u00f3n y la solidaridad. En total, la Universidad Pablo de Olavide ha realizado una inversi\u00f3n de 180 000 para todas estas mejoras.<\/p>\n<p>Adem\u00e1s, tambi\u00e9n se ha incorporado en la Residencia, como parte de esta renovaci\u00f3n, una <strong>muestra de arte encargada a Microlibre Producciones<\/strong>, empresa de artistas sevillanos dedicada a la organizaci\u00f3n de eventos relacionados con la Cultura Urbana, y autores de proyectos emblem\u00e1ticos en Sevilla como la intervenci\u00f3n en la estaci\u00f3n de autobuses Plaza de Armas, barriada Murillo del Pol\u00edgono Sur o las torres de Emasesa. En relaci\u00f3n a ello, el vicerrector de Cultura y Pol\u00edticas Sociales, David Cobos, ha comentado que \u201cel mural representa a una mujer joven con la que quer\u00edamos rememorar la fuerza e impulso de Flora Trist\u00e1n, pero traducidas a un lenguaje art\u00edstico actual. Hacer arte en este espacio era un reto y que el proyecto haya estado a cargo de artistas locales de prestigio, una apuesta clara por el modelo de Cultura Social que venimos impulsando desde la UPO\u201d.<\/p>\n","protected":false},"excerpt":{"rendered":"<p>Entre las mejoras realizadas en la Residencia destacan las obras de impermeabilizaci\u00f3n de cubiertas, pintado de paramentos verticales, balcones, patios interiores y castilletes, mejoras en los accesos, se\u00f1al\u00e9tica as\u00ed como la primera fase de obras de adecuaci\u00f3n de instalaciones para el nuevo Espacio de Innovaci\u00f3n Social, Cultural y Tecnol\u00f3gico Flora Trist\u00e1n.<\/p>\n","protected":false},"author":6,"featured_media":30870112,"comment_status":"closed","ping_status":"open","sticky":false,"template":"","format":"standard","meta":{"_monsterinsights_skip_tracking":false,"_monsterinsights_sitenote_active":false,"_monsterinsights_sitenote_note":"","_monsterinsights_sitenote_category":0,"footnotes":""},"categories":[5843],"tags":[6238,5150,3935,357,1064],"class_list":["post-30870109","post","type-post","status-publish","format-standard","has-post-thumbnail","hentry","category-cultura-social","tag-comisionado","tag-david-cobos-sanchiz","tag-jose-luis-sarasola","tag-poligono-sur","tag-residencia-flora-tristan"],"_links":{"self":[{"href":"https:\/\/www.upo.es\/diario\/wp-json\/wp\/v2\/posts\/30870109","targetHints":{"allow":["GET"]}}],"collection":[{"href":"https:\/\/www.upo.es\/diario\/wp-json\/wp\/v2\/posts"}],"about":[{"href":"https:\/\/www.upo.es\/diario\/wp-json\/wp\/v2\/types\/post"}],"author":[{"embeddable":true,"href":"https:\/\/www.upo.es\/diario\/wp-json\/wp\/v2\/users\/6"}],"replies":[{"embeddable":true,"href":"https:\/\/www.upo.es\/diario\/wp-json\/wp\/v2\/comments?post=30870109"}],"version-history":[{"count":2,"href":"https:\/\/www.upo.es\/diario\/wp-json\/wp\/v2\/posts\/30870109\/revisions"}],"predecessor-version":[{"id":30870113,"href":"https:\/\/www.upo.es\/diario\/wp-json\/wp\/v2\/posts\/30870109\/revisions\/30870113"}],"wp:featuredmedia":[{"embeddable":true,"href":"https:\/\/www.upo.es\/diario\/wp-json\/wp\/v2\/media\/30870112"}],"wp:attachment":[{"href":"https:\/\/www.upo.es\/diario\/wp-json\/wp\/v2\/media?parent=30870109"}],"wp:term":[{"taxonomy":"category","embeddable":true,"href":"https:\/\/www.upo.es\/diario\/wp-json\/wp\/v2\/categories?post=30870109"},{"taxonomy":"post_tag","embeddable":true,"href":"https:\/\/www.upo.es\/diario\/wp-json\/wp\/v2\/tags?post=30870109"}],"curies":[{"name":"wp","href":"https:\/\/api.w.org\/{rel}","templated":true}]}}