{"id":30870242,"date":"2021-12-20T11:08:11","date_gmt":"2021-12-20T10:08:11","guid":{"rendered":"https:\/\/www.upo.es\/diario\/?p=30870242"},"modified":"2021-12-20T11:08:32","modified_gmt":"2021-12-20T10:08:32","slug":"ceremonia-de-graduacion-del-doble-grado-en-derecho-hispano-aleman-y-el-doble-grado-en-derecho-y-ciencias-politicas-y-de-la-administracion","status":"publish","type":"post","link":"https:\/\/www.upo.es\/diario\/comunidad\/2021\/12\/ceremonia-de-graduacion-del-doble-grado-en-derecho-hispano-aleman-y-el-doble-grado-en-derecho-y-ciencias-politicas-y-de-la-administracion\/","title":{"rendered":"Ceremonia de graduaci\u00f3n del Doble Grado en Derecho Hispano-Alem\u00e1n y el Doble Grado en Derecho y Ciencias Pol\u00edticas"},"content":{"rendered":"<figure id=\"attachment_30870243\" aria-describedby=\"caption-attachment-30870243\" style=\"width: 750px\" class=\"wp-caption aligncenter\"><a href=\"https:\/\/www.upo.es\/diario\/wp-content\/uploads\/2021\/12\/UPO211217_147-scaled.jpg\"><img loading=\"lazy\" decoding=\"async\" class=\"wp-image-30870243 size-large\" src=\"https:\/\/www.upo.es\/diario\/wp-content\/uploads\/2021\/12\/UPO211217_147-750x500.jpg\" alt=\"\" width=\"750\" height=\"500\" srcset=\"https:\/\/www.upo.es\/diario\/wp-content\/uploads\/2021\/12\/UPO211217_147-750x500.jpg 750w, https:\/\/www.upo.es\/diario\/wp-content\/uploads\/2021\/12\/UPO211217_147-360x240.jpg 360w, https:\/\/www.upo.es\/diario\/wp-content\/uploads\/2021\/12\/UPO211217_147-768x512.jpg 768w, https:\/\/www.upo.es\/diario\/wp-content\/uploads\/2021\/12\/UPO211217_147-1536x1024.jpg 1536w, https:\/\/www.upo.es\/diario\/wp-content\/uploads\/2021\/12\/UPO211217_147-2048x1365.jpg 2048w, https:\/\/www.upo.es\/diario\/wp-content\/uploads\/2021\/12\/UPO211217_147-165x109.jpg 165w, https:\/\/www.upo.es\/diario\/wp-content\/uploads\/2021\/12\/UPO211217_147-1320x880.jpg 1320w\" sizes=\"auto, (max-width: 750px) 100vw, 750px\" \/><\/a><figcaption id=\"caption-attachment-30870243\" class=\"wp-caption-text\">La diplom\u00e1tica Soledad Rom\u00e1n P\u00e9rez-Moreira ha sido la madrina de las promociones.<\/figcaption><\/figure>\n<p>La ceremonia de graduaci\u00f3n de las promociones 2016\/20 y 2017\/21 del <strong>Doble<\/strong> <strong>Grado en Derecho Hispano-Alem\u00e1n con la Universidad de Bayreuth<\/strong> y de las promociones 2015\/2020 y 2016\/2021<strong> del Doble Grado en Derecho y Ciencias Pol\u00edticas y de la Administraci\u00f3n <\/strong>de la Universidad Pablo de Olavide se celebr\u00f3 el pasado viernes 17 de diciembre en el Paraninfo. El acto fue presidido por el catedr\u00e1tico de Derecho Internacional Privado y director acad\u00e9mico del Doble Grado en Derecho Hispano-Alem\u00e1n, Andr\u00e9s Rodr\u00edguez Benot.<\/p>\n<p>La madrina de las promociones ha sido <strong>la diplom\u00e1tica Soledad Rom\u00e1n P\u00e9rez-Moreira<\/strong>. A la ceremonia tambi\u00e9n asistieron Viviana Caruso Font\u00e1n, vicedecana de Calidad y Nuevas Tecnolog\u00edas de la Facultad de Derecho; Manuel Garc\u00eda Mu\u00f1oz, vicedecano de Pr\u00e1cticas y Orientaci\u00f3n Profesional del mismo centro y Guillem Colom Piella, director acad\u00e9mico del Grado en Ciencias Pol\u00edticas y de la Administraci\u00f3n.<\/p>\n<p><a href=\"https:\/\/www.upo.es\/diario\/wp-content\/uploads\/2021\/12\/UPO211217_335-scaled.jpg\"><img loading=\"lazy\" decoding=\"async\" class=\"alignright size-medium wp-image-30870244\" src=\"https:\/\/www.upo.es\/diario\/wp-content\/uploads\/2021\/12\/UPO211217_335-360x240.jpg\" alt=\"\" width=\"360\" height=\"240\" srcset=\"https:\/\/www.upo.es\/diario\/wp-content\/uploads\/2021\/12\/UPO211217_335-360x240.jpg 360w, https:\/\/www.upo.es\/diario\/wp-content\/uploads\/2021\/12\/UPO211217_335-750x500.jpg 750w, https:\/\/www.upo.es\/diario\/wp-content\/uploads\/2021\/12\/UPO211217_335-768x512.jpg 768w, https:\/\/www.upo.es\/diario\/wp-content\/uploads\/2021\/12\/UPO211217_335-1536x1024.jpg 1536w, https:\/\/www.upo.es\/diario\/wp-content\/uploads\/2021\/12\/UPO211217_335-2048x1365.jpg 2048w, https:\/\/www.upo.es\/diario\/wp-content\/uploads\/2021\/12\/UPO211217_335-165x109.jpg 165w, https:\/\/www.upo.es\/diario\/wp-content\/uploads\/2021\/12\/UPO211217_335-1320x880.jpg 1320w\" sizes=\"auto, (max-width: 360px) 100vw, 360px\" \/><\/a>El alumno <strong>Javier Alfredo Ollero S\u00e1nchez<\/strong> del Doble Grado en Derecho Hispano-Alem\u00e1n y los estudiantes <strong>Jos\u00e9 Mar\u00eda Pe\u00f1a Pedrajas, Mar\u00eda Gonz\u00e1lez Correa y \u00c1ngela Rivera S\u00e1nchez-Palencia<\/strong> de Doble Grado en Derecho y Ciencias Pol\u00edticas y de la Administraci\u00f3n pronunciaron el discurso en representaci\u00f3n del alumnado egresado. Un total de 98 egresados y egresadas han asistido a este acto con el que la Universidad Pablo de Olavide recupera una antigua tradici\u00f3n de las universidades europeas.<\/p>\n","protected":false},"excerpt":{"rendered":"<p>La ceremonia de graduaci\u00f3n de las promociones 2016\/20 y 2017\/21 del Doble Grado en Derecho Hispano-Alem\u00e1n con la Universidad de Bayreuth y de las promociones 2015\/2020 y 2016\/2021 del Doble Grado en Derecho y Ciencias Pol\u00edticas y de la Administraci\u00f3n de la Universidad Pablo de Olavide se celebr\u00f3 el pasado viernes 17 de diciembre en el Paraninfo. El acto fue presidido por el catedr\u00e1tico de Derecho Internacional Privado y director acad\u00e9mico del Doble Grado en Derecho Hispano-Alem\u00e1n, Andr\u00e9s Rodr\u00edguez Benot.<\/p>\n","protected":false},"author":4,"featured_media":30870243,"comment_status":"closed","ping_status":"open","sticky":false,"template":"","format":"standard","meta":{"_monsterinsights_skip_tracking":false,"_monsterinsights_sitenote_active":false,"_monsterinsights_sitenote_note":"","_monsterinsights_sitenote_category":0,"footnotes":""},"categories":[5842],"tags":[581,5051,2379,81,5042],"class_list":["post-30870242","post","type-post","status-publish","format-standard","has-post-thumbnail","hentry","category-comunidad","tag-ceremonia-de-egresados","tag-doble-grado-en-derecho-hispano-aleman","tag-doble-grado-en-derecho-y-ciencias-politicas","tag-facultad-de-derecho","tag-graduacion"],"_links":{"self":[{"href":"https:\/\/www.upo.es\/diario\/wp-json\/wp\/v2\/posts\/30870242","targetHints":{"allow":["GET"]}}],"collection":[{"href":"https:\/\/www.upo.es\/diario\/wp-json\/wp\/v2\/posts"}],"about":[{"href":"https:\/\/www.upo.es\/diario\/wp-json\/wp\/v2\/types\/post"}],"author":[{"embeddable":true,"href":"https:\/\/www.upo.es\/diario\/wp-json\/wp\/v2\/users\/4"}],"replies":[{"embeddable":true,"href":"https:\/\/www.upo.es\/diario\/wp-json\/wp\/v2\/comments?post=30870242"}],"version-history":[{"count":2,"href":"https:\/\/www.upo.es\/diario\/wp-json\/wp\/v2\/posts\/30870242\/revisions"}],"predecessor-version":[{"id":30870246,"href":"https:\/\/www.upo.es\/diario\/wp-json\/wp\/v2\/posts\/30870242\/revisions\/30870246"}],"wp:featuredmedia":[{"embeddable":true,"href":"https:\/\/www.upo.es\/diario\/wp-json\/wp\/v2\/media\/30870243"}],"wp:attachment":[{"href":"https:\/\/www.upo.es\/diario\/wp-json\/wp\/v2\/media?parent=30870242"}],"wp:term":[{"taxonomy":"category","embeddable":true,"href":"https:\/\/www.upo.es\/diario\/wp-json\/wp\/v2\/categories?post=30870242"},{"taxonomy":"post_tag","embeddable":true,"href":"https:\/\/www.upo.es\/diario\/wp-json\/wp\/v2\/tags?post=30870242"}],"curies":[{"name":"wp","href":"https:\/\/api.w.org\/{rel}","templated":true}]}}