{"id":30870256,"date":"2021-12-21T16:12:14","date_gmt":"2021-12-21T15:12:14","guid":{"rendered":"https:\/\/www.upo.es\/diario\/?p=30870256"},"modified":"2022-01-10T15:00:22","modified_gmt":"2022-01-10T14:00:22","slug":"el-rector-destaca-en-consejo-de-gobierno-la-capacidad-de-la-upo-para-hacer-frente-a-cualquier-escenario-que-marque-la-pandemia","status":"publish","type":"post","link":"https:\/\/www.upo.es\/diario\/institucional\/2021\/12\/el-rector-destaca-en-consejo-de-gobierno-la-capacidad-de-la-upo-para-hacer-frente-a-cualquier-escenario-que-marque-la-pandemia\/","title":{"rendered":"El rector destaca en Consejo de Gobierno la capacidad de la UPO para hacer frente a cualquier escenario que marque la pandemia"},"content":{"rendered":"<p style=\"text-align: left;\"><a href=\"https:\/\/www.upo.es\/diario\/wp-content\/uploads\/2021\/12\/CG_20211221_1-scaled.jpg\"><img loading=\"lazy\" decoding=\"async\" class=\"aligncenter wp-image-30870257 size-large\" src=\"https:\/\/www.upo.es\/diario\/wp-content\/uploads\/2021\/12\/CG_20211221_1-750x422.jpg\" alt=\"\" width=\"750\" height=\"422\" srcset=\"https:\/\/www.upo.es\/diario\/wp-content\/uploads\/2021\/12\/CG_20211221_1-750x422.jpg 750w, https:\/\/www.upo.es\/diario\/wp-content\/uploads\/2021\/12\/CG_20211221_1-360x203.jpg 360w, https:\/\/www.upo.es\/diario\/wp-content\/uploads\/2021\/12\/CG_20211221_1-768x432.jpg 768w, https:\/\/www.upo.es\/diario\/wp-content\/uploads\/2021\/12\/CG_20211221_1-1536x864.jpg 1536w, https:\/\/www.upo.es\/diario\/wp-content\/uploads\/2021\/12\/CG_20211221_1-2048x1152.jpg 2048w\" sizes=\"auto, (max-width: 750px) 100vw, 750px\" \/><\/a>El rector de la Universidad Pablo de Olavide, Francisco Oliva Bl\u00e1zquez, durante la d\u00e9cima tercera sesi\u00f3n de Consejo de Gobierno celebrada hoy martes 21 de diciembre, ha comunicado a los asistentes cu\u00e1les han sido los diferentes asuntos que han centrado el inter\u00e9s de la instituci\u00f3n durante este mes, comenzando su intervenci\u00f3n <strong>con la incidencia de la pandemia en la vida acad\u00e9mica de la Universidad. <\/strong><\/p>\n<p>As\u00ed, en primer lugar, ha indicado que la instituci\u00f3n contin\u00faa con el mismo marco jur\u00eddico establecido por la Gu\u00eda de la Consejer\u00eda de Salud y Familias de septiembre de 2021, cuando la provincia estaba en nivel de alerta 1, el mismo en el que se encuentra actualmente. Durante estos d\u00edas, se est\u00e1 exigiendo en las cafeter\u00edas de la instituci\u00f3n el certificado de vacunaci\u00f3n, siguiendo la Orden de la Consejer\u00eda de Salud y Familia de 16 de diciembre de 2021.<\/p>\n<p>Francisco Oliva ha destacado en este sentido el estudio llevado a cabo por el \u00c1rea de Salud y Prevenci\u00f3n sobre el nivel de CO<sub>2<\/sub> de las aulas y que concluye con una excelencia de la calidad del aire gracias a la ventilaci\u00f3n en estos espacios. En enero, ha anunciado, se realizar\u00e1 tambi\u00e9n un seguimiento del sistema de las aulas en caso de que la Junta de Andaluc\u00eda dictaminase la docencia dual.<\/p>\n<p>En lo que se refiere a la gesti\u00f3n de los ex\u00e1menes, desde el Vicerrectorado de Estrategia y Planificaci\u00f3n Acad\u00e9mica se articular\u00e1 la mejor soluci\u00f3n de las distintas que se est\u00e1n barajando y se comunicar\u00e1 a toda la comunidad universitaria. En cualquier caso, ha subrayado la idea de que la Universidad est\u00e1 preparada para cualquiera de los escenarios que marque la evoluci\u00f3n de la pandemia.<\/p>\n<p>Por otro lado, Francisco Oliva ha informado sobre una <strong>convocatoria de I+D+i de car\u00e1cter auton\u00f3mico <\/strong>para los meses de enero y febrero, as\u00ed como la convocatoria de 7,5 millones de euro del <strong>programa Emergia<\/strong> para incorporar investigadores al sistema andaluz de investigaci\u00f3n.<\/p>\n<p><a href=\"https:\/\/www.upo.es\/diario\/wp-content\/uploads\/2021\/12\/CG_20211221_2-scaled.jpg\"><img loading=\"lazy\" decoding=\"async\" class=\"size-medium wp-image-30870258 alignright\" src=\"https:\/\/www.upo.es\/diario\/wp-content\/uploads\/2021\/12\/CG_20211221_2-360x202.jpg\" alt=\"\" width=\"360\" height=\"202\" srcset=\"https:\/\/www.upo.es\/diario\/wp-content\/uploads\/2021\/12\/CG_20211221_2-360x202.jpg 360w, https:\/\/www.upo.es\/diario\/wp-content\/uploads\/2021\/12\/CG_20211221_2-750x422.jpg 750w, https:\/\/www.upo.es\/diario\/wp-content\/uploads\/2021\/12\/CG_20211221_2-768x432.jpg 768w, https:\/\/www.upo.es\/diario\/wp-content\/uploads\/2021\/12\/CG_20211221_2-1536x864.jpg 1536w, https:\/\/www.upo.es\/diario\/wp-content\/uploads\/2021\/12\/CG_20211221_2-2048x1152.jpg 2048w\" sizes=\"auto, (max-width: 360px) 100vw, 360px\" \/><\/a>En cuanto a la <strong>Alianza de Universidades Europeas<\/strong>, el rector ha anunciado que ya est\u00e1 en marcha la convocatoria y que se han incorporado tres universidades, siguiendo la estrategia marcada por la Uni\u00f3n Europea. \u201cSomos 11 universidades y a mediados de enero los once rectores nos reuniremos en Burdeos para culminar la solicitud el proyecto\u201d, ha subrayado.<\/p>\n<p>De otra parte, el rector ha informado sobre el viaje a Dub\u00e1i al que hab\u00eda sido invitado tanto \u00e9l como la vicerrectora de Estudiantes y el vicerrector de Internacionalizaci\u00f3n, junto a otros rectores y vicerrectores de otras muchas universidades con motivo de la <strong>semana de la educaci\u00f3n en \u2018Expo Dub\u00e1i 2020\u2019<\/strong>. Entre las reuniones celebradas, ha destacado dos como \u201cmuy positivas\u201d: la mantenida con nueve rectores de universidades colombianas para realizar acuerdos de movilidad y la celebrada con la Universidad de Dub\u00e1i, para poner en marcha programas conjuntos tambi\u00e9n en esta materia.<\/p>\n<p>En el \u00e1mbito de sostenibilidad, ha aclarado que <strong>la licitaci\u00f3n de la planta fotovoltaica en el campus est\u00e1 en marcha<\/strong> y que su concurso debe resolverse en los pr\u00f3ximos meses.<\/p>\n<p>Adem\u00e1s,\u00a0 ha informado sobre la <strong>resoluci\u00f3n de la \u00faltima convocatoria del programa Erasmus+ <\/strong>al que concurri\u00f3 la Universidad con diversos proyectos.\u00a0 La UPO ha obtenido un gran \u00e9xito al conseguir financiaci\u00f3n para diversos proyectos, entre los que destaca el de \u2018Universidades por el Desarrollo Sostenible\u2019.<\/p>\n<p>Por \u00faltimo, tambi\u00e9n ha hecho referencia a otras novedades de las \u00faltimas semanas como son la firma con el Ayuntamiento de Sevilla para la creaci\u00f3n del<strong> Espacio de Innovaci\u00f3n Social, Cultural y Tecnol\u00f3gico de la Residencia Universitaria Flora Trist\u00e1n<\/strong>, la exposici\u00f3n sobre los <strong>250 a\u00f1os del Plano de Olavide<\/strong> que puede visitarse en la Alameda de H\u00e9rcules de la capital hispalense o la puesta en marcha de \u2018<strong>CuboUpoFit<\/strong>, un espacio de entrenamiento al aire libre entre los edificios 26 y 27.<\/p>\n<p><strong>Distinciones a miembros de la comunidad universitaria<\/strong><\/p>\n<p>Tras el Informe del rector, el Consejo de Gobierno ha aprobado diferentes cuestiones entre las que se encuentra la concesi\u00f3n de distinciones a miembros de la comunidad universitaria por sus servicios prestados a la instituci\u00f3n.<\/p>\n<p>As\u00ed, se han concedido las <strong>Insignias Oro Olavide<\/strong> a las personas que se han jubilado y han prestado sus servicios durante m\u00e1s de 20 a\u00f1os en la UPO: <strong>Rosal\u00eda Mart\u00ednez Garc\u00eda, Luc\u00eda Mill\u00e1n Moro, Carmen Borreguero G\u00f3mez, Inmaculada P\u00e9rez-Vera Manuela, Maximiliano Jim\u00e9nez Campelo, Emilia Muriel Sicilia<\/strong> y<strong> Eugenio Ramos T\u00e9llez<\/strong>.<\/p>\n<p>Las <strong>Insignias de Plata<\/strong> (m\u00e1s de 15 a\u00f1os al servicio de la Universidad) han sido otorgadas a <strong>Jos\u00e9 Ignacio Morillo-Velarde P\u00e9rez, Mar\u00eda Luisa de los R\u00edos Torrelo, Pedro Jos\u00e9 Gonz\u00e1lez Torres <\/strong>y<strong> Jos\u00e9 Luis Pav\u00f3n Fern\u00e1ndez<\/strong>.<\/p>\n<p>Asimismo, se ha aprobado la concesi\u00f3n de tres <strong>Medallas al M\u00e9rito<\/strong>: a <strong>Carmen Baena D\u00edaz, Eduardo Santero Santurino <\/strong>y<strong> Arsenio Moreno Mendoza.<\/strong> Esta \u00faltima, a t\u00edtulo p\u00f3stumo.<\/p>\n<p>Adem\u00e1s, por primera vez en su historia, en Consejo de Gobierno ha aprobado la concesi\u00f3n de dos <strong>Diplomas Olavide al M\u00e9rito<\/strong>, que han reca\u00eddo en <strong>Alfredo Cort\u00e9s Mira<\/strong>, en reconocimiento a su labor durante la pandemia y a <strong>Antonio Cordob\u00e9s Carmona<\/strong>, por su entrega como secretario de la Comisi\u00f3n Covid-19 de la instituci\u00f3n.<\/p>\n<p>Finalmente, el rector ha mostrado sus condolencias por el reciente fallecimiento de la profesora <strong>Bel\u00e9n Mart\u00ednez Ferrer<\/strong>, del Departamento de Educaci\u00f3n y Psicolog\u00eda Social de la Universidad.<\/p>\n<p><strong>M\u00e1s informaci\u00f3n:<\/strong> Todos los acuerdos que se han adoptado por el Consejo de Gobierno de la Universidad Pablo de Olavide pueden consultar los en el espacio \u2018Acuerdos\u2019 de la p\u00e1gina web de Secretar\u00eda General.<\/p>\n<p><a href=\"https:\/\/www.upo.es\/organos-colegiados\/consejo-de-gobierno\/informes-acuerdos-y-actas\/acuerdos\/2021\/\">https:\/\/www.upo.es\/organos-colegiados\/consejo-de-gobierno\/informes-acuerdos-y-actas\/acuerdos\/2021\/<\/a><\/p>\n<p>&nbsp;<\/p>\n","protected":false},"excerpt":{"rendered":"<p>El rector de la Universidad Pablo de Olavide, Francisco Oliva Bl\u00e1zquez, durante la d\u00e9cima tercera sesi\u00f3n de Consejo de Gobierno celebrada hoy martes 21 de diciembre, ha comunicado a los asistentes cu\u00e1les han sido los diferentes asuntos que han centrado el inter\u00e9s de la instituci\u00f3n durante este mes, comenzando su intervenci\u00f3n con la incidencia de la pandemia en la vida acad\u00e9mica de la Universidad.<\/p>\n","protected":false},"author":15,"featured_media":30870258,"comment_status":"closed","ping_status":"open","sticky":false,"template":"","format":"standard","meta":{"_monsterinsights_skip_tracking":false,"_monsterinsights_sitenote_active":false,"_monsterinsights_sitenote_note":"","_monsterinsights_sitenote_category":0,"footnotes":""},"categories":[6],"tags":[7703,7705,102,6601,7137,7709,7706,7704,7707,7708,7702],"class_list":["post-30870256","post","type-post","status-publish","format-standard","has-post-thumbnail","hentry","category-institucional","tag-alianza-de-universidades-europeas","tag-concesion","tag-consejo-de-gobierno","tag-covid-19","tag-diciembre","tag-diplomas-al-merito","tag-distinciones","tag-expo-dubai","tag-insignias","tag-medallas-al-merito","tag-pasaporte-covid"],"_links":{"self":[{"href":"https:\/\/www.upo.es\/diario\/wp-json\/wp\/v2\/posts\/30870256","targetHints":{"allow":["GET"]}}],"collection":[{"href":"https:\/\/www.upo.es\/diario\/wp-json\/wp\/v2\/posts"}],"about":[{"href":"https:\/\/www.upo.es\/diario\/wp-json\/wp\/v2\/types\/post"}],"author":[{"embeddable":true,"href":"https:\/\/www.upo.es\/diario\/wp-json\/wp\/v2\/users\/15"}],"replies":[{"embeddable":true,"href":"https:\/\/www.upo.es\/diario\/wp-json\/wp\/v2\/comments?post=30870256"}],"version-history":[{"count":2,"href":"https:\/\/www.upo.es\/diario\/wp-json\/wp\/v2\/posts\/30870256\/revisions"}],"predecessor-version":[{"id":30870260,"href":"https:\/\/www.upo.es\/diario\/wp-json\/wp\/v2\/posts\/30870256\/revisions\/30870260"}],"wp:featuredmedia":[{"embeddable":true,"href":"https:\/\/www.upo.es\/diario\/wp-json\/wp\/v2\/media\/30870258"}],"wp:attachment":[{"href":"https:\/\/www.upo.es\/diario\/wp-json\/wp\/v2\/media?parent=30870256"}],"wp:term":[{"taxonomy":"category","embeddable":true,"href":"https:\/\/www.upo.es\/diario\/wp-json\/wp\/v2\/categories?post=30870256"},{"taxonomy":"post_tag","embeddable":true,"href":"https:\/\/www.upo.es\/diario\/wp-json\/wp\/v2\/tags?post=30870256"}],"curies":[{"name":"wp","href":"https:\/\/api.w.org\/{rel}","templated":true}]}}