{"id":30870283,"date":"2021-12-23T13:59:46","date_gmt":"2021-12-23T12:59:46","guid":{"rendered":"https:\/\/www.upo.es\/diario\/?p=30870283"},"modified":"2022-01-07T13:35:09","modified_gmt":"2022-01-07T12:35:09","slug":"francisco-oliva-y-maria-jose-parejo-miembros-de-la-comision-de-garantia-y-evaluacion-para-la-prestacion-de-ayuda-a-morir-en-andalucia","status":"publish","type":"post","link":"https:\/\/www.upo.es\/diario\/comunidad\/2021\/12\/francisco-oliva-y-maria-jose-parejo-miembros-de-la-comision-de-garantia-y-evaluacion-para-la-prestacion-de-ayuda-a-morir-en-andalucia\/","title":{"rendered":"Francisco Oliva y Mar\u00eda Jos\u00e9 Parejo, miembros de la Comisi\u00f3n de Garant\u00eda y Evaluaci\u00f3n para la prestaci\u00f3n de ayuda a morir en Andaluc\u00eda"},"content":{"rendered":"<figure id=\"attachment_30870284\" aria-describedby=\"caption-attachment-30870284\" style=\"width: 750px\" class=\"wp-caption aligncenter\"><a href=\"https:\/\/www.upo.es\/diario\/wp-content\/uploads\/2021\/12\/MJ-Parejo_F-Oliva.jpg\"><img loading=\"lazy\" decoding=\"async\" class=\"size-large wp-image-30870284\" src=\"https:\/\/www.upo.es\/diario\/wp-content\/uploads\/2021\/12\/MJ-Parejo_F-Oliva-750x422.jpg\" alt=\"\" width=\"750\" height=\"422\" srcset=\"https:\/\/www.upo.es\/diario\/wp-content\/uploads\/2021\/12\/MJ-Parejo_F-Oliva-750x422.jpg 750w, https:\/\/www.upo.es\/diario\/wp-content\/uploads\/2021\/12\/MJ-Parejo_F-Oliva-360x203.jpg 360w, https:\/\/www.upo.es\/diario\/wp-content\/uploads\/2021\/12\/MJ-Parejo_F-Oliva-768x432.jpg 768w, https:\/\/www.upo.es\/diario\/wp-content\/uploads\/2021\/12\/MJ-Parejo_F-Oliva-1536x864.jpg 1536w, https:\/\/www.upo.es\/diario\/wp-content\/uploads\/2021\/12\/MJ-Parejo_F-Oliva-1320x743.jpg 1320w, https:\/\/www.upo.es\/diario\/wp-content\/uploads\/2021\/12\/MJ-Parejo_F-Oliva.jpg 1920w\" sizes=\"auto, (max-width: 750px) 100vw, 750px\" \/><\/a><figcaption id=\"caption-attachment-30870284\" class=\"wp-caption-text\">Mar\u00eda Jos\u00e9 Parejo y Francisco Oliva.<\/figcaption><\/figure>\n<p><strong>Francisco Oliva Bl\u00e1zquez<\/strong>, rector de la Universidad Pablo de Olavide y catedr\u00e1tico de Derecho Civil, y <strong>Mar\u00eda Jos\u00e9 Parejo Guzm\u00e1n<\/strong>, profesora titular de la Facultad de Derecho de la UPO y especialista en Derecho Eclesi\u00e1stico, entran a formar parte en calidad de vocales de la <strong>Comisi\u00f3n de Garant\u00eda y Evaluaci\u00f3n para la prestaci\u00f3n de ayuda a morir en Andaluc\u00eda<\/strong>, \u00f3rgano colegiado asesor, de car\u00e1cter multidisciplinar, decisorio y de control, adscrito a la Viceconsejer\u00eda de Salud, que se encargar\u00e1 de las <strong>actuaciones de verificaci\u00f3n previa relacionadas con la eutanasia<\/strong>.<\/p>\n<p>Integrada por 13 profesionales con <strong>experiencia asistencial y en Bio\u00e9tica<\/strong>, esta Comisi\u00f3n tiene entre sus funciones espec\u00edficas el resolver en el plazo m\u00e1ximo de veinte d\u00edas naturales las reclamaciones que formulen las personas a las que el m\u00e9dico responsable haya denegado su solicitud de prestaci\u00f3n de ayuda para morir, as\u00ed como dirimir los conflictos de intereses que puedan suscitarse seg\u00fan lo previsto en el art\u00edculo 14 de la Ley de Eutanasia. Adem\u00e1s, verificar\u00e1 en un tiempo m\u00e1ximo de dos meses si la prestaci\u00f3n de ayuda para morir se ha realizado de acuerdo con los procedimientos previstos en la normativa vigente.<\/p>\n<p>Como jurista experto en Bio\u00e9tica, el rector <strong>Francisco Oliva<\/strong> ha participado en la redacci\u00f3n de diferentes leyes del sector sanitario, como la Ley de derechos y garant\u00edas de la dignidad de la persona en el proceso de muerte y el decreto por el que se regula el Registro de Voluntades Vitales Anticipadas de Andaluc\u00eda. Adem\u00e1s, es vocal del Comit\u00e9 de Bio\u00e9tica de Andaluc\u00eda y de la Comisi\u00f3n Auton\u00f3mica de Cribados Poblacionales y Actividades Preventivas de Detecci\u00f3n precoz de la Junta de Andaluc\u00eda.\u00a0 Igualmente, es miembro del European Law Institute (ELI).<\/p>\n<p>Por su parte, <strong>Mar\u00eda Jos\u00e9 Parejo,<\/strong> tambi\u00e9n jurista, tiene entre sus principales l\u00edneas de investigaci\u00f3n, desde que en el a\u00f1o 2004 defendiera su tesis doctoral \u2018La eutanasia como manifestaci\u00f3n del derecho a la libre disposici\u00f3n en el ordenamiento jur\u00eddico espa\u00f1ol\u2019, el derecho a la vida, la eutanasia y el consentimiento del paciente. En estas materias, es autora de 2 monograf\u00edas y ha publicado m\u00e1s de una veintena de art\u00edculos en revistas indexadas de su especialidad y de otras \u00e1reas de conocimiento jur\u00eddico afines, dando muestra de la enorme interdisciplinariedad de sus investigaciones, de amplia difusi\u00f3n acad\u00e9mica y profesional. Adem\u00e1s, viene impartiendo docencia relativa a estas cuestiones en todos estos a\u00f1os en multitud de actividades de formaci\u00f3n, universitaria y no universitaria, en nuestro pa\u00eds, en pa\u00edses de nuestro entorno europeo, en M\u00e9xico y en los Estados Unidos de Am\u00e9rica.<\/p>\n<p><strong>Integrantes de la Comisi\u00f3n de Garant\u00edas y Evaluaci\u00f3n<\/strong><\/p>\n<p>La Comisi\u00f3n de Garant\u00eda y Evaluaci\u00f3n para la prestaci\u00f3n de ayuda a morir en Andaluc\u00eda est\u00e1 presidida por Juan Jos\u00e9 S\u00e1nchez Luque, ex presidente del Colegio de M\u00e9dicos de M\u00e1laga. Entre sus trece componentes titulares hay cinco m\u00e9dicos, cinco expertos en Derecho y tres titulados en Enfermer\u00eda:<\/p>\n<p>Presidente: <strong>Juan Jos\u00e9 S\u00e1nchez Luque<\/strong>, doctor en Medicina y profesor asociado cl\u00ednico del Departamento de Medicina Preventiva de la Facultad de Medicina de la Universidad de M\u00e1laga.<\/p>\n<p>Vicepresidenta titular: <strong>Aurora Puche Aguilera<\/strong>, consultora de Derecho Sanitario y Bio\u00e9tica y vinculada durante un tiempo al Colegio de M\u00e9dicos de M\u00e1laga.<\/p>\n<p>Vicepresidente suplente: <strong>Jos\u00e9 Enrique Pe\u00f1a Mart\u00edn<\/strong>, abogado y consultor jur\u00eddico del Colegio de M\u00e9dicos de M\u00e1laga.<\/p>\n<p>Vocales titulares:<\/p>\n<p><strong>Pilar Mart\u00ednez Garc\u00eda<\/strong>, especialista en medicina intensiva en el Hospital Puerta del Mar de C\u00e1diz.<\/p>\n<p><strong>Miguel Melguizo Jim\u00e9nez<\/strong>, profesor asociado de Ciencias de la Salud en la Facultad de Medicina de Granada.<\/p>\n<p><strong>Benedicto Crespo Facorro<\/strong>, director de la Unidad de Salud Mental del Hospital Universitario Virgen del Roc\u00edo de Sevilla y catedr\u00e1tico de Psiquiatr\u00eda de la Universidad Hispalense.<\/p>\n<p><strong>Jos\u00e9 Mar\u00eda Dom\u00ednguez Rold\u00e1n<\/strong>, jefe cl\u00ednico de la unidad de cuidados intensivos del Hospital Virgen del Roc\u00edo de Sevilla y profesor asociado de la Universidad Hispalense.<\/p>\n<p><strong>Ver\u00f3nica C\u00e1rdenas Casanova<\/strong>, enfermera, supervisora del \u00c1rea Quir\u00fargica del Hospital San Juan de la Cruz de \u00dabeda (Ja\u00e9n).<\/p>\n<p><strong>Mar\u00eda Luisa Grande Gasc\u00f3n<\/strong>, enfermera y miembro del Comit\u00e9 de \u00c9tica y Deontolog\u00eda del Colegio Oficial de Enfermer\u00eda de Ja\u00e9n.<\/p>\n<p><strong>Fernando Jes\u00fas Robledo C\u00e1rdenas<\/strong>, enfermero y coordinador provincial de Centros Sociosanitarios de Huelva.<\/p>\n<p><strong>Francisco Oliva Bl\u00e1zquez<\/strong>, catedr\u00e1tico de Derecho Civil y Rector de la Universidad Pablo de Olavide de Sevilla.<\/p>\n<p><strong>Mar\u00eda Jos\u00e9 Parejo Guzm\u00e1n<\/strong>, profesora titular de la Facultad de Derecho de la Universidad Pablo de Olavide de Sevilla, especialista en Derecho Eclesi\u00e1stico.<\/p>\n<p><strong>Matilde Vera Rodr\u00edguez<\/strong>, subdirectora de Asuntos Jur\u00eddicos del Servicio Andaluz de Salud y jefa de Asesor\u00eda Jur\u00eddica.<\/p>\n<p><strong>Mar\u00eda del Rosario Forj\u00e1n Rioja<\/strong>, letrada de Administraci\u00f3n Sanitaria, adscrita a Asuntos Contenciosos, Servicios Centrales de la Asesor\u00eda Jur\u00eddica del Servicio Andaluz de Salud.<\/p>\n<p>Secretaria de la Comisi\u00f3n: <strong>Mercedes Osuna Ceballos<\/strong>, coordinadora general en la Consejer\u00eda de Salud y Familias de la Junta de Andaluc\u00eda.<\/p>\n","protected":false},"excerpt":{"rendered":"<p>Francisco Oliva Bl\u00e1zquez, rector de la Universidad Pablo de Olavide y catedr\u00e1tico de Derecho Civil, y Mar\u00eda Jos\u00e9 Parejo Guzm\u00e1n, profesora titular de la Facultad de Derecho de la UPO y especialista en Derecho Eclesi\u00e1stico, entran a formar parte en calidad de vocales de la Comisi\u00f3n de Garant\u00eda y Evaluaci\u00f3n para la prestaci\u00f3n de ayuda a morir en Andaluc\u00eda, \u00f3rgano colegiado asesor, de car\u00e1cter multidisciplinar, decisorio y de control, adscrito a la Viceconsejer\u00eda de Salud, que se encargar\u00e1 de las actuaciones de verificaci\u00f3n previa relacionadas con la eutanasia.<\/p>\n","protected":false},"author":2,"featured_media":30870284,"comment_status":"closed","ping_status":"open","sticky":false,"template":"","format":"standard","meta":{"_monsterinsights_skip_tracking":false,"_monsterinsights_sitenote_active":false,"_monsterinsights_sitenote_note":"","_monsterinsights_sitenote_category":0,"footnotes":""},"categories":[5842],"tags":[3383,7717,2489,4021,6897,7718],"class_list":["post-30870283","post","type-post","status-publish","format-standard","has-post-thumbnail","hentry","category-comunidad","tag-comision","tag-eutanasia","tag-evaluacion","tag-francisco-oliva-blazquez","tag-garantia","tag-maria-jose-parejo-guzman"],"_links":{"self":[{"href":"https:\/\/www.upo.es\/diario\/wp-json\/wp\/v2\/posts\/30870283","targetHints":{"allow":["GET"]}}],"collection":[{"href":"https:\/\/www.upo.es\/diario\/wp-json\/wp\/v2\/posts"}],"about":[{"href":"https:\/\/www.upo.es\/diario\/wp-json\/wp\/v2\/types\/post"}],"author":[{"embeddable":true,"href":"https:\/\/www.upo.es\/diario\/wp-json\/wp\/v2\/users\/2"}],"replies":[{"embeddable":true,"href":"https:\/\/www.upo.es\/diario\/wp-json\/wp\/v2\/comments?post=30870283"}],"version-history":[{"count":1,"href":"https:\/\/www.upo.es\/diario\/wp-json\/wp\/v2\/posts\/30870283\/revisions"}],"predecessor-version":[{"id":30870285,"href":"https:\/\/www.upo.es\/diario\/wp-json\/wp\/v2\/posts\/30870283\/revisions\/30870285"}],"wp:featuredmedia":[{"embeddable":true,"href":"https:\/\/www.upo.es\/diario\/wp-json\/wp\/v2\/media\/30870284"}],"wp:attachment":[{"href":"https:\/\/www.upo.es\/diario\/wp-json\/wp\/v2\/media?parent=30870283"}],"wp:term":[{"taxonomy":"category","embeddable":true,"href":"https:\/\/www.upo.es\/diario\/wp-json\/wp\/v2\/categories?post=30870283"},{"taxonomy":"post_tag","embeddable":true,"href":"https:\/\/www.upo.es\/diario\/wp-json\/wp\/v2\/tags?post=30870283"}],"curies":[{"name":"wp","href":"https:\/\/api.w.org\/{rel}","templated":true}]}}