{"id":30870300,"date":"2022-01-07T08:42:26","date_gmt":"2022-01-07T07:42:26","guid":{"rendered":"https:\/\/www.upo.es\/diario\/?p=30870300"},"modified":"2022-01-07T10:55:15","modified_gmt":"2022-01-07T09:55:15","slug":"el-inmerecido-estrellato-de-la-flurona","status":"publish","type":"post","link":"https:\/\/www.upo.es\/diario\/theconversation\/2022\/01\/el-inmerecido-estrellato-de-la-flurona\/","title":{"rendered":"El inmerecido estrellato de la\u00a0flurona"},"content":{"rendered":"<p><a href=\"https:\/\/theconversation.com\/profiles\/guillermo-lopez-lluch-1122562\"><img loading=\"lazy\" decoding=\"async\" class=\"aligncenter size-large wp-image-30870301\" src=\"https:\/\/www.upo.es\/diario\/wp-content\/uploads\/2022\/01\/The-Conversation_20220107-750x418.jpg\" alt=\"Flurona\" width=\"750\" height=\"418\" srcset=\"https:\/\/www.upo.es\/diario\/wp-content\/uploads\/2022\/01\/The-Conversation_20220107-750x418.jpg 750w, https:\/\/www.upo.es\/diario\/wp-content\/uploads\/2022\/01\/The-Conversation_20220107-360x201.jpg 360w, https:\/\/www.upo.es\/diario\/wp-content\/uploads\/2022\/01\/The-Conversation_20220107.jpg 754w\" sizes=\"auto, (max-width: 750px) 100vw, 750px\" \/>Guillermo L\u00f3pez Lluch<\/a>, <em><a href=\"https:\/\/theconversation.com\/institutions\/universidad-pablo-de-olavide-1362\">Universidad Pablo de Olavide<\/a><\/em><\/p>\n<p>En los \u00faltimos d\u00edas hemos asistido a un hecho esperado y preocupante seg\u00fan los medios de comunicaci\u00f3n: la coexistencia en una persona de dos virus a la vez, el de la gripe y el SARS-CoV-2. Tal es as\u00ed que ya tenemos nombre para la nueva infecci\u00f3n, <a href=\"https:\/\/www.lavanguardia.com\/vida\/20220104\/7967001\/coronavirus-espana-vacunacion-restricciones-variante-omicron-flurona-contagios-fallecidos-hoy-en-directo.html\">la flurona, que anda en busca y captura por las autonom\u00edas<\/a>. Por favor, no la confundan con un <a href=\"https:\/\/en.wikipedia.org\/wiki\/Fluorone\">compuesto qu\u00edmico heteroc\u00edclico<\/a> del mismo nombre relacionado con compuestos fluorescentes y de uso farmacol\u00f3gico, porque no tiene nada que ver.<\/p>\n<p>Tras dos a\u00f1os de pandemia era como si esper\u00e1semos a que esto ocurriera y ha tenido que venir del extranjero la confirmaci\u00f3n. De Israel concretamente, aunque parece que <a href=\"https:\/\/elpais.com\/ciencia\/2022-01-03\/la-flurona-ya-se-observo-en-espana-hace-dos-anos.html\">ya hab\u00eda ocurrido antes incluso en Espa\u00f1a<\/a>. Aunque ahora parece que es todo un peligro, posiblemente no sea tan fiero el le\u00f3n como se pinta.<\/p>\n<p>Antes de activar las alarmas debemos preguntarnos si este hecho es verdaderamente importante o solo un fen\u00f3meno m\u00e1s que ocurre y ocurr\u00eda mucho antes de la pandemia con una frecuencia mayor de la que pensamos.<\/p>\n<p>Posiblemente volvamos a tener demasiado ruido para tan pocas nueces.<\/p>\n<h3>Virus respiratorios por doquier<\/h3>\n<p><a href=\"https:\/\/www.ncbi.nlm.nih.gov\/labs\/pmc\/articles\/PMC7157454\/\">M\u00e1s de dos centenares de virus<\/a> provocan enfermedades respiratorias en los humanos. No son pocos. De ellos, la mayor\u00eda producen s\u00edntomas muy parecidos como sinusitis, faringitis, laringitis, traqueitis, bronquitis, etc, etc\u2026 Es decir, infecciones del tracto respiratorio que provocan inflamaci\u00f3n.<\/p>\n<p>En cuanto a la inflamaci\u00f3n local, solo representa la activaci\u00f3n del sistema inmunol\u00f3gico frente a la infecci\u00f3n v\u00edrica, independientemente del virus que sea.<\/p>\n<p>Hace unos a\u00f1os se hizo un estudio sobre virus que viven con nosotros y que se localizan en los pulmones y se encontraron hasta 19 tipos diferentes. <a href=\"https:\/\/www.nature.com\/articles\/d41586-019-01470-6\">Estos virus son los redondovirus<\/a> (ya se pueden imaginar porqu\u00e9 se llaman as\u00ed) y no provocan enfermedad a no ser que nuestro sistema inmunitario ande algo maltrecho.<\/p>\n<p>La relaci\u00f3n entre virus y enfermedad es relativamente compleja ya que todo depende de la gravedad de los s\u00edntomas que produzcan. En muchos casos, los s\u00edntomas son tan leves que ni siquiera los apreciamos ya que la relaci\u00f3n entre el virus y el sistema inmunitario no produce respuestas agresivas. En otros casos incluso los virus son \u00fatiles para <a href=\"https:\/\/www.scientificamerican.com\/article\/viruses-can-help-us-as-well-as-harm-us\/\">prevenir otras enfermedades como infecciones bacterianas<\/a>, ya que las c\u00e9lulas a las que infectan no son nuestras sino de bacterias y as\u00ed controlan la poblaci\u00f3n de bacterias que podr\u00edan producirnos enfermedades. Ya saben, aquello de \u201c<em>el enemigo de mi enemigo es mi amigo<\/em>\u201d.<\/p>\n<p>La relaci\u00f3n entre microorganismos y sistema inmunitario se establece desde que nacemos. Estamos sometidos a la invasi\u00f3n por m\u00faltiples organismos microsc\u00f3picos de tipo bacteriano o v\u00edrico desde el nacimiento y nuestra supervivencia viene determinada por la capacidad de nuestro cuerpo para mantenerlos a raya. Las personas que sufren inmunodeficiencia saben muy bien que no disponer de <a href=\"https:\/\/www.niaid.nih.gov\/diseases-conditions\/types-pidds\">un sistema inmunitario eficiente los convierten en blanco hasta del microorganismo m\u00e1s inocuo<\/a>. Ah\u00ed tenemos el ejemplo de los enfermos por VIH y las enfermedades recurrentes y mortales que sufr\u00edan antes de que llegasen los antivirales.<\/p>\n<h3>Los virus de la gripe y los coronavirus no son lo mismo<\/h3>\n<p>Desde el inicio de la pandemia ha habido cierto recelo a la coexistencia entre la ola de gripe y la ola de coronavirus. No es porque sean dos virus similares, que no lo son, sino porque ambos pueden producir saturaci\u00f3n del sistema sanitario por separado, como ya han demostrado.<\/p>\n<p>Los virus de la gripe pertenecen a la gran familia de los <a href=\"https:\/\/es.wikipedia.org\/wiki\/Gripe\">ortomixovirus<\/a>. En esta familia tenemos a los <a href=\"https:\/\/espanol.cdc.gov\/flu\/about\/viruses\/types.htm\">influenzavirus A, B, C y D<\/a>. De ellos, los A y B causan la epidemia estacional que nos visita a\u00f1o tras a\u00f1o (excepto el a\u00f1o pasado gracias a las medidas de aislamiento social). En concreto, los influenza A son los que causan pandemias mientras que los B tienen menos recorrido, los C crean enfermedades leves y no consideradas pand\u00e9micas y los D afectan esencialmente al ganado.<\/p>\n<p>Los virus de la gripe contienen dos proteinas importantes en su membrana que los caracteriza. Se trata de la <a href=\"https:\/\/es.wikipedia.org\/wiki\/Hemaglutinina\">hemaglutinina (H)<\/a>, que sirve para infectar a las c\u00e9lulas uni\u00e9ndose a un az\u00facar de la membrana \u2013el \u00e1cido si\u00e1lico\u2013 y <a href=\"https:\/\/es.wikipedia.org\/wiki\/Neuraminidasa\">la neuraminidasa (N)<\/a>, que utilizan los nuevos viriones para separarse del \u00e1cido si\u00e1lico y poder infectar a una nueva c\u00e9lula.<\/p>\n<p>En humanos se han caracterizado 18 tipos de hemaglutinina y 11 tipos de neuraminidasa y su combinaci\u00f3n determina el tipo de virus que nos afecta a\u00f1o tras a\u00f1o. Algunas combinaciones se han demostrado muy letales, como la <a href=\"https:\/\/espanol.cdc.gov\/flu\/avianflu\/h5n1-virus.htm\">H5N1<\/a>, pero no han presentado capacidad para poder dispersarse entre los humanos con facilidad, por ahora.<\/p>\n<p>Los coronavirus, sin embargo, utilizan otro mecanismo ya conocido. Su <a href=\"https:\/\/www.sciencedirect.com\/science\/article\/pii\/S0092867420302294\">prote\u00edna Spike (S) se une a la prote\u00edna ACE2 del epitelio respiratorio<\/a> (incluido el pulmonar) y as\u00ed infectan las c\u00e9lulas del tracto respiratorio.<\/p>\n<p>Otra gran diferencia entre los virus de la gripe y los coronavirus es su genoma. Mientras que en los virus de la gripe el <a href=\"https:\/\/www.nature.com\/scitable\/topicpage\/genetics-of-the-influenza-virus-716\/\">genoma est\u00e1 constitu\u00eddo por 8 trozos de ARN negativo<\/a>, el de los coronavirus est\u00e1 formado por una sola hebra de ARN positivo. Eso supone que el mecanismo respectivo de replicaci\u00f3n del genoma es muy diferente. Adem\u00e1s de que, en el supuesto remoto de que ambos virus infectasen a la misma c\u00e9lula, es imposible que se produzcan combinaciones de sus genomas que puedan dar lugar a un virus viable con caracter\u00edsticas h\u00edbridas. La posibilidad, en el caso de que existiese, ser\u00eda extremadamente remota y supondr\u00eda una aut\u00e9ntica sorpresa molecular.<\/p>\n<h3>El verdadero riesgo est\u00e1 en los s\u00edntomas que genera<\/h3>\n<p>El peligro de la coinfecci\u00f3n con dos virus respiratorios agresivos como el SARS-CoV-2 y un virus de la gripe al un\u00edsono se encontrar\u00eda en la respuesta a la infecci\u00f3n, es decir, en los s\u00edntomas. <a href=\"https:\/\/euromomo.eu\/how-it-works\/flumomo\">La gripe estacional es capaz de producir miles de muertes anuales<\/a> por s\u00ed misma incluso en personas vacunadas, ya que sus sistemas inmunol\u00f3gicos no pueden atajar la infecci\u00f3n.<\/p>\n<p>Por lo tanto, si ambos virus coinfectan a una persona inmunol\u00f3gicamente deprimida, su acci\u00f3n combinada generar\u00edan s\u00edntomas ya conocidos como la neumon\u00eda, la tormenta de citoquinas y el fallo multiorg\u00e1nico que tambi\u00e9n se dan en los casos de gripe, virus respiratorio sincitial, neumococos y otros pat\u00f3genos respiratorios por separado.<\/p>\n<p>Aparte de este problema, que ya de por s\u00ed es preocupante, las dem\u00e1s elucubraciones sobre la recientemente bautizada enfermedad con tan poco agraciado nombre no deben considerarse m\u00e1s que especulaciones carentes de una base cient\u00edfica s\u00f3lida.<\/p>\n<p>En cualquier caso, ya deber\u00eda estar claro que para estar prevenidos frente a la gripe y a la infecci\u00f3n por SARS-CoV-2 la mejor estrategia es reforzar al sistema inmunol\u00f3gico con la vacunaci\u00f3n.<\/p>\n<p><a href=\"https:\/\/theconversation.com\/profiles\/guillermo-lopez-lluch-1122562\">Guillermo L\u00f3pez Lluch<\/a>, Catedr\u00e1tico del \u00e1rea de Biolog\u00eda Celular. Investigador asociado del Centro Andaluz de Biolog\u00eda del Desarrollo. Investigador en metabolismo, envejecimiento y sistemas inmunol\u00f3gicos y antioxidantes., <em><a href=\"https:\/\/theconversation.com\/institutions\/universidad-pablo-de-olavide-1362\">Universidad Pablo de Olavide<\/a><\/em><\/p>\n<p>Este art\u00edculo fue publicado originalmente en <a href=\"https:\/\/theconversation.com\">The Conversation<\/a>. Lea el <a href=\"https:\/\/theconversation.com\/el-inmerecido-estrellato-de-la-flurona-174365\">original<\/a>.<br \/>\n<img loading=\"lazy\" decoding=\"async\" style=\"border: none !important; box-shadow: none !important; margin: 0 !important; max-height: 1px !important; max-width: 1px !important; min-height: 1px !important; min-width: 1px !important; opacity: 0 !important; outline: none !important; padding: 0 !important; text-shadow: none !important;\" src=\"https:\/\/counter.theconversation.com\/content\/174365\/count.gif?distributor=republish-lightbox-advanced\" alt=\"The Conversation\" width=\"1\" height=\"1\" \/><\/p>\n","protected":false},"excerpt":{"rendered":"<p>En los \u00faltimos d\u00edas hemos asistido a un hecho esperado y preocupante seg\u00fan los medios de comunicaci\u00f3n: la coexistencia en una persona de dos virus a la vez, el de la gripe y el SARS-CoV-2. Tal es as\u00ed que ya tenemos nombre para la nueva infecci\u00f3n, <a href=\"https:\/\/www.lavanguardia.com\/vida\/20220104\/7967001\/coronavirus-espana-vacunacion-restricciones-variante-omicron-flurona-contagios-fallecidos-hoy-en-directo.html\">la flurona, que anda en busca y captura por las autonom\u00edas<\/a>. Por favor, no la confundan con un <a href=\"https:\/\/en.wikipedia.org\/wiki\/Fluorone\">compuesto qu\u00edmico heteroc\u00edclico<\/a> del mismo nombre relacionado con compuestos fluorescentes y de uso farmacol\u00f3gico, porque no tiene nada que ver.<\/p>\n","protected":false},"author":6,"featured_media":30870301,"comment_status":"closed","ping_status":"open","sticky":false,"template":"","format":"standard","meta":{"_monsterinsights_skip_tracking":false,"_monsterinsights_sitenote_active":false,"_monsterinsights_sitenote_note":"","_monsterinsights_sitenote_category":0,"footnotes":""},"categories":[5390],"tags":[6589,4162,1271,6804,6805],"class_list":["post-30870300","post","type-post","status-publish","format-standard","has-post-thumbnail","hentry","category-theconversation","tag-coronavirus","tag-epidemiologia","tag-salud-publica","tag-sars-cov-2","tag-virus"],"_links":{"self":[{"href":"https:\/\/www.upo.es\/diario\/wp-json\/wp\/v2\/posts\/30870300","targetHints":{"allow":["GET"]}}],"collection":[{"href":"https:\/\/www.upo.es\/diario\/wp-json\/wp\/v2\/posts"}],"about":[{"href":"https:\/\/www.upo.es\/diario\/wp-json\/wp\/v2\/types\/post"}],"author":[{"embeddable":true,"href":"https:\/\/www.upo.es\/diario\/wp-json\/wp\/v2\/users\/6"}],"replies":[{"embeddable":true,"href":"https:\/\/www.upo.es\/diario\/wp-json\/wp\/v2\/comments?post=30870300"}],"version-history":[{"count":1,"href":"https:\/\/www.upo.es\/diario\/wp-json\/wp\/v2\/posts\/30870300\/revisions"}],"predecessor-version":[{"id":30870302,"href":"https:\/\/www.upo.es\/diario\/wp-json\/wp\/v2\/posts\/30870300\/revisions\/30870302"}],"wp:featuredmedia":[{"embeddable":true,"href":"https:\/\/www.upo.es\/diario\/wp-json\/wp\/v2\/media\/30870301"}],"wp:attachment":[{"href":"https:\/\/www.upo.es\/diario\/wp-json\/wp\/v2\/media?parent=30870300"}],"wp:term":[{"taxonomy":"category","embeddable":true,"href":"https:\/\/www.upo.es\/diario\/wp-json\/wp\/v2\/categories?post=30870300"},{"taxonomy":"post_tag","embeddable":true,"href":"https:\/\/www.upo.es\/diario\/wp-json\/wp\/v2\/tags?post=30870300"}],"curies":[{"name":"wp","href":"https:\/\/api.w.org\/{rel}","templated":true}]}}