{"id":30870310,"date":"2022-01-10T14:18:32","date_gmt":"2022-01-10T13:18:32","guid":{"rendered":"https:\/\/www.upo.es\/diario\/?p=30870310"},"modified":"2022-01-20T13:00:12","modified_gmt":"2022-01-20T12:00:12","slug":"comienzan-los-examenes-del-primer-semestre-en-la-upo-con-un-nuevo-protocolo-de-actuacion-para-estudiantes-y-profesores","status":"publish","type":"post","link":"https:\/\/www.upo.es\/diario\/institucional\/2022\/01\/comienzan-los-examenes-del-primer-semestre-en-la-upo-con-un-nuevo-protocolo-de-actuacion-para-estudiantes-y-profesores\/","title":{"rendered":"Comienzan los ex\u00e1menes del primer semestre en la UPO con un nuevo protocolo de actuaci\u00f3n para estudiantes y profesores \u00a0"},"content":{"rendered":"<figure id=\"attachment_30870311\" aria-describedby=\"caption-attachment-30870311\" style=\"width: 750px\" class=\"wp-caption aligncenter\"><a href=\"https:\/\/www.upo.es\/diario\/wp-content\/uploads\/2022\/01\/examen-CCAmbientales_20220110-scaled.jpg\"><img loading=\"lazy\" decoding=\"async\" class=\"wp-image-30870311 size-large\" src=\"https:\/\/www.upo.es\/diario\/wp-content\/uploads\/2022\/01\/examen-CCAmbientales_20220110-750x422.jpg\" alt=\"\" width=\"750\" height=\"422\" srcset=\"https:\/\/www.upo.es\/diario\/wp-content\/uploads\/2022\/01\/examen-CCAmbientales_20220110-750x422.jpg 750w, https:\/\/www.upo.es\/diario\/wp-content\/uploads\/2022\/01\/examen-CCAmbientales_20220110-360x203.jpg 360w, https:\/\/www.upo.es\/diario\/wp-content\/uploads\/2022\/01\/examen-CCAmbientales_20220110-768x432.jpg 768w, https:\/\/www.upo.es\/diario\/wp-content\/uploads\/2022\/01\/examen-CCAmbientales_20220110-1536x864.jpg 1536w, https:\/\/www.upo.es\/diario\/wp-content\/uploads\/2022\/01\/examen-CCAmbientales_20220110-2048x1152.jpg 2048w, https:\/\/www.upo.es\/diario\/wp-content\/uploads\/2022\/01\/examen-CCAmbientales_20220110-1320x743.jpg 1320w\" sizes=\"auto, (max-width: 750px) 100vw, 750px\" \/><\/a><figcaption id=\"caption-attachment-30870311\" class=\"wp-caption-text\">Realizaci\u00f3n de una prueba esta ma\u00f1ana de Ciencias Ambientales<\/figcaption><\/figure>\n<p>Hoy lunes 10 de enero ha arrancado en la Universidad Pablo de Olavide el periodo de evaluaci\u00f3n del primer semestre, que se extender\u00e1 hasta el pr\u00f3ximo d\u00eda 28. Los ex\u00e1menes se han desarrollado con total normalidad y no se han registrado incidencias durante la ma\u00f1ana. Debido a los cambios en la situaci\u00f3n epidemiol\u00f3gica y al incremento exponencial de ciudadanos y ciudadanas contagiadas en las \u00faltimas semanas, la Universidad Pablo de Olavide dispuso el 23 de diciembre un protocolo de actuaci\u00f3n para anticipar y paliar posibles incidencias y dotar a la comunidad universitaria de unas normas adaptadas a las circunstancias.<\/p>\n<p>En el protocolo se recuerda que deber\u00e1n guardar una cuarentena de siete d\u00edas las personas con un diagn\u00f3stico positivo por Covid-19, los contactos estrechos sin pauta completa de vacunaci\u00f3n y\/o que no hayan tenido una infecci\u00f3n por SARS-CoV-2 confirmada en los 180 d\u00edas anteriores al \u00faltimo contacto con el caso y los contactos estrechos con pauta completa de vacunaci\u00f3n y\/o que hayan tenido una infecci\u00f3n por SARS-CoV-2 confirmada en los 180 d\u00edas anteriores al \u00faltimo contacto con el caso pero que presenten s\u00edntomas compatibles con infecci\u00f3n por SARS-CoV-2.<\/p>\n<p><strong>Los estudiantes que deban confinarse domiciliariamente<\/strong> deben comunicarlo a trav\u00e9s de una aplicaci\u00f3n de comunicaci\u00f3n que ha habilitado la Universidad a tal efecto para una gesti\u00f3n eficiente en la programaci\u00f3n de pruebas de evaluaci\u00f3n sustitutorias y<strong> no podr\u00e1n acudir a la Universidad para la realizaci\u00f3n de ninguna actividad acad\u00e9mica, incluidas evaluaciones presenciales, hasta el d\u00eda siguiente de la fecha de fin de cuarentena comunicada.<\/strong><\/p>\n<p>As\u00ed, los estudiantes que no puedan realizar el examen de una signatura en la fecha prevista de evaluaci\u00f3n ser\u00e1n tratados al amparo del art\u00edculo 16 de la normativa de evaluaci\u00f3n de grado de la universidad y se programar\u00e1 para ellos y ellas una nueva prueba. Si el profesorado lo estima conveniente, la evaluaci\u00f3n de la asignatura lo permite, y cuenta con los recursos materiales y humanos para ello, podr\u00e1 evaluar tambi\u00e9n de modo <em>on line<\/em> en la misma fecha y franja horaria de la prueba presencial siempre y cuando los estudiantes confinados se encuentran en condiciones de salud para hacerla.<\/p>\n<h3><strong>Segundo semestre<\/strong><\/h3>\n<p>Salvo que se establezcan nuevas restricciones, las actividades en el campus se desarrollar\u00e1n en el segundo semestre de manera similar a como se ha desarrollado en el primero.<\/p>\n<p>La extensi\u00f3n del uso de la mascarilla a los espacios abiertos y la petici\u00f3n de pasaporte Covid en las cafeter\u00edas, medidas incorporadas en las \u00faltimas semanas, continuar\u00e1n de igual modo vigentes, tal y como dictan las autoridades sanitarias.<\/p>\n<p>Protocolo de Evaluaci\u00f3n casos de confinamiento:<br \/>\n<a href=\"https:\/\/www.upo.es\/upo_opencms\/export\/sites\/upo\/Galerias\/Descargas\/InfoEstudiantes\/Instruccion-Planificacion-Academica_20211223.pdf\">www.upo.es\/upo_opencms\/export\/sites\/upo\/Galerias\/Descargas\/InfoEstudiantes\/Instruccion-Planificacion-Academica_20211223.pdf<\/a><\/p>\n<p>&nbsp;<\/p>\n","protected":false},"excerpt":{"rendered":"<p>Hoy lunes 10 de enero ha arrancado en la Universidad Pablo de Olavide el periodo de evaluaci\u00f3n del primer semestre, que se extender\u00e1 hasta el pr\u00f3ximo d\u00eda 28. Los ex\u00e1menes se han desarrollado con total normalidad y no se han registrado incidencias durante la ma\u00f1ana. Debido a los cambios en la situaci\u00f3n epidemiol\u00f3gica y al incremento exponencial de ciudadanos y ciudadanas contagiadas en las \u00faltimas semanas, la Universidad Pablo de Olavide dispuso el 23 de diciembre un protocolo de actuaci\u00f3n para anticipar y paliar posibles incidencias y dotar a la comunidad universitaria de unas normas adaptadas a las circunstancias.<\/p>\n","protected":false},"author":15,"featured_media":30870311,"comment_status":"closed","ping_status":"open","sticky":false,"template":"","format":"standard","meta":{"_monsterinsights_skip_tracking":false,"_monsterinsights_sitenote_active":false,"_monsterinsights_sitenote_note":"","_monsterinsights_sitenote_category":0,"footnotes":""},"categories":[6],"tags":[6632,6601,6673,7441,21,7723,7727,127,7724,7725],"class_list":["post-30870310","post","type-post","status-publish","format-standard","has-post-thumbnail","hentry","category-institucional","tag-confinamiento","tag-covid-19","tag-cuarentena","tag-curso-2021-2022","tag-estudiantes","tag-evaluacion-presencial","tag-evaluacion-sustitutoria","tag-examenes","tag-primer-semestre","tag-protocolo-de-actuacion"],"_links":{"self":[{"href":"https:\/\/www.upo.es\/diario\/wp-json\/wp\/v2\/posts\/30870310","targetHints":{"allow":["GET"]}}],"collection":[{"href":"https:\/\/www.upo.es\/diario\/wp-json\/wp\/v2\/posts"}],"about":[{"href":"https:\/\/www.upo.es\/diario\/wp-json\/wp\/v2\/types\/post"}],"author":[{"embeddable":true,"href":"https:\/\/www.upo.es\/diario\/wp-json\/wp\/v2\/users\/15"}],"replies":[{"embeddable":true,"href":"https:\/\/www.upo.es\/diario\/wp-json\/wp\/v2\/comments?post=30870310"}],"version-history":[{"count":4,"href":"https:\/\/www.upo.es\/diario\/wp-json\/wp\/v2\/posts\/30870310\/revisions"}],"predecessor-version":[{"id":30870315,"href":"https:\/\/www.upo.es\/diario\/wp-json\/wp\/v2\/posts\/30870310\/revisions\/30870315"}],"wp:featuredmedia":[{"embeddable":true,"href":"https:\/\/www.upo.es\/diario\/wp-json\/wp\/v2\/media\/30870311"}],"wp:attachment":[{"href":"https:\/\/www.upo.es\/diario\/wp-json\/wp\/v2\/media?parent=30870310"}],"wp:term":[{"taxonomy":"category","embeddable":true,"href":"https:\/\/www.upo.es\/diario\/wp-json\/wp\/v2\/categories?post=30870310"},{"taxonomy":"post_tag","embeddable":true,"href":"https:\/\/www.upo.es\/diario\/wp-json\/wp\/v2\/tags?post=30870310"}],"curies":[{"name":"wp","href":"https:\/\/api.w.org\/{rel}","templated":true}]}}