{"id":30870653,"date":"2022-02-03T11:51:53","date_gmt":"2022-02-03T10:51:53","guid":{"rendered":"https:\/\/www.upo.es\/diario\/?p=30870653"},"modified":"2022-02-08T10:27:20","modified_gmt":"2022-02-08T09:27:20","slug":"un-estudio-transversal-de-la-universidad-pablo-de-olavide-relaciona-el-coenzima-q10-y-la-fragilidad-en-personas-mayores","status":"publish","type":"post","link":"https:\/\/www.upo.es\/diario\/ciencia\/2022\/02\/un-estudio-transversal-de-la-universidad-pablo-de-olavide-relaciona-el-coenzima-q10-y-la-fragilidad-en-personas-mayores\/","title":{"rendered":"Un estudio transversal de la Universidad Pablo de Olavide relaciona el Coenzima Q10 y la fragilidad en personas mayores  \u00a0"},"content":{"rendered":"<figure id=\"attachment_30870654\" aria-describedby=\"caption-attachment-30870654\" style=\"width: 750px\" class=\"wp-caption aligncenter\"><a href=\"https:\/\/www.upo.es\/diario\/wp-content\/uploads\/2022\/02\/inves_CoQ_envejecimiento.jpg\"><img loading=\"lazy\" decoding=\"async\" class=\"size-large wp-image-30870654\" src=\"https:\/\/www.upo.es\/diario\/wp-content\/uploads\/2022\/02\/inves_CoQ_envejecimiento-750x500.jpg\" alt=\"De izquierda a derecha, Roc\u00edo de la Bella Garz\u00f3n, Cristina Fern\u00e1ndez Portero, Guillermo L\u00f3pez-Lluch, David Alarc\u00f3n, Josu\u00e9 Garc\u00eda Ami\u00e1n. \" width=\"750\" height=\"500\" srcset=\"https:\/\/www.upo.es\/diario\/wp-content\/uploads\/2022\/02\/inves_CoQ_envejecimiento-750x500.jpg 750w, https:\/\/www.upo.es\/diario\/wp-content\/uploads\/2022\/02\/inves_CoQ_envejecimiento-360x240.jpg 360w, https:\/\/www.upo.es\/diario\/wp-content\/uploads\/2022\/02\/inves_CoQ_envejecimiento-768x512.jpg 768w, https:\/\/www.upo.es\/diario\/wp-content\/uploads\/2022\/02\/inves_CoQ_envejecimiento-1536x1024.jpg 1536w, https:\/\/www.upo.es\/diario\/wp-content\/uploads\/2022\/02\/inves_CoQ_envejecimiento-2048x1366.jpg 2048w, https:\/\/www.upo.es\/diario\/wp-content\/uploads\/2022\/02\/inves_CoQ_envejecimiento-165x109.jpg 165w, https:\/\/www.upo.es\/diario\/wp-content\/uploads\/2022\/02\/inves_CoQ_envejecimiento-1320x880.jpg 1320w\" sizes=\"auto, (max-width: 750px) 100vw, 750px\" \/><\/a><figcaption id=\"caption-attachment-30870654\" class=\"wp-caption-text\">De izquierda a derecha, Roc\u00edo de la Bella Garz\u00f3n, Cristina Fern\u00e1ndez Portero, Guillermo L\u00f3pez-Lluch, David Alarc\u00f3n, Josu\u00e9 Garc\u00eda Ami\u00e1n.<\/figcaption><\/figure>\n<p>El Coenzima Q10 (CoQ10) es una sustancia esencial para la supervivencia, ya que interviene en la generaci\u00f3n de energ\u00eda y en la protecci\u00f3n antioxidante de c\u00e9lulas y tejidos. En aquellos casos en los que se presentan mutaciones que afectan a su s\u00edntesis, las personas sufren graves s\u00edndromes que presentan s\u00edntomas como ataxia, debilidad muscular, sordera y problemas renales entre otros. Adem\u00e1s, las evidencias cient\u00edficas indican que durante el envejecimiento los \u00f3rganos van perdiendo la capacidad para sintetizar CoQ10 por lo que se ha asociado su deficiencia con la p\u00e9rdida de funci\u00f3n.<\/p>\n<p>En esta l\u00ednea, un estudio transversal llevado a cabo en la Universidad Pablo de Olavide, de Sevilla, y publicado en la revista <em>Antioxidants<\/em>, muestra que existe una relaci\u00f3n importante entre los niveles de coenzima Q10 en el plasma sangu\u00edneo con la capacidad f\u00edsica y la fragilidad en personas mayores.<\/p>\n<p>El estudio, llevado a cabo por los investigadores <strong>Roc\u00edo de la Bella Garz\u00f3n, Cristina Fern\u00e1ndez Portero<\/strong>, <strong>David Alarc\u00f3n Rubio<\/strong>, <strong>Josu\u00e9 Garc\u00eda Ami\u00e1n<\/strong> y <strong>Guillermo L\u00f3pez-Lluch<\/strong>, fue desarrollado con la colaboraci\u00f3n de personas mayores usuarias de tres centros de participaci\u00f3n activa (Cerro del \u00c1guila, Triana y Heli\u00f3polis) y la residencia de mayores del barrio de Heli\u00f3polis a principios de 2019. Los participantes en la investigaci\u00f3n se sometieron a varios cuestionarios para determinar su calidad de vida, capacidad cognitiva y salud y a varias pruebas f\u00edsicas para determinar su capacidad f\u00edsica y grado de fragilidad.<\/p>\n<figure id=\"attachment_30870655\" aria-describedby=\"caption-attachment-30870655\" style=\"width: 360px\" class=\"wp-caption alignright\"><a href=\"https:\/\/www.upo.es\/diario\/wp-content\/uploads\/2022\/02\/guillermo_lopez_lluch01.jpg\"><img loading=\"lazy\" decoding=\"async\" class=\"size-medium wp-image-30870655\" src=\"https:\/\/www.upo.es\/diario\/wp-content\/uploads\/2022\/02\/guillermo_lopez_lluch01-360x240.jpg\" alt=\"El investigador Guillermo L\u00f3pez-Lluch.\" width=\"360\" height=\"240\" srcset=\"https:\/\/www.upo.es\/diario\/wp-content\/uploads\/2022\/02\/guillermo_lopez_lluch01-360x240.jpg 360w, https:\/\/www.upo.es\/diario\/wp-content\/uploads\/2022\/02\/guillermo_lopez_lluch01-750x500.jpg 750w, https:\/\/www.upo.es\/diario\/wp-content\/uploads\/2022\/02\/guillermo_lopez_lluch01-768x512.jpg 768w, https:\/\/www.upo.es\/diario\/wp-content\/uploads\/2022\/02\/guillermo_lopez_lluch01-1536x1024.jpg 1536w, https:\/\/www.upo.es\/diario\/wp-content\/uploads\/2022\/02\/guillermo_lopez_lluch01-2048x1366.jpg 2048w, https:\/\/www.upo.es\/diario\/wp-content\/uploads\/2022\/02\/guillermo_lopez_lluch01-165x109.jpg 165w, https:\/\/www.upo.es\/diario\/wp-content\/uploads\/2022\/02\/guillermo_lopez_lluch01-1320x880.jpg 1320w\" sizes=\"auto, (max-width: 360px) 100vw, 360px\" \/><\/a><figcaption id=\"caption-attachment-30870655\" class=\"wp-caption-text\">El investigador Guillermo L\u00f3pez-Lluch.<\/figcaption><\/figure>\n<p>\u201cPor ahora, el estudio solo establece relaciones que confirman estudios anteriores, pero nos permite <strong>abrir la posibilidad de encontrar tratamientos terap\u00e9uticos que mantengan o aumenten los niveles de CoQ10 en la sangre, para as\u00ed ralentizar el deterioro de la capacidad f\u00edsica en personas mayores<\/strong>\u201d indica Guillermo L\u00f3pez Lluch, investigador principal del estudio en el que participan los departamentos de Fisiolog\u00eda, Anatom\u00eda y Biolog\u00eda Celular; Antropolog\u00eda, Psicolog\u00eda y Salud P\u00fablica, el Centro de Investigaci\u00f3n en Rendimiento F\u00edsico y Deportivo de la UPO, y el Centro Andaluz de Biolog\u00eda del Desarrollo (centro mixto del CSIC, UPO y Junta de Andaluc\u00eda).<\/p>\n<p>El CoQ10 del plasma sangu\u00edneo est\u00e1 directamente implicado en la protecci\u00f3n del colesterol de la sangre contra la oxidaci\u00f3n. \u201cPor tanto, se trata de un factor esencial en el progreso de la aterosclerosis, pero tambi\u00e9n esta mol\u00e9cula podr\u00eda ser esencial para mantener la capacidad funcional del m\u00fasculo y otros org\u00e1nulos mejorando la actividad vascular al evitar el da\u00f1o oxidativo en las c\u00e9lulas de los vasos sangu\u00edneos\u201d, explica L\u00f3pez Lluch.<\/p>\n<p>El estudio tambi\u00e9n ha revelado que <strong>existen diferencias entre hombres y mujeres, por lo que abre la posibilidad de que haya diferencias fisiol\u00f3gicas que se deber\u00e1n tener en cuenta en estudios futuros<\/strong>. En las mujeres, mayores niveles de CoQ10 en plasma se asociaron con una mayor capacidad f\u00edsica y menores riesgos de fragilidad, mientras que estas relaciones no fueron tan claras en hombres. \u201cEs muy interesante que hayan aparecido diferencias relacionadas con el g\u00e9nero de los participantes, ya que existen diferencias en la forma en la que el envejecimiento progresa en mujeres y en hombres\u201d, indica L\u00f3pez Lluch, quien a\u00f1ade que \u201cestas diferencias se deben tener en cuenta a la hora de establecer terapias para optimizar la respuesta en nuestros mayores\u201d.<\/p>\n<p>El equipo de investigaci\u00f3n, adem\u00e1s, insiste en la necesidad de profundizar en el conocimiento de los cambios fisiol\u00f3gicos asociados con el envejecimiento para entender mejor el deterioro que se produce durante los \u00faltimos a\u00f1os de nuestra vida y poder as\u00ed afrontar mejores terapias encaminadas a a\u00f1adir salud a estos a\u00f1os.<\/p>\n<p><strong>Referencia:<\/strong><\/p>\n<p>Roc\u00edo de la Bella, Cristina Fern\u00e1ndez Portero, David Alarc\u00f3n, Josu\u00e9 G. Ami\u00e1n and Guillermo L\u00f3pez-Lluch. <strong>Levels of plasma coenzyme Q10 are asociated with physical capacity and cardiovascular risk in the elderly. <\/strong><em>Antioxidants.<\/em> 2022, 11, 279. Doi: <a href=\"https:\/\/doi.org\/10.3390\/antiox11020279\">https:\/\/doi.org\/10.3390\/antiox11020279<\/a>.<\/p>\n<p><a href=\"https:\/\/www.mdpi.com\/2076-3921\/11\/2\/279\">https:\/\/www.mdpi.com\/2076-3921\/11\/2\/279<\/a><\/p>\n","protected":false},"excerpt":{"rendered":"<p>El Coenzima Q10 (CoQ10) es una sustancia esencial para la supervivencia, ya que interviene en la generaci\u00f3n de energ\u00eda y en la protecci\u00f3n antioxidante de c\u00e9lulas y tejidos. En aquellos casos en los que se presentan mutaciones que afectan a su s\u00edntesis, las personas sufren graves s\u00edndromes que presentan s\u00edntomas como ataxia, debilidad muscular, sordera y problemas renales entre otros. Adem\u00e1s, las evidencias cient\u00edficas indican que durante el envejecimiento los \u00f3rganos van perdiendo la capacidad para sintetizar CoQ10 por lo que se ha asociado su deficiencia con la p\u00e9rdida de funci\u00f3n.<\/p>\n","protected":false},"author":2,"featured_media":30870654,"comment_status":"closed","ping_status":"open","sticky":false,"template":"","format":"standard","meta":{"_monsterinsights_skip_tracking":false,"_monsterinsights_sitenote_active":false,"_monsterinsights_sitenote_note":"","_monsterinsights_sitenote_category":0,"footnotes":""},"categories":[3],"tags":[7755,2635,5928,271,218],"class_list":["post-30870653","post","type-post","status-publish","format-standard","has-post-thumbnail","hentry","category-ciencia","tag-capacidad-fisica","tag-coenzima-q10","tag-coq10","tag-envejecimiento","tag-salud"],"_links":{"self":[{"href":"https:\/\/www.upo.es\/diario\/wp-json\/wp\/v2\/posts\/30870653","targetHints":{"allow":["GET"]}}],"collection":[{"href":"https:\/\/www.upo.es\/diario\/wp-json\/wp\/v2\/posts"}],"about":[{"href":"https:\/\/www.upo.es\/diario\/wp-json\/wp\/v2\/types\/post"}],"author":[{"embeddable":true,"href":"https:\/\/www.upo.es\/diario\/wp-json\/wp\/v2\/users\/2"}],"replies":[{"embeddable":true,"href":"https:\/\/www.upo.es\/diario\/wp-json\/wp\/v2\/comments?post=30870653"}],"version-history":[{"count":1,"href":"https:\/\/www.upo.es\/diario\/wp-json\/wp\/v2\/posts\/30870653\/revisions"}],"predecessor-version":[{"id":30870656,"href":"https:\/\/www.upo.es\/diario\/wp-json\/wp\/v2\/posts\/30870653\/revisions\/30870656"}],"wp:featuredmedia":[{"embeddable":true,"href":"https:\/\/www.upo.es\/diario\/wp-json\/wp\/v2\/media\/30870654"}],"wp:attachment":[{"href":"https:\/\/www.upo.es\/diario\/wp-json\/wp\/v2\/media?parent=30870653"}],"wp:term":[{"taxonomy":"category","embeddable":true,"href":"https:\/\/www.upo.es\/diario\/wp-json\/wp\/v2\/categories?post=30870653"},{"taxonomy":"post_tag","embeddable":true,"href":"https:\/\/www.upo.es\/diario\/wp-json\/wp\/v2\/tags?post=30870653"}],"curies":[{"name":"wp","href":"https:\/\/api.w.org\/{rel}","templated":true}]}}