{"id":30870664,"date":"2022-02-03T00:38:42","date_gmt":"2022-02-02T23:38:42","guid":{"rendered":"https:\/\/www.upo.es\/diario\/?p=30870664"},"modified":"2022-02-04T16:22:38","modified_gmt":"2022-02-04T15:22:38","slug":"con-esta-colaboracion-queremos-mejorar-la-vida-de-las-personas-y-familias-que-esten-o-se-puedan-encontrar-en-riesgo-de-soledad-no-deseada","status":"publish","type":"post","link":"https:\/\/www.upo.es\/diario\/entrevista\/2022\/02\/con-esta-colaboracion-queremos-mejorar-la-vida-de-las-personas-y-familias-que-esten-o-se-puedan-encontrar-en-riesgo-de-soledad-no-deseada\/","title":{"rendered":"\u201cCon esta colaboraci\u00f3n queremos mejorar la vida de las personas y familias que est\u00e9n o se puedan encontrar en riesgo de soledad no deseada\u201d"},"content":{"rendered":"<figure id=\"attachment_30870665\" aria-describedby=\"caption-attachment-30870665\" style=\"width: 750px\" class=\"wp-caption aligncenter\"><a href=\"https:\/\/www.upo.es\/diario\/wp-content\/uploads\/2022\/02\/Juan-Manuel-Garcia.jpg\"><img loading=\"lazy\" decoding=\"async\" class=\"size-large wp-image-30870665\" src=\"https:\/\/www.upo.es\/diario\/wp-content\/uploads\/2022\/02\/Juan-Manuel-Garcia-750x562.jpg\" alt=\"El profesor del Departamento de Sociolog\u00eda Juan Manuel Garc\u00eda Gonz\u00e1lez.\" width=\"750\" height=\"562\" srcset=\"https:\/\/www.upo.es\/diario\/wp-content\/uploads\/2022\/02\/Juan-Manuel-Garcia-750x562.jpg 750w, https:\/\/www.upo.es\/diario\/wp-content\/uploads\/2022\/02\/Juan-Manuel-Garcia-360x270.jpg 360w, https:\/\/www.upo.es\/diario\/wp-content\/uploads\/2022\/02\/Juan-Manuel-Garcia-768x576.jpg 768w, https:\/\/www.upo.es\/diario\/wp-content\/uploads\/2022\/02\/Juan-Manuel-Garcia-1536x1152.jpg 1536w, https:\/\/www.upo.es\/diario\/wp-content\/uploads\/2022\/02\/Juan-Manuel-Garcia.jpg 1739w, https:\/\/www.upo.es\/diario\/wp-content\/uploads\/2022\/02\/Juan-Manuel-Garcia-1320x990.jpg 1320w\" sizes=\"auto, (max-width: 750px) 100vw, 750px\" \/><\/a><figcaption id=\"caption-attachment-30870665\" class=\"wp-caption-text\">El profesor del Departamento de Sociolog\u00eda Juan Manuel Garc\u00eda Gonz\u00e1lez.<\/figcaption><\/figure>\n<p>Creada en octubre de 2021, la C\u00e1tedra Cruz Roja Sevilla en Estudios sobre Soledad no Deseada nace con la vista puesta en ahondar en uno de los principales problemas de salud p\u00fablica del siglo XXI que se ha visto acentuado durante la pandemia de la Covid-19.<\/p>\n<p>Consciente de la necesidad de profundizar en la moderna epidemia social de la soledad no deseada dentro de una moderna pandemia sanitaria, el profesor del Departamento de Sociolog\u00eda Juan Manuel Garc\u00eda Gonz\u00e1lez dirige esta C\u00e1tedra que cuenta con el respaldo de una organizaci\u00f3n humanitaria de prestigio como es Cruz Roja.<\/p>\n<p><strong>\u00bfCu\u00e1l es el principal valor de la C\u00e1tedra que dirige?<\/strong><\/p>\n<p>Hasta donde sabemos, \u00e9sta es la primera c\u00e1tedra en Espa\u00f1a y, creemos, en Europa, que se dedica espec\u00edficamente al estudio de la soledad no deseada, lo que consideramos que tiene un enorme valor social y estrat\u00e9gico. De hecho, dada la importancia de la soledad como problema de salud p\u00fablica global, a nosotros mismos nos sorprendi\u00f3 que no hubiera espacios acad\u00e9micos, sociales o del tercer sector que se dedicaran espec\u00edficamente a este tema tan relevante. Adem\u00e1s, lo hacemos de la mano de Cruz Roja, una instituci\u00f3n de inter\u00e9s p\u00fablico, independiente y neutral cuyo fin es la labor humanitaria y que en Sevilla hace una labor inmensa para mejorar la vida de las personas que se encuentran en situaci\u00f3n de vulnerabilidad. Por lo tanto, creemos que es una suerte y un privilegio que podamos contar con esta C\u00e1tedra en la Universidad Pablo de Olavide y que vayamos a poder colaborar con Cruz Roja para estudiar la soledad no deseada y poder hacer acciones frente a ella.<\/p>\n<p><strong>\u00bfPodr\u00eda dar detalles del objetivo con el que nace esta C\u00e1tedra?<\/strong><\/p>\n<p>Esta C\u00e1tedra tiene como objetivo principal el an\u00e1lisis de la soledad no deseada para poder establecer acciones y proyectos de diagn\u00f3stico del problema, identificaci\u00f3n de personas y familias en situaci\u00f3n de vulnerabilidad en que la soledad sea un factor importante y, en \u00faltimo t\u00e9rmino, poder intervenir para prevenir, aliviar y proponer soluciones. Adem\u00e1s, otra parte relevante del programa es la puesta en marcha de actividades de formaci\u00f3n y divulgaci\u00f3n para que, por un lado, la sociedad sea consciente de esta problem\u00e1tica y, por otro lado, las personas profesionales tengan recursos para poder actuar con rigor y que as\u00ed sea lo m\u00e1s beneficioso para las personas y familias afectadas.<\/p>\n<p><strong>\u00bfQu\u00e9 significa contar con Cruz Roja Espa\u00f1ola para la creaci\u00f3n y desarrollo de esta C\u00e1tedra?<\/strong><\/p>\n<p>Una delicia. Cruz Roja es una instituci\u00f3n de enorme prestigio que lleva prestando ayuda humanitaria en todo el mundo desde hace m\u00e1s de 150 a\u00f1os y que en Sevilla hace una labor maravillosa. Es adem\u00e1s una instituci\u00f3n \u00fanica porque, dig\u00e1moslo de manera coloquial, no est\u00e1 casada con nadie. Sus principios fundamentales lo dejan claro: humanidad, imparcialidad, neutralidad, independencia, voluntariado, unidad y universalidad. Cruz Roja Sevilla tiene un equipo fant\u00e1stico con el que estamos formando una alianza muy productiva, especialmente con el \u00c1rea de Mayores, y estamos muy contentos de poder ir de la mano.<\/p>\n<p><strong>Una de las principales acciones que se pondr\u00e1n en marcha ser\u00e1 la realizaci\u00f3n de un proyecto piloto \u00bfen qu\u00e9 consiste?<\/strong><\/p>\n<p>Efectivamente, el primer gran proyecto de colaboraci\u00f3n es un proyecto piloto para la caracterizaci\u00f3n de hogares en situaci\u00f3n de vulnerabilidad y aislamiento social y en riesgo de soledad no deseada en el Distrito Macarena de la ciudad de Sevilla, una zona en la que hay un alto \u00edndice de pobreza y riesgo de vulnerabilidad, especialmente en los colectivos de personas mayores y de personas migrantes, entre otros. Estamos haciendo un diagn\u00f3stico de la prevalencia de soledad no deseada en dicho Distrito, a lo que a\u00f1adiremos el an\u00e1lisis de otros factores de riesgo y, sobre todo, de las necesidades que tienen esas personas y familias. De esta manera, tendremos informaci\u00f3n muy sustantiva para que desde Cruz Roja y, confiamos, tambi\u00e9n desde la administraci\u00f3n p\u00fablica, se puedan hacer los programas e intervenciones necesarias para afrontar esas problem\u00e1ticas y disminuir la desigualdad.<\/p>\n<p><strong>Desde la C\u00e1tedra, investigadores de la UPO prestar\u00e9is asesoramiento a Cruz Roja Espa\u00f1ola. \u00bfCu\u00e1l es la finalidad de esta colaboraci\u00f3n?<\/strong><\/p>\n<p>Las c\u00e1tedras institucionales suelen establecerse como lazos entre la Universidad y la sociedad para que ambas partes podamos dar lo mejor de nosotras mismas. \u00bfQu\u00e9 queremos decir con esto? A veces a la Universidad se le reprocha que est\u00e1 encerrada en sus despachos y que no presta atenci\u00f3n a la realidad. No tiene por qu\u00e9 ser as\u00ed y, de hecho, entre otras much\u00edsimas acciones, estas c\u00e1tedras ponen el acento en usar el conocimiento que generamos en la Universidad para transformar y mejorar la realidad social, que, en el caso de la presencia de la soledad no deseada, es un problema que lleva a otros, como problemas de salud, de pobreza, de brecha tecnol\u00f3gica&#8230;<\/p>\n<p>Es lo que queremos hacer Con Cruz Roja Sevilla: colaborar y asesorar con el conocimiento que generamos para que as\u00ed puedan hacer programas e intervenciones que, a\u00fan m\u00e1s si cabe \u2013Cruz Roja en este sentido lo hace muy bien\u2013, est\u00e9n basadas en el rigor cient\u00edfico y en los datos. Dicho de otro modo, y respondiendo a la pregunta directa, la finalidad de esta colaboraci\u00f3n es mejorar la vida de las personas y familias que est\u00e9n o se puedan encontrar en riesgo de soledad no deseada \u2013adem\u00e1s de otras problem\u00e1ticas\u2013 y que eso les pueda afectar a su cotidianeidad.<\/p>\n<p><strong>\u00bfQu\u00e9 planes futuros ten\u00e9is en mente?<\/strong><\/p>\n<p>Para este primer semestre del 2022 tenemos un programa de actividades que permita dar a conocer y poner en marcha la C\u00e1tedra. Aparte del proyecto piloto que hemos comentado, tambi\u00e9n haremos actividades de divulgaci\u00f3n y formaci\u00f3n para la primavera. \u00a1Informaremos puntualmente!<\/p>\n","protected":false},"excerpt":{"rendered":"<p>Entrevista al profesor del Departamento de Sociolog\u00eda Juan Manuel Garc\u00eda Gonz\u00e1lez, director de la C\u00e1tedra Cruz Roja Sevilla en Estudios sobre Soledad no Deseada.<\/p>\n","protected":false},"author":2,"featured_media":30870665,"comment_status":"closed","ping_status":"open","sticky":false,"template":"","format":"standard","meta":{"_monsterinsights_skip_tracking":false,"_monsterinsights_sitenote_active":false,"_monsterinsights_sitenote_note":"","_monsterinsights_sitenote_category":0,"footnotes":""},"categories":[24],"tags":[6628,358,7618,6601,1090,7619,970,56,6835,7620],"class_list":["post-30870664","post","type-post","status-publish","format-standard","has-post-thumbnail","hentry","category-entrevista","tag-aislamiento","tag-catedra","tag-catedra-cruz-roja-sevilla-en-estudios-sobre-soledad-no-deseada","tag-covid-19","tag-cruz-roja","tag-demografia-e-investigacion-social-en-salud","tag-divulgacion","tag-investigacion","tag-soledad","tag-vulnerabilidad"],"_links":{"self":[{"href":"https:\/\/www.upo.es\/diario\/wp-json\/wp\/v2\/posts\/30870664","targetHints":{"allow":["GET"]}}],"collection":[{"href":"https:\/\/www.upo.es\/diario\/wp-json\/wp\/v2\/posts"}],"about":[{"href":"https:\/\/www.upo.es\/diario\/wp-json\/wp\/v2\/types\/post"}],"author":[{"embeddable":true,"href":"https:\/\/www.upo.es\/diario\/wp-json\/wp\/v2\/users\/2"}],"replies":[{"embeddable":true,"href":"https:\/\/www.upo.es\/diario\/wp-json\/wp\/v2\/comments?post=30870664"}],"version-history":[{"count":2,"href":"https:\/\/www.upo.es\/diario\/wp-json\/wp\/v2\/posts\/30870664\/revisions"}],"predecessor-version":[{"id":30870672,"href":"https:\/\/www.upo.es\/diario\/wp-json\/wp\/v2\/posts\/30870664\/revisions\/30870672"}],"wp:featuredmedia":[{"embeddable":true,"href":"https:\/\/www.upo.es\/diario\/wp-json\/wp\/v2\/media\/30870665"}],"wp:attachment":[{"href":"https:\/\/www.upo.es\/diario\/wp-json\/wp\/v2\/media?parent=30870664"}],"wp:term":[{"taxonomy":"category","embeddable":true,"href":"https:\/\/www.upo.es\/diario\/wp-json\/wp\/v2\/categories?post=30870664"},{"taxonomy":"post_tag","embeddable":true,"href":"https:\/\/www.upo.es\/diario\/wp-json\/wp\/v2\/tags?post=30870664"}],"curies":[{"name":"wp","href":"https:\/\/api.w.org\/{rel}","templated":true}]}}