{"id":30870690,"date":"2022-02-08T11:04:23","date_gmt":"2022-02-08T10:04:23","guid":{"rendered":"https:\/\/www.upo.es\/diario\/?p=30870690"},"modified":"2022-02-09T15:55:22","modified_gmt":"2022-02-09T14:55:22","slug":"escuela-percusion-sur-sevilla","status":"publish","type":"post","link":"https:\/\/www.upo.es\/diario\/cultura-social\/2022\/02\/escuela-percusion-sur-sevilla\/","title":{"rendered":"El poder transformador de la m\u00fasica ya suena en el sur de Sevilla"},"content":{"rendered":"<p><a href=\"https:\/\/www.upo.es\/diario\/wp-content\/uploads\/2022\/02\/Escuela-Percusion-scaled.jpg\"><img loading=\"lazy\" decoding=\"async\" class=\"aligncenter size-large wp-image-30870691\" src=\"https:\/\/www.upo.es\/diario\/wp-content\/uploads\/2022\/02\/Escuela-Percusion-750x500.jpg\" alt=\"Escuela de Percusi\u00f3n en el colegio Paz y Amistad\" width=\"750\" height=\"500\" srcset=\"https:\/\/www.upo.es\/diario\/wp-content\/uploads\/2022\/02\/Escuela-Percusion-750x500.jpg 750w, https:\/\/www.upo.es\/diario\/wp-content\/uploads\/2022\/02\/Escuela-Percusion-360x240.jpg 360w, https:\/\/www.upo.es\/diario\/wp-content\/uploads\/2022\/02\/Escuela-Percusion-768x512.jpg 768w, https:\/\/www.upo.es\/diario\/wp-content\/uploads\/2022\/02\/Escuela-Percusion-1536x1024.jpg 1536w, https:\/\/www.upo.es\/diario\/wp-content\/uploads\/2022\/02\/Escuela-Percusion-2048x1365.jpg 2048w\" sizes=\"auto, (max-width: 750px) 100vw, 750px\" \/><\/a>Una <strong>nueva iniciativa de formaci\u00f3n musical ha dado comienzo recientemente para los ni\u00f1os y ni\u00f1as de los barrios del sur de Sevilla<\/strong>. Se trata de un proyecto del Vicerrectorado de Cultura y Pol\u00edticas Sociales, en coordinaci\u00f3n con la Asociaci\u00f3n Cultural y Musical Nuestra Se\u00f1ora del Sol. <a href=\"https:\/\/www.upo.es\/diario\/cultura-social\/2021\/07\/formacion-musical-jovenes-poligono-sur\/\">Ambas entidades suscribieron el pasado mes de julio un convenio de colaboraci\u00f3n<\/a> que ya est\u00e1 dando sus primeros frutos.<\/p>\n<p>Se trata de una <strong>escuela de percusi\u00f3n radicada en el Colegio Paz y Amistad<\/strong>, dirigida por m\u00fasicos de esta Asociaci\u00f3n en coordinaci\u00f3n con el profesorado de m\u00fasica del colegio, que cuenta adem\u00e1s con el apoyo del <strong>Centro de Innovaci\u00f3n Social y Cultural de la Residencia Universitaria Flora Trist\u00e1n<\/strong>, la <strong>Asociaci\u00f3n Entre Amigos<\/strong> y la financiaci\u00f3n de la <strong>Diputaci\u00f3n Provincial de Sevilla<\/strong>.<\/p>\n<p>La motivaci\u00f3n del alumnado se ve incentivada mediante la creaci\u00f3n de una aut\u00e9ntica <em>Drum Line<\/em>. Aunque las bandas de percusi\u00f3n no son demasiado habituales en nuestra regi\u00f3n, s\u00ed lo son fuera de nuestras fronteras conocidas popularmente como <em>Drum Line<\/em>, forman parte de las bandas de desfile o animaci\u00f3n muy frecuentes en contextos universitarios y deportivos.<\/p>\n<p><a href=\"https:\/\/www.upo.es\/diario\/wp-content\/uploads\/2022\/02\/Escuela-Percusion-2-scaled.jpg\"><img loading=\"lazy\" decoding=\"async\" class=\"alignright size-medium wp-image-30870693\" src=\"https:\/\/www.upo.es\/diario\/wp-content\/uploads\/2022\/02\/Escuela-Percusion-2-360x240.jpg\" alt=\"\" width=\"360\" height=\"240\" srcset=\"https:\/\/www.upo.es\/diario\/wp-content\/uploads\/2022\/02\/Escuela-Percusion-2-360x240.jpg 360w, https:\/\/www.upo.es\/diario\/wp-content\/uploads\/2022\/02\/Escuela-Percusion-2-750x500.jpg 750w, https:\/\/www.upo.es\/diario\/wp-content\/uploads\/2022\/02\/Escuela-Percusion-2-768x512.jpg 768w, https:\/\/www.upo.es\/diario\/wp-content\/uploads\/2022\/02\/Escuela-Percusion-2-1536x1024.jpg 1536w, https:\/\/www.upo.es\/diario\/wp-content\/uploads\/2022\/02\/Escuela-Percusion-2-2048x1365.jpg 2048w\" sizes=\"auto, (max-width: 360px) 100vw, 360px\" \/><\/a>En el d\u00eda de ayer, la escuela fue visitada por miembros del equipo de gobierno de la universidad; por <strong>Pepe Serrano<\/strong>, de la Asociaci\u00f3n Entre Amigos; y por <strong>Mar\u00eda de los Reyes Ortiz<\/strong>, presidenta de la Asociaci\u00f3n Nuestra Se\u00f1ora del Sol, quien declar\u00f3 que \u201cla m\u00fasica puede servir de herramienta de expresi\u00f3n y fortalecimiento en las capacidades personales, lo que cobra mayor importancia si cabe en la infancia. Por eso consideramos tan importante colaborar con este proyecto\u201d.<\/p>\n<p>Por su parte, el vicerrector de Cultura y Pol\u00edticas Sociales de la Universidad Pablo de Olavide, <strong>David Cobos<\/strong>, coment\u00f3 que \u201ces bien sabido que la pr\u00e1ctica musical en conjunto es \u00fatil para crear nexos sociales, reforzar el respeto y fortalecer la autoestima fomentando la sociabilidad, la tolerancia, la empat\u00eda y el trabajo en equipo\u201d y manifest\u00f3 su enorme satisfacci\u00f3n por la materializaci\u00f3n de este proyecto de formaci\u00f3n musical.<\/p>\n","protected":false},"excerpt":{"rendered":"<p>Una nueva iniciativa de formaci\u00f3n musical ha dado comienzo recientemente para los ni\u00f1os y ni\u00f1as de los barrios del sur de Sevilla. Se trata de un proyecto del Vicerrectorado de Cultura y Pol\u00edticas Sociales, en coordinaci\u00f3n con la Asociaci\u00f3n Cultural y Musical Nuestra Se\u00f1ora del Sol. Ambas entidades suscribieron el pasado mes de julio un convenio de colaboraci\u00f3n que ya est\u00e1 dando sus primeros frutos. <\/p>\n","protected":false},"author":6,"featured_media":30870691,"comment_status":"closed","ping_status":"open","sticky":false,"template":"","format":"standard","meta":{"_monsterinsights_skip_tracking":false,"_monsterinsights_sitenote_active":false,"_monsterinsights_sitenote_note":"","_monsterinsights_sitenote_category":0,"footnotes":""},"categories":[5843],"tags":[7758,357],"class_list":["post-30870690","post","type-post","status-publish","format-standard","has-post-thumbnail","hentry","category-cultura-social","tag-escuela-de-percusion","tag-poligono-sur"],"_links":{"self":[{"href":"https:\/\/www.upo.es\/diario\/wp-json\/wp\/v2\/posts\/30870690","targetHints":{"allow":["GET"]}}],"collection":[{"href":"https:\/\/www.upo.es\/diario\/wp-json\/wp\/v2\/posts"}],"about":[{"href":"https:\/\/www.upo.es\/diario\/wp-json\/wp\/v2\/types\/post"}],"author":[{"embeddable":true,"href":"https:\/\/www.upo.es\/diario\/wp-json\/wp\/v2\/users\/6"}],"replies":[{"embeddable":true,"href":"https:\/\/www.upo.es\/diario\/wp-json\/wp\/v2\/comments?post=30870690"}],"version-history":[{"count":4,"href":"https:\/\/www.upo.es\/diario\/wp-json\/wp\/v2\/posts\/30870690\/revisions"}],"predecessor-version":[{"id":30870708,"href":"https:\/\/www.upo.es\/diario\/wp-json\/wp\/v2\/posts\/30870690\/revisions\/30870708"}],"wp:featuredmedia":[{"embeddable":true,"href":"https:\/\/www.upo.es\/diario\/wp-json\/wp\/v2\/media\/30870691"}],"wp:attachment":[{"href":"https:\/\/www.upo.es\/diario\/wp-json\/wp\/v2\/media?parent=30870690"}],"wp:term":[{"taxonomy":"category","embeddable":true,"href":"https:\/\/www.upo.es\/diario\/wp-json\/wp\/v2\/categories?post=30870690"},{"taxonomy":"post_tag","embeddable":true,"href":"https:\/\/www.upo.es\/diario\/wp-json\/wp\/v2\/tags?post=30870690"}],"curies":[{"name":"wp","href":"https:\/\/api.w.org\/{rel}","templated":true}]}}