{"id":30870723,"date":"2022-02-09T14:01:06","date_gmt":"2022-02-09T13:01:06","guid":{"rendered":"https:\/\/www.upo.es\/diario\/?p=30870723"},"modified":"2022-02-16T15:03:47","modified_gmt":"2022-02-16T14:03:47","slug":"upo-plazas-nuevo-ingreso","status":"publish","type":"post","link":"https:\/\/www.upo.es\/diario\/institucional\/2022\/02\/upo-plazas-nuevo-ingreso\/","title":{"rendered":"La Universidad Pablo de Olavide oferta un total de 2633 plazas de nuevo ingreso en sus 48 estudios de grado para el pr\u00f3ximo curso"},"content":{"rendered":"<p>&nbsp;<\/p>\n<p><a href=\"https:\/\/www.upo.es\/diario\/wp-content\/uploads\/2019\/04\/estudiantes-campus-UPO-1.jpg\"><img loading=\"lazy\" decoding=\"async\" class=\"alignright wp-image-30855886 size-medium\" src=\"https:\/\/www.upo.es\/diario\/wp-content\/uploads\/2019\/04\/estudiantes-campus-UPO-1-320x213.jpg\" alt=\"Estudiantes en clase, campus de la Universidad Pablo de Olavide\" width=\"320\" height=\"213\" srcset=\"https:\/\/www.upo.es\/diario\/wp-content\/uploads\/2019\/04\/estudiantes-campus-UPO-1-320x213.jpg 320w, https:\/\/www.upo.es\/diario\/wp-content\/uploads\/2019\/04\/estudiantes-campus-UPO-1-768x512.jpg 768w, https:\/\/www.upo.es\/diario\/wp-content\/uploads\/2019\/04\/estudiantes-campus-UPO-1-600x400.jpg 600w, https:\/\/www.upo.es\/diario\/wp-content\/uploads\/2019\/04\/estudiantes-campus-UPO-1-165x109.jpg 165w\" sizes=\"auto, (max-width: 320px) 100vw, 320px\" \/><\/a>El Consejo de Gobierno de la Universidad Pablo de Olavide, presidido por el rector Francisco Oliva Bl\u00e1zquez, ha aprobado en su 14\u00aa sesi\u00f3n, l<strong>a oferta acad\u00e9mica y plazas de nuevo ingreso de grado y m\u00e1ster universitario para el curso 2022-2023.<\/strong><\/p>\n<p>En este sentido, la Universidad Pablo de Olavide oferta un total de 2633 plazas para el estudiantado de nuevo ingreso en sus 48 <strong>estudios de grado<\/strong>, de los que 40 se impartir\u00e1n en el Campus de la UPO (2127 plazas) y 8 en el centro adscrito San Isidoro de Sevilla (506 plazas).<\/p>\n<p>Las titulaciones impartidas en la UPO se distribuyen en 23 grados, a los que corresponden 1500 plazas, y 17 dobles grados, con 627 plazas. Por su parte, el centro adscrito San Isidoro de Sevilla ofrece 6 grados con 462 plazas y 2 dobles grados con 44 plazas.<\/p>\n<p>En relaci\u00f3n con los <strong>m\u00e1steres universitarios<\/strong>, la Universidad Pablo de Olavide ofertar\u00e1 para el pr\u00f3ximo curso un total de 1339 plazas de nuevo ingreso en sus 43 programas de postgrados oficiales. Como novedad, se incluyen el <strong>M\u00e1ster en Metodolog\u00eda Aplicada a las Pol\u00edticas P\u00fablicas. Fundamentos, Investigaci\u00f3n y Pr\u00e1ctica<\/strong> y una nueva formulaci\u00f3n del M\u00e1ster en Derecho de las Nuevas Tecnolog\u00edas, ambos pendientes de resoluci\u00f3n de verificaci\u00f3n por parte de la Direcci\u00f3n de Evaluaci\u00f3n y Acreditaci\u00f3n (DEVA). Asimismo, y tambi\u00e9n pendiente de verificaci\u00f3n, el M\u00e1ster en Ense\u00f1anza Biling\u00fce se convierte en interuniversitario y se ofertar\u00e1 junto a la Universidad Internacional de Andaluc\u00eda.<\/p>\n<p><strong>GRADOS Y DOBLES GRADOS<\/strong><\/p>\n<p>La <strong>oferta acad\u00e9mica de la UPO <\/strong>para el pr\u00f3ximo curso 2022-2023 incluye:<\/p>\n<p><strong>Grados:<\/strong> Humanidades; Traducci\u00f3n e Interpretaci\u00f3n (ingl\u00e9s, franc\u00e9s y alem\u00e1n); Geograf\u00eda e Historia; Derecho; Relaciones Laborales y Recursos Humanos; Ciencias Pol\u00edticas y de la Administraci\u00f3n; Administraci\u00f3n y Direcci\u00f3n de Empresas en espa\u00f1ol y en ingl\u00e9s; Finanzas y Contabilidad; Criminolog\u00eda; An\u00e1lisis Econ\u00f3mico; Trabajo Social; Educaci\u00f3n Social; Ciencias de la Actividad F\u00edsica y del Deporte; Sociolog\u00eda; Biotecnolog\u00eda; Ciencias Ambientales; Ingenier\u00eda Inform\u00e1tica en Sistemas de la Informaci\u00f3n; Nutrici\u00f3n Humana y Diet\u00e9tica; Relaciones Internacionales; y Derecho y <em>Bachelor of Laws<\/em> por la Universidad de Bayreuth (Alemania) y la Universidad Pablo de Olavide.<strong>\u00a0<\/strong><\/p>\n<p><strong>Dobles Grados:<\/strong> Humanidades y Traducci\u00f3n e Interpretaci\u00f3n; Administraci\u00f3n y Direcci\u00f3n de Empresas y Derecho (en espa\u00f1ol y con ADE en ingl\u00e9s); Derecho y Finanzas y Contabilidad; Derecho y Ciencias Pol\u00edticas y de la Administraci\u00f3n; Derecho y Criminolog\u00eda; Derecho y Relaciones Laborales y Recursos Humanos; Ciencias Pol\u00edticas y de la Administraci\u00f3n y Sociolog\u00eda; Trabajo Social y Educaci\u00f3n Social; Trabajo Social y Sociolog\u00eda; Ciencias Ambientales y Geograf\u00eda e Historia; Ingenier\u00eda Agr\u00edcola (US) y Ciencias Ambientales (UPO); Geograf\u00eda e Historia y Relaciones Internacionales; Relaciones Internacionales y Derecho; Relaciones Internacionales y Ciencias Pol\u00edticas y de la Administraci\u00f3n; y Traducci\u00f3n e Interpretaci\u00f3n (Alem\u00e1n y Franc\u00e9s) y Relaciones Internacionales.<\/p>\n<p>Por su parte, el <strong>centro adscrito de la UPO San Isidoro de Sevilla<\/strong> ofertar\u00e1:<\/p>\n<p><strong>Grados:<\/strong> Fisioterapia; Administraci\u00f3n y Direcci\u00f3n de Empresas; Comunicaci\u00f3n; Ciencias de la Actividad F\u00edsica y del Deporte; Derecho; y Comunicaci\u00f3n Digital.<strong>\u00a0<\/strong><\/p>\n<p><strong>Dobles Grados:<\/strong> Comunicaci\u00f3n y Comunicaci\u00f3n Digital; y Administraci\u00f3n y Direcci\u00f3n de Empresas y Derecho.<\/p>\n<p>La oferta total de plazas de la Universidad Pablo de Olavide asignada a cada titulaci\u00f3n queda reflejada en el siguiente cuadro:<\/p>\n<p>&nbsp;<\/p>\n<table width=\"0\">\n<tbody>\n<tr>\n<td width=\"359\"><strong>GRADOS UNIVERSITARIOS<\/strong><\/td>\n<td width=\"208\"><strong>\u00a0<\/strong><\/p>\n<p><strong>CENTRO<\/strong><\/p>\n<p><strong>\u00a0<\/strong><\/td>\n<td width=\"85\"><strong>N\u00ba DE PLAZAS<\/strong><\/p>\n<p><strong>22-23<\/strong><\/td>\n<\/tr>\n<tr>\n<td width=\"359\">Grado en Administraci\u00f3n y Direcci\u00f3n de Empresas<\/td>\n<td width=\"208\">Facultad de CC. Empresariales<\/td>\n<td width=\"85\">100<\/td>\n<\/tr>\n<tr>\n<td width=\"359\">Grado en Administraci\u00f3n y Direcci\u00f3n de Empresas (Ingl\u00e9s)<\/td>\n<td width=\"208\">Facultad de CC. Empresariales<\/td>\n<td width=\"85\">22<\/td>\n<\/tr>\n<tr>\n<td width=\"359\">Grado en An\u00e1lisis Econ\u00f3mico<\/td>\n<td width=\"208\">Facultad de CC. Empresariales<\/td>\n<td width=\"85\">60<\/td>\n<\/tr>\n<tr>\n<td width=\"359\">Grado en Biotecnolog\u00eda<\/td>\n<td width=\"208\">Facultad de CC. Experimentales<\/td>\n<td width=\"85\">60<\/td>\n<\/tr>\n<tr>\n<td width=\"359\">Grado en Ciencias Ambientales<\/td>\n<td width=\"208\">Facultad de CC. Experimentales<\/td>\n<td width=\"85\">100<\/td>\n<\/tr>\n<tr>\n<td width=\"359\">Grado en Ciencias de la Actividad F\u00edsica y del Deporte<\/td>\n<td width=\"208\">Facultad de CC. del Deporte<\/td>\n<td width=\"85\">140<\/td>\n<\/tr>\n<tr>\n<td width=\"359\">Grado en Ciencias Pol\u00edticas y de la Administraci\u00f3n<\/td>\n<td width=\"208\">Facultad de Derecho<\/td>\n<td width=\"85\">25<\/td>\n<\/tr>\n<tr>\n<td width=\"359\">Grado en Criminolog\u00eda<\/td>\n<td width=\"208\">Facultad de Derecho<\/td>\n<td width=\"85\">60<\/td>\n<\/tr>\n<tr>\n<td width=\"359\">Grado en Derecho<\/td>\n<td width=\"208\">Facultad de Derecho<\/td>\n<td width=\"85\">65<\/td>\n<\/tr>\n<tr>\n<td width=\"359\">Grado en Derecho Hispano-Alem\u00e1n con la Universidad de Bayreuth<\/td>\n<td width=\"208\">Facultad de Derecho<\/td>\n<td width=\"85\">15<\/td>\n<\/tr>\n<tr>\n<td width=\"359\">Grado en Educaci\u00f3n Social<\/td>\n<td width=\"208\">Facultad de CC. Sociales<\/td>\n<td width=\"85\">60<\/td>\n<\/tr>\n<tr>\n<td width=\"359\">Grado en Finanzas y Contabilidad<\/td>\n<td width=\"208\">Facultad de CC. Empresariales<\/td>\n<td width=\"85\">108<\/td>\n<\/tr>\n<tr>\n<td width=\"359\">Grado en Geograf\u00eda e Historia<\/td>\n<td width=\"208\">Facultad de Humanidades<\/td>\n<td width=\"85\">34<\/td>\n<\/tr>\n<tr>\n<td width=\"359\">Grado en Humanidades<\/td>\n<td width=\"208\">Facultad de Humanidades<\/td>\n<td width=\"85\">30<\/td>\n<\/tr>\n<tr>\n<td width=\"359\">Grado en Ingenier\u00eda Inform\u00e1tica en Sistemas de Informaci\u00f3n<\/td>\n<td width=\"208\">Escuela Polit\u00e9cnica Superior<\/td>\n<td width=\"85\">75<\/td>\n<\/tr>\n<tr>\n<td width=\"359\">Grado en Nutrici\u00f3n Humana y Diet\u00e9tica<\/td>\n<td width=\"208\">Facultad de CC. Experimentales<\/td>\n<td width=\"85\">60<\/td>\n<\/tr>\n<tr>\n<td width=\"359\">Grado en Relaciones Internacionales<\/td>\n<td width=\"208\">Facultad de Derecho<\/td>\n<td width=\"85\">20<\/td>\n<\/tr>\n<tr>\n<td width=\"359\">Grado en Relaciones Laborales y Recursos Humanos<\/td>\n<td width=\"208\">Facultad de Derecho<\/td>\n<td width=\"85\">100<\/td>\n<\/tr>\n<tr>\n<td width=\"359\">Grado en Sociolog\u00eda<\/td>\n<td width=\"208\">Facultad de CC. Sociales<\/td>\n<td width=\"85\">46<\/td>\n<\/tr>\n<tr>\n<td width=\"359\">Grado en Trabajo Social<\/td>\n<td width=\"208\">Facultad de CC. Sociales<\/td>\n<td width=\"85\">160<\/td>\n<\/tr>\n<tr>\n<td width=\"359\">Grado en Traducci\u00f3n e Interpretaci\u00f3n: Alem\u00e1n<\/td>\n<td width=\"208\">Facultad de Humanidades<\/td>\n<td width=\"85\">20<\/td>\n<\/tr>\n<tr>\n<td width=\"359\">Grado en Traducci\u00f3n e Interpretaci\u00f3n: Franc\u00e9s<\/td>\n<td width=\"208\">Facultad de Humanidades<\/td>\n<td width=\"85\">20<\/td>\n<\/tr>\n<tr>\n<td width=\"359\">Grado en Traducci\u00f3n e Interpretaci\u00f3n: Ingl\u00e9s<\/td>\n<td width=\"208\">Facultad de Humanidades<\/td>\n<td width=\"85\">120<\/td>\n<\/tr>\n<tr>\n<td colspan=\"3\" width=\"652\"><strong>\u00a0<\/strong><\/p>\n<p><strong>DOBLES GRADOS UNIVERSITARIOS\u00a0\u00a0\u00a0\u00a0\u00a0\u00a0\u00a0\u00a0\u00a0\u00a0\u00a0\u00a0\u00a0 <\/strong><\/p>\n<p><strong>\u00a0<\/strong><\/td>\n<\/tr>\n<tr>\n<td width=\"359\">Doble Grado: Administraci\u00f3n y Direcci\u00f3n de Empresas y Derecho<\/td>\n<td width=\"208\">Facultades de CC. Empresariales y de Derecho<\/td>\n<td width=\"85\">100<\/td>\n<\/tr>\n<tr>\n<td width=\"359\">Doble Grado: Administraci\u00f3n y Direcci\u00f3n de Empresas (Ingl\u00e9s) y Derecho<\/td>\n<td width=\"208\">Facultades de CC. Empresariales y de Derecho<\/td>\n<td width=\"85\">50<\/td>\n<\/tr>\n<tr>\n<td width=\"359\">Doble Grado: Ciencias Ambientales y Geograf\u00eda e Historia<\/td>\n<td width=\"208\">Facultades de CC. Experimentales y de Humanidades<\/td>\n<td width=\"85\">12<\/td>\n<\/tr>\n<tr>\n<td width=\"359\">Doble Grado: Derecho y Ciencias Pol\u00edticas y de la Administraci\u00f3n<\/td>\n<td width=\"208\">Facultad de Derecho<\/td>\n<td width=\"85\">60<\/td>\n<\/tr>\n<tr>\n<td width=\"359\">Doble Grado: Derecho y Criminolog\u00eda<\/td>\n<td width=\"208\">Facultad de Derecho<\/td>\n<td width=\"85\">40<\/td>\n<\/tr>\n<tr>\n<td width=\"359\">Doble Grado: Derecho y Finanzas y Contabilidad<\/td>\n<td width=\"208\">Facultades de Derecho y de CC. Empresariales<\/td>\n<td width=\"85\">60<\/td>\n<\/tr>\n<tr>\n<td width=\"359\">Doble Grado: Derecho y Relaciones Laborales y Recursos Humanos<\/td>\n<td width=\"208\">Facultad de Derecho<\/td>\n<td width=\"85\">20<\/td>\n<\/tr>\n<tr>\n<td width=\"359\">Doble Grado: Geograf\u00eda e Historia y Relaciones Internacionales<\/td>\n<td width=\"208\">Facultades de Humanidades y de Derecho<\/td>\n<td width=\"85\">20<\/td>\n<\/tr>\n<tr>\n<td width=\"359\">Doble Grado: Humanidades y Traducci\u00f3n e Interpretaci\u00f3n (Ingl\u00e9s)<\/td>\n<td width=\"208\">Facultad de Humanidades<\/td>\n<td width=\"85\">30<\/td>\n<\/tr>\n<tr>\n<td width=\"359\">Doble Grado: Ingenier\u00eda Agr\u00edcola (US) y Ciencias Ambientales (UPO)<\/td>\n<td width=\"208\">Facultad de CC. Experimentales<\/td>\n<td width=\"85\">20<\/td>\n<\/tr>\n<tr>\n<td width=\"359\">Doble Grado: Relaciones Internacionales y Derecho<\/td>\n<td width=\"208\">Facultad de Derecho<\/td>\n<td width=\"85\">20<\/td>\n<\/tr>\n<tr>\n<td width=\"359\">Doble Grado: Relaciones Internacionales y CC. Pol\u00edticas y de la Administraci\u00f3n<\/td>\n<td width=\"208\">Facultad de Derecho<\/td>\n<td width=\"85\">15<\/td>\n<\/tr>\n<tr>\n<td width=\"359\">Doble Grado: Sociolog\u00eda y Ciencias Pol\u00edticas y de la Administraci\u00f3n<\/td>\n<td width=\"208\">Facultades de CC. Sociales y de Derecho<\/td>\n<td width=\"85\">40<\/td>\n<\/tr>\n<tr>\n<td width=\"359\">Doble Grado: Sociolog\u00eda y Trabajo Social<\/td>\n<td width=\"208\">Facultad de CC. Sociales<\/td>\n<td width=\"85\">60<\/td>\n<\/tr>\n<tr>\n<td width=\"359\">Doble Grado: Trabajo Social y Educaci\u00f3n Social<\/td>\n<td width=\"208\">Facultad de CC. Sociales<\/td>\n<td width=\"85\">60<\/td>\n<\/tr>\n<tr>\n<td width=\"359\">Doble Grado: Traducci\u00f3n e Interpretaci\u00f3n (Alem\u00e1n) y Relaciones Internacionales<\/td>\n<td width=\"208\">Facultades de Humanidades y de Derecho<\/td>\n<td width=\"85\">10<\/td>\n<\/tr>\n<tr>\n<td width=\"359\">Doble Grado: Traducci\u00f3n e Interpretaci\u00f3n (Franc\u00e9s) y Relaciones Internacionales<\/td>\n<td width=\"208\">Facultades de Humanidades y de Derecho<\/td>\n<td width=\"85\">10<\/td>\n<\/tr>\n<tr>\n<td width=\"359\"><\/td>\n<td colspan=\"2\" width=\"293\"><\/td>\n<\/tr>\n<tr>\n<td width=\"359\"><strong>\u00a0<\/strong><\/td>\n<td width=\"208\"><strong>TOTAL:<\/strong><\/td>\n<td width=\"85\"><strong>2127<\/strong><\/td>\n<\/tr>\n<\/tbody>\n<\/table>\n<p>Por su parte, el siguiente cuadro muestra la oferta de plazas de nuevo ingreso para el Centro Adscrito San Isidoro:<\/p>\n<p>&nbsp;<\/p>\n<table width=\"0\">\n<tbody>\n<tr>\n<td width=\"359\"><strong>GRADOS UNIVERSITARIOS<\/strong><\/td>\n<td width=\"208\"><strong>\u00a0<\/strong><\/p>\n<p><strong>CENTRO<\/strong><\/p>\n<p><strong>\u00a0<\/strong><\/td>\n<td width=\"85\"><strong>N\u00ba DE PLAZAS<\/strong><\/p>\n<p><strong>22-23<\/strong><\/td>\n<\/tr>\n<tr>\n<td width=\"359\">Grado en Administraci\u00f3n y Direcci\u00f3n de Empresas<\/p>\n<p>Centro Adscrito San Isidoro<\/td>\n<td width=\"208\">Centro Adscrito San Isidoro<\/td>\n<td width=\"85\">80<\/td>\n<\/tr>\n<tr>\n<td width=\"359\">Grado en Ciencias de la Actividad F\u00edsica y del Deporte<\/td>\n<td width=\"208\">Centro Adscrito San Isidoro<\/td>\n<td width=\"85\">110<\/td>\n<\/tr>\n<tr>\n<td width=\"359\">Grado en Comunicaci\u00f3n<\/td>\n<td width=\"208\">Centro Adscrito San Isidoro<\/td>\n<td width=\"85\">74<\/td>\n<\/tr>\n<tr>\n<td width=\"359\">Grado en Comunicaci\u00f3n Digital<\/td>\n<td width=\"208\">Centro Adscrito San Isidoro<\/td>\n<td width=\"85\">50<\/td>\n<\/tr>\n<tr>\n<td width=\"359\">Grado en Derecho<\/td>\n<td width=\"208\">Centro Adscrito San Isidoro<\/td>\n<td width=\"85\">60<\/td>\n<\/tr>\n<tr>\n<td width=\"359\">Grado en Fisioterapia<\/td>\n<td width=\"208\">Centro Adscrito San Isidoro<\/td>\n<td width=\"85\">88<\/td>\n<\/tr>\n<tr>\n<td colspan=\"3\" width=\"652\"><strong>\u00a0<\/strong><\/p>\n<p><strong>DOBLES GRADOS UNIVERSITARIOS\u00a0\u00a0\u00a0\u00a0\u00a0\u00a0\u00a0\u00a0\u00a0\u00a0\u00a0\u00a0\u00a0 <\/strong><\/p>\n<p><strong>\u00a0<\/strong><\/td>\n<\/tr>\n<tr>\n<td width=\"359\">Doble Grado: Administraci\u00f3n y Direcci\u00f3n de Empresas y Derecho<\/td>\n<td width=\"208\">Centro Adscrito San Isidoro<\/td>\n<td width=\"85\">28<\/td>\n<\/tr>\n<tr>\n<td width=\"359\">Doble Grado: Comunicaci\u00f3n y Comunicaci\u00f3n Digital<\/td>\n<td width=\"208\">Centro Adscrito San Isidoro<\/td>\n<td width=\"85\">16<\/td>\n<\/tr>\n<tr>\n<td width=\"359\"><\/td>\n<td colspan=\"2\" width=\"293\"><\/td>\n<\/tr>\n<tr>\n<td width=\"359\"><strong>\u00a0<\/strong><\/td>\n<td width=\"208\"><strong>TOTAL:<\/strong><\/td>\n<td width=\"85\"><strong>506<\/strong><\/td>\n<\/tr>\n<\/tbody>\n<\/table>\n<p><strong>M\u00c1STERES UNIVERSITARIOS<\/strong><\/p>\n<p><strong>\u00a0<\/strong>La oferta total de plazas de la Universidad Pablo de Olavide asignada a cada m\u00e1ster universitario queda reflejada en el siguiente cuadro:<\/p>\n<p><strong>\u00a0<\/strong><\/p>\n<table width=\"0\">\n<tbody>\n<tr>\n<td colspan=\"2\" width=\"472\"><strong>M\u00c1STERES UNIVERSITARIOS<\/strong><\/td>\n<td width=\"180\"><strong>N\u00ba DE PLAZAS<\/strong><\/p>\n<p><strong>22-23<\/strong><\/td>\n<td width=\"1\"><\/td>\n<\/tr>\n<tr>\n<td colspan=\"2\" width=\"472\">M\u00e1ster Universitario en Abogac\u00eda<\/td>\n<td width=\"180\">40<\/td>\n<td width=\"1\"><\/td>\n<\/tr>\n<tr>\n<td colspan=\"2\" width=\"472\">M\u00e1ster Universitario en Actividad F\u00edsica y Salud<\/td>\n<td width=\"180\">25<\/td>\n<td width=\"1\"><\/td>\n<\/tr>\n<tr>\n<td colspan=\"2\" width=\"472\">M\u00e1ster Universitario en Agricultura y Ganader\u00eda Ecol\u00f3gicas<\/td>\n<td width=\"180\">15<\/td>\n<td width=\"1\"><\/td>\n<\/tr>\n<tr>\n<td colspan=\"2\" width=\"472\">M\u00e1ster Universitario en Agroecolog\u00eda: un Enfoque para la Sustentabilidad Rural<\/td>\n<td width=\"180\">15<\/td>\n<td width=\"1\"><\/td>\n<\/tr>\n<tr>\n<td colspan=\"2\" width=\"472\">M\u00e1ster Universitario en An\u00e1lisis Hist\u00f3rico del Mundo Actual<\/td>\n<td width=\"180\">7<\/td>\n<td width=\"1\"><\/td>\n<\/tr>\n<tr>\n<td colspan=\"2\" width=\"472\">M\u00e1ster Universitario en Arte, Museos y Gesti\u00f3n del Patrimonio Hist\u00f3rico<\/td>\n<td width=\"180\">30<\/td>\n<td width=\"1\"><\/td>\n<\/tr>\n<tr>\n<td colspan=\"2\" width=\"472\">M\u00e1ster Universitario en Biodiversidad y Biolog\u00eda de la Conservaci\u00f3n<\/td>\n<td width=\"180\">27<\/td>\n<td width=\"1\"><\/td>\n<\/tr>\n<tr>\n<td colspan=\"2\" width=\"472\">M\u00e1ster Universitario en Biotecnolog\u00eda Ambiental, Industrial y Alimentaria<\/td>\n<td width=\"180\">30<\/td>\n<td width=\"1\"><\/td>\n<\/tr>\n<tr>\n<td colspan=\"2\" width=\"472\">M\u00e1ster Universitario en Biotecnolog\u00eda Sanitaria<\/td>\n<td width=\"180\">30<\/td>\n<td width=\"1\"><\/td>\n<\/tr>\n<tr>\n<td colspan=\"2\" width=\"472\">M\u00e1ster Universitario en Cambio Clim\u00e1tico, Carbono y Recursos H\u00eddricos<\/td>\n<td width=\"180\">25<\/td>\n<td width=\"1\"><\/td>\n<\/tr>\n<tr>\n<td colspan=\"2\" width=\"472\">M\u00e1ster Universitario en Ciencia y Tecnolog\u00eda de Aceites y Bebidas Fermentadas<\/td>\n<td width=\"180\">30<\/td>\n<td width=\"1\"><\/td>\n<\/tr>\n<tr>\n<td colspan=\"2\" width=\"472\">M\u00e1ster Universitario en Ciencias de las Religiones: Historia y Sociedad<\/td>\n<td width=\"180\">20<\/td>\n<td width=\"1\"><\/td>\n<\/tr>\n<tr>\n<td colspan=\"2\" width=\"472\">M\u00e1ster Universitario en Ciencias Sociales Aplicadas al Medio Ambiente<\/td>\n<td width=\"180\">30<\/td>\n<td width=\"1\"><\/td>\n<\/tr>\n<tr>\n<td colspan=\"2\" width=\"472\">M\u00e1ster Universitario en Comunicaci\u00f3n Internacional, Traducci\u00f3n e Interpretaci\u00f3n<\/td>\n<td width=\"180\">30<\/td>\n<td width=\"1\"><\/td>\n<\/tr>\n<tr>\n<td colspan=\"2\" width=\"472\">M\u00e1ster Universitario en Consultor\u00eda y Auditor\u00eda Laboral<\/td>\n<td width=\"180\">30<\/td>\n<td width=\"1\"><\/td>\n<\/tr>\n<tr>\n<td colspan=\"2\" width=\"472\">M\u00e1ster Universitario en Criminolog\u00eda y Ciencia Forenses<\/td>\n<td width=\"180\">30<\/td>\n<td width=\"1\"><\/td>\n<\/tr>\n<tr>\n<td colspan=\"2\" width=\"472\">M\u00e1ster Universitario en Derecho de la Contrataci\u00f3n y Responsabilidad Civil<\/td>\n<td width=\"180\">5<\/td>\n<td width=\"1\"><\/td>\n<\/tr>\n<tr>\n<td colspan=\"2\" width=\"472\">M\u00e1ster Universitario en Derechos Humanos, Interculturalidad y Desarrollo<\/td>\n<td width=\"180\">20<\/td>\n<td width=\"1\"><\/td>\n<\/tr>\n<tr>\n<td colspan=\"2\" width=\"472\">M\u00e1ster Universitario en Diagn\u00f3stico del Estado de Conservaci\u00f3n del Patrimonio Hist\u00f3rico<\/td>\n<td width=\"180\">30<\/td>\n<td width=\"1\"><\/td>\n<\/tr>\n<tr>\n<td colspan=\"2\" width=\"472\">M\u00e1ster Universitario en Direcci\u00f3n de Empresas<\/td>\n<td width=\"180\">30<\/td>\n<td width=\"1\"><\/td>\n<\/tr>\n<tr>\n<td colspan=\"2\" width=\"472\">M\u00e1ster Universitario en Direcci\u00f3n de Negocios Internacionales<\/td>\n<td width=\"180\">35<\/td>\n<td width=\"1\"><\/td>\n<\/tr>\n<tr>\n<td colspan=\"2\" width=\"472\">M\u00e1ster Universitario en Direcci\u00f3n Estrat\u00e9gica de Recursos Humanos<\/td>\n<td width=\"180\">30<\/td>\n<td width=\"1\"><\/td>\n<\/tr>\n<tr>\n<td colspan=\"2\" width=\"472\">M\u00e1ster Universitario en Educaci\u00f3n Ambiental<\/td>\n<td width=\"180\">10<\/td>\n<td width=\"1\"><\/td>\n<\/tr>\n<tr>\n<td colspan=\"2\" width=\"472\">M\u00e1ster Universitario en Educaci\u00f3n para el Desarrollo, Sensibilizaci\u00f3n Social y Cultura de Paz<\/td>\n<td width=\"180\">30<\/td>\n<td width=\"1\"><\/td>\n<\/tr>\n<tr>\n<td colspan=\"2\" width=\"472\">M\u00e1ster Universitario en Ense\u00f1anza del Espa\u00f1ol como Lengua Extranjera (online \u2013 presencial)<\/td>\n<td width=\"180\">60<\/td>\n<td width=\"1\"><\/td>\n<\/tr>\n<tr>\n<td colspan=\"2\" width=\"472\">M\u00e1ster Universitario en Finanzas y Banca<\/td>\n<td width=\"180\">30<\/td>\n<td width=\"1\"><\/td>\n<\/tr>\n<tr>\n<td colspan=\"2\" width=\"472\">M\u00e1ster Universitario en G\u00e9nero e Igualdad<\/td>\n<td width=\"180\">30<\/td>\n<td width=\"1\"><\/td>\n<\/tr>\n<tr>\n<td colspan=\"2\" width=\"472\">M\u00e1ster Universitario en Gerontolog\u00eda y Direcci\u00f3n y Gesti\u00f3n de Centros Gerontol\u00f3gicos<\/td>\n<td width=\"180\">30<\/td>\n<td width=\"1\"><\/td>\n<\/tr>\n<tr>\n<td colspan=\"2\" width=\"472\">M\u00e1ster Universitario en Gesti\u00f3n Administrativa<\/td>\n<td width=\"180\">30<\/td>\n<td width=\"1\"><\/td>\n<\/tr>\n<tr>\n<td colspan=\"2\" width=\"472\">M\u00e1ster Universitario en Historia de Am\u00e9rica Latina: Mundos Ind\u00edgenas<\/td>\n<td width=\"180\">30<\/td>\n<td width=\"1\"><\/td>\n<\/tr>\n<tr>\n<td colspan=\"2\" width=\"472\">M\u00e1ster Universitario en Historia y Humanidades Digitales<\/td>\n<td width=\"180\">30<\/td>\n<td width=\"1\"><\/td>\n<\/tr>\n<tr>\n<td colspan=\"2\" width=\"472\">M\u00e1ster Universitario en Ingenier\u00eda Inform\u00e1tica<\/td>\n<td width=\"180\">30<\/td>\n<td width=\"1\"><\/td>\n<\/tr>\n<tr>\n<td colspan=\"2\" width=\"472\">M\u00e1ster Universitario en Intervenci\u00f3n Social, Cultura y Diversidad<\/td>\n<td width=\"180\">30<\/td>\n<td width=\"1\"><\/td>\n<\/tr>\n<tr>\n<td colspan=\"2\" width=\"472\">M\u00e1ster Universitario en Investigaci\u00f3n y An\u00e1lisis del Flamenco<\/td>\n<td width=\"180\">15<\/td>\n<td width=\"1\"><\/td>\n<\/tr>\n<tr>\n<td colspan=\"2\" width=\"472\">M\u00e1ster Universitario en Neurociencia Fundamental y Traslacional<\/td>\n<td width=\"180\">30<\/td>\n<td width=\"1\"><\/td>\n<\/tr>\n<tr>\n<td colspan=\"2\" width=\"472\">M\u00e1ster Universitario en Profesorado en ESO, Bachillerato, FP o Ense\u00f1anzas Idiomas<\/td>\n<td width=\"180\">255<\/td>\n<td width=\"1\"><\/td>\n<\/tr>\n<tr>\n<td colspan=\"2\" width=\"472\">M\u00e1ster Universitario en Relaciones Internacionales<\/td>\n<td width=\"180\">15<\/td>\n<td width=\"1\"><\/td>\n<\/tr>\n<tr>\n<td colspan=\"2\" width=\"472\">M\u00e1ster Universitario en Rendimiento F\u00edsico y Deportivo<\/td>\n<td width=\"180\">30<\/td>\n<td width=\"1\"><\/td>\n<\/tr>\n<tr>\n<td colspan=\"2\" width=\"472\">M\u00e1ster Universitario en Derecho de las Nuevas Tecnolog\u00edas<\/td>\n<td width=\"180\">5*<\/td>\n<td width=\"1\"><\/td>\n<\/tr>\n<tr>\n<td colspan=\"2\" width=\"472\">M\u00e1ster Universitario en Ense\u00f1anza Biling\u00fce<\/td>\n<td width=\"180\">25*<\/td>\n<td width=\"1\"><\/td>\n<\/tr>\n<tr>\n<td colspan=\"2\" width=\"472\">M\u00e1ster Universitario en Metodolog\u00eda Aplicada a las Pol\u00edticas P\u00fablicas. Fundamentos, Investigaci\u00f3n y Pr\u00e1ctica<\/p>\n<p>&nbsp;<\/td>\n<td width=\"180\">30*<\/td>\n<td width=\"1\"><\/td>\n<\/tr>\n<tr>\n<td colspan=\"4\" width=\"652\"><strong>\u00a0<\/strong><\/p>\n<p><strong>DOBLES M\u00c1STERES UNIVERSITARIOS<\/strong><\/p>\n<p><strong>\u00a0<\/strong><\/td>\n<\/tr>\n<tr>\n<td colspan=\"2\" width=\"472\">Doble M\u00e1ster Universitario en Abogac\u00eda y Derecho de la Contrataci\u00f3n y Responsabilidad Civil<\/td>\n<td width=\"180\">15<\/td>\n<td width=\"1\"><\/td>\n<\/tr>\n<tr>\n<td colspan=\"2\" width=\"472\">Doble M\u00e1ster Universitario en Abogac\u00eda y Derecho de las Nuevas Tecnolog\u00edas<\/td>\n<td width=\"180\">15<\/td>\n<td width=\"1\"><\/td>\n<\/tr>\n<tr>\n<td colspan=\"2\" width=\"472\"><\/td>\n<td colspan=\"2\" width=\"180\"><\/td>\n<\/tr>\n<tr>\n<td width=\"359\"><strong>\u00a0<\/strong><\/td>\n<td width=\"113\"><strong>TOTAL:<\/strong><\/td>\n<td colspan=\"2\" width=\"180\"><strong>1339<\/strong><\/td>\n<\/tr>\n<tr>\n<td width=\"359\"><\/td>\n<td width=\"113\"><\/td>\n<td width=\"180\"><\/td>\n<td width=\"1\"><\/td>\n<\/tr>\n<\/tbody>\n<\/table>\n<p>*Pendientes de resoluci\u00f3n de verificaci\u00f3n por parte de la DEVA<\/p>\n","protected":false},"excerpt":{"rendered":"<p>El Consejo de Gobierno de la Universidad Pablo de Olavide, presidido por el rector Francisco Oliva Bl\u00e1zquez, ha aprobado en su 14\u00aa sesi\u00f3n, la oferta acad\u00e9mica y plazas de nuevo ingreso de grado y m\u00e1ster universitario para el curso 2022-2023.<\/p>\n","protected":false},"author":4,"featured_media":30855886,"comment_status":"closed","ping_status":"open","sticky":false,"template":"","format":"standard","meta":{"_monsterinsights_skip_tracking":false,"_monsterinsights_sitenote_active":false,"_monsterinsights_sitenote_note":"","_monsterinsights_sitenote_category":0,"footnotes":""},"categories":[6],"tags":[1363,1973,266,1563,377,3419],"class_list":["post-30870723","post","type-post","status-publish","format-standard","has-post-thumbnail","hentry","category-institucional","tag-dobles-grados","tag-docencia","tag-grados","tag-masteres-universitarios","tag-oferta-academica","tag-plazas-nuevo-ingreso"],"_links":{"self":[{"href":"https:\/\/www.upo.es\/diario\/wp-json\/wp\/v2\/posts\/30870723","targetHints":{"allow":["GET"]}}],"collection":[{"href":"https:\/\/www.upo.es\/diario\/wp-json\/wp\/v2\/posts"}],"about":[{"href":"https:\/\/www.upo.es\/diario\/wp-json\/wp\/v2\/types\/post"}],"author":[{"embeddable":true,"href":"https:\/\/www.upo.es\/diario\/wp-json\/wp\/v2\/users\/4"}],"replies":[{"embeddable":true,"href":"https:\/\/www.upo.es\/diario\/wp-json\/wp\/v2\/comments?post=30870723"}],"version-history":[{"count":4,"href":"https:\/\/www.upo.es\/diario\/wp-json\/wp\/v2\/posts\/30870723\/revisions"}],"predecessor-version":[{"id":30870772,"href":"https:\/\/www.upo.es\/diario\/wp-json\/wp\/v2\/posts\/30870723\/revisions\/30870772"}],"wp:featuredmedia":[{"embeddable":true,"href":"https:\/\/www.upo.es\/diario\/wp-json\/wp\/v2\/media\/30855886"}],"wp:attachment":[{"href":"https:\/\/www.upo.es\/diario\/wp-json\/wp\/v2\/media?parent=30870723"}],"wp:term":[{"taxonomy":"category","embeddable":true,"href":"https:\/\/www.upo.es\/diario\/wp-json\/wp\/v2\/categories?post=30870723"},{"taxonomy":"post_tag","embeddable":true,"href":"https:\/\/www.upo.es\/diario\/wp-json\/wp\/v2\/tags?post=30870723"}],"curies":[{"name":"wp","href":"https:\/\/api.w.org\/{rel}","templated":true}]}}