{"id":30870735,"date":"2022-02-09T05:42:44","date_gmt":"2022-02-09T04:42:44","guid":{"rendered":"https:\/\/www.upo.es\/diario\/?p=30870735"},"modified":"2022-02-10T13:56:27","modified_gmt":"2022-02-10T12:56:27","slug":"presentada-en-la-upo-la-decima-edicion-de-recapacicla-programa-de-educacion-ambiental","status":"publish","type":"post","link":"https:\/\/www.upo.es\/diario\/docencia-formacion\/2022\/02\/presentada-en-la-upo-la-decima-edicion-de-recapacicla-programa-de-educacion-ambiental\/","title":{"rendered":"Presentada en la UPO la d\u00e9cima edici\u00f3n de RECAPACICLA, programa de educaci\u00f3n ambiental"},"content":{"rendered":"<p><a href=\"https:\/\/www.upo.es\/diario\/wp-content\/uploads\/2022\/02\/RECAPACICLA-scaled.jpg\"><img loading=\"lazy\" decoding=\"async\" class=\"aligncenter wp-image-30870739 size-large\" src=\"https:\/\/www.upo.es\/diario\/wp-content\/uploads\/2022\/02\/RECAPACICLA-750x500.jpg\" alt=\"\" width=\"750\" height=\"500\" srcset=\"https:\/\/www.upo.es\/diario\/wp-content\/uploads\/2022\/02\/RECAPACICLA-750x500.jpg 750w, https:\/\/www.upo.es\/diario\/wp-content\/uploads\/2022\/02\/RECAPACICLA-360x240.jpg 360w, https:\/\/www.upo.es\/diario\/wp-content\/uploads\/2022\/02\/RECAPACICLA-768x512.jpg 768w, https:\/\/www.upo.es\/diario\/wp-content\/uploads\/2022\/02\/RECAPACICLA-1536x1024.jpg 1536w, https:\/\/www.upo.es\/diario\/wp-content\/uploads\/2022\/02\/RECAPACICLA-2048x1365.jpg 2048w\" sizes=\"auto, (max-width: 750px) 100vw, 750px\" \/><\/a>Esta ma\u00f1ana ha sido presentado en el campus de la Universidad Pablo de Olavide la d\u00e9cima edici\u00f3n del <strong>programa de educaci\u00f3n ambiental sobre residuos y reciclaje dirigido a la comunidad universitaria, RECAPACICLA<\/strong>. El acto ha contado con la participaci\u00f3n de <strong>Luis Villagarc\u00eda Saiz<\/strong> como director del proyecto CEI Cambio; <strong>Antonio Gallardo<\/strong>, delegado del Rector para el Campus Sostenible; <strong>Soledad Mellando<\/strong>, t\u00e9cnica de la Delegaci\u00f3n Territorial de Desarrollo Sostenible en Sevilla de la Junta de Andaluc\u00eda; <strong>Inmaculada P\u00e9rez Calvache<\/strong>, t\u00e9cnica de Ecoembes; y <strong>Juan Jos\u00e9 Zabala<\/strong>, t\u00e9cnico de Ecovidrio.<\/p>\n<p>Realizado por primera vez en 2011, el objetivo del Programa RECAPACICLA es la sensibilizaci\u00f3n y concienciaci\u00f3n ciudadana, en especial la comunidad universitaria, ante la necesidad de fomentar la separaci\u00f3n selectiva, recuperaci\u00f3n y reciclado de residuos de envases de vidrio, de pl\u00e1stico y de papel y cart\u00f3n. Para esta edici\u00f3n, se han adaptado todos los contenidos a la situaci\u00f3n socio-sanitaria derivada de la Covid-19, iniciada ya en el curso 2019\/20. As\u00ed se ha creado un nuevo portal <a href=\"http:\/\/www.formacionrecapacicla.es\">www.formacionrecapacicla.es<\/a>, que permite la realizaci\u00f3n de seminarios web en directo, combinados con la participaci\u00f3n en foros y la resoluci\u00f3n de ejercicios pr\u00e1cticos.<\/p>\n<p>Recientemente ha finalizado en la Universidad Pablo de Olavide un curso en el que han participado 139 personas de diferentes grados y en el que han abordado temas sobre econom\u00eda circular y las oportunidades de emprendimiento que ofrece.<\/p>\n<p>Este Programa es posible gracias al trabajo y la colaboraci\u00f3n de la Consejer\u00eda de Agricultura, Ganader\u00eda, Pesca y Desarrollo Sostenible de la Junta de Andaluc\u00eda, la Federaci\u00f3n Andaluza de Municipios y Provincias (FAMP), las entidades encargadas de la gesti\u00f3n y reciclaje de envases Ecoembes y Ecovidrio, y las universidades p\u00fablicas andaluzas.<\/p>\n","protected":false},"excerpt":{"rendered":"<p>Esta ma\u00f1ana ha sido presentado en el campus de la Universidad Pablo de Olavide la d\u00e9cima edici\u00f3n del programa de educaci\u00f3n ambiental sobre residuos y reciclaje dirigido a la comunidad universitaria, RECAPACICLA. El acto ha contado con la participaci\u00f3n de Luis Villagarc\u00eda Saiz como director del proyecto CEI Cambio; Antonio Gallardo, delegado del Rector para el Campus Sostenible; Soledad Mellando, t\u00e9cnica de la Delegaci\u00f3n Territorial de Desarrollo Sostenible en Sevilla de la Junta de Andaluc\u00eda; Inmaculada P\u00e9rez Calvache, t\u00e9cnica de Ecoembes; y Juan Jos\u00e9 Zabala, t\u00e9cnico de Ecovidrio.<\/p>\n","protected":false},"author":6,"featured_media":30870739,"comment_status":"closed","ping_status":"open","sticky":false,"template":"","format":"standard","meta":{"_monsterinsights_skip_tracking":false,"_monsterinsights_sitenote_active":false,"_monsterinsights_sitenote_note":"","_monsterinsights_sitenote_category":0,"footnotes":""},"categories":[2779],"tags":[1183,5113,3316,447],"class_list":["post-30870735","post","type-post","status-publish","format-standard","has-post-thumbnail","hentry","category-docencia-formacion","tag-educacion-ambiental","tag-proyecto-cei-cambio","tag-recapacicla","tag-reciclaje"],"_links":{"self":[{"href":"https:\/\/www.upo.es\/diario\/wp-json\/wp\/v2\/posts\/30870735","targetHints":{"allow":["GET"]}}],"collection":[{"href":"https:\/\/www.upo.es\/diario\/wp-json\/wp\/v2\/posts"}],"about":[{"href":"https:\/\/www.upo.es\/diario\/wp-json\/wp\/v2\/types\/post"}],"author":[{"embeddable":true,"href":"https:\/\/www.upo.es\/diario\/wp-json\/wp\/v2\/users\/6"}],"replies":[{"embeddable":true,"href":"https:\/\/www.upo.es\/diario\/wp-json\/wp\/v2\/comments?post=30870735"}],"version-history":[{"count":2,"href":"https:\/\/www.upo.es\/diario\/wp-json\/wp\/v2\/posts\/30870735\/revisions"}],"predecessor-version":[{"id":30870740,"href":"https:\/\/www.upo.es\/diario\/wp-json\/wp\/v2\/posts\/30870735\/revisions\/30870740"}],"wp:featuredmedia":[{"embeddable":true,"href":"https:\/\/www.upo.es\/diario\/wp-json\/wp\/v2\/media\/30870739"}],"wp:attachment":[{"href":"https:\/\/www.upo.es\/diario\/wp-json\/wp\/v2\/media?parent=30870735"}],"wp:term":[{"taxonomy":"category","embeddable":true,"href":"https:\/\/www.upo.es\/diario\/wp-json\/wp\/v2\/categories?post=30870735"},{"taxonomy":"post_tag","embeddable":true,"href":"https:\/\/www.upo.es\/diario\/wp-json\/wp\/v2\/tags?post=30870735"}],"curies":[{"name":"wp","href":"https:\/\/api.w.org\/{rel}","templated":true}]}}