{"id":30870773,"date":"2022-02-11T11:45:10","date_gmt":"2022-02-11T10:45:10","guid":{"rendered":"https:\/\/www.upo.es\/diario\/?p=30870773"},"modified":"2022-02-24T11:04:49","modified_gmt":"2022-02-24T10:04:49","slug":"investigadoras-de-la-upo-reivindican-la-necesidad-de-romper-las-barreras-que-encuentran-las-mujeres-en-el-ambito-cientifico","status":"publish","type":"post","link":"https:\/\/www.upo.es\/diario\/institucional\/2022\/02\/investigadoras-de-la-upo-reivindican-la-necesidad-de-romper-las-barreras-que-encuentran-las-mujeres-en-el-ambito-cientifico\/","title":{"rendered":"Investigadoras de la UPO reivindican la necesidad de romper las barreras que encuentran las mujeres en el \u00e1mbito cient\u00edfico"},"content":{"rendered":"<figure id=\"attachment_30870777\" aria-describedby=\"caption-attachment-30870777\" style=\"width: 750px\" class=\"wp-caption aligncenter\"><a href=\"https:\/\/www.upo.es\/diario\/wp-content\/uploads\/2022\/02\/11F-investigadoras-UPO-2-scaled.jpg\"><img loading=\"lazy\" decoding=\"async\" class=\"wp-image-30870777 size-large\" src=\"https:\/\/www.upo.es\/diario\/wp-content\/uploads\/2022\/02\/11F-investigadoras-UPO-2-750x422.jpg\" alt=\"\" width=\"750\" height=\"422\" srcset=\"https:\/\/www.upo.es\/diario\/wp-content\/uploads\/2022\/02\/11F-investigadoras-UPO-2-750x422.jpg 750w, https:\/\/www.upo.es\/diario\/wp-content\/uploads\/2022\/02\/11F-investigadoras-UPO-2-360x203.jpg 360w, https:\/\/www.upo.es\/diario\/wp-content\/uploads\/2022\/02\/11F-investigadoras-UPO-2-768x432.jpg 768w, https:\/\/www.upo.es\/diario\/wp-content\/uploads\/2022\/02\/11F-investigadoras-UPO-2-1536x864.jpg 1536w, https:\/\/www.upo.es\/diario\/wp-content\/uploads\/2022\/02\/11F-investigadoras-UPO-2-2048x1152.jpg 2048w\" sizes=\"auto, (max-width: 750px) 100vw, 750px\" \/><\/a><figcaption id=\"caption-attachment-30870777\" class=\"wp-caption-text\">Investigadoras de la UPO por la iniciativa 11 F<\/figcaption><\/figure>\n<p><strong>Investigadoras de la Universidad Pablo de Olavide, lideradas por la vicerrectora de Investigaci\u00f3n, Transferencia y Doctorado, Antonia Jim\u00e9nez Rodr\u00edguez, se han dado cita esta ma\u00f1ana en la Plaza de Am\u00e9rica del campus universitario para sumarse a los<\/strong> <strong>actos de conmemoraci\u00f3n con motivo del 11 de Febrero<\/strong>, proclamado por la Organizaci\u00f3n de Naciones Unidas como D\u00eda Internacional de la Mujer y la Ni\u00f1a en la Ciencia. La UPO reivindica as\u00ed la necesidad de seguir trabajando para eliminar los obst\u00e1culos que encuentran las mujeres en el \u00e1mbito de la investigaci\u00f3n y fomentar las vocaciones cient\u00edficas entre j\u00f3venes y ni\u00f1as.<\/p>\n<p>\u201cHemos asistido a importantes avances en las \u00faltimas d\u00e9cadas, pero todav\u00eda queda un largo camino por recorrer\u201d, explica la vicerrectora de Investigaci\u00f3n de la UPO, quien pone en valor la importancia de los cambios legislativos para acabar con la brecha de g\u00e9nero en la ciencia. \u201cAntes de que entrara en vigor la Ley para la Igualdad efectiva de mujeres y hombres en 2007 hab\u00eda 8 catedr\u00e1ticas en la UPO, que representaban un 17,39% del total de PDI en esta categor\u00eda, mientras que los \u00faltimos datos consultados indican que contamos actualmente con 22, lo que supone un 21,78% del total\u201d, recalca.<\/p>\n<p>Antonia Jim\u00e9nez ha se\u00f1alado asimismo que el n\u00famero de profesoras contratadas doctoras en la Universidad Pablo de Olavide ha aumentado tambi\u00e9n en estos a\u00f1os. En el curso 2006\/2007 alcanzaban el 45,07% y hoy son 92, el 60,13% del total. En el caso de las profesoras titulares ha pasado de 30 en el curso 2006\/2007 (29,70% del total) a 115 a fecha de febrero 2022 (47,52% del total). \u201cSon frutos de implementaci\u00f3n de normativas por la igualdad\u201d, insiste. En este sentido, la vicerrectora ha hecho tambi\u00e9n referencia a medidas impulsadas en la propia Universidad como el plan de 2019 para aumentar la producci\u00f3n cient\u00edfica investigadora de mujeres y eliminar la brecha de g\u00e9nero en este campo.<\/p>\n<blockquote><p>\u00abAunque los datos en nuestra Universidad son positivos, debemos redoblar esfuerzos: mostrando referentes de mujeres cient\u00edficas a las ni\u00f1as de hoy\u00bb<\/p><\/blockquote>\n<h5>Antonia Jim\u00e9nez<\/h5>\n<p>Actualmente, tal y como constatan los indicadores de investigaci\u00f3n del Informe del II Plan de Igualdad de la UPO, todav\u00eda son muchos m\u00e1s hombres que mujeres quienes dirigen grupos de investigaci\u00f3n adscritos a la Universidad (74 hombres frente a 25 mujeres en el a\u00f1o 2020\/2021) o proyectos de investigaci\u00f3n competitivos (121 hombres y 26 mujeres para el mismo periodo). En cuanto al n\u00famero de mujeres y hombres que participan en proyectos europeos internacionales y de excelencia se registran 17 hombres y 13 mujeres en el \u00faltimo a\u00f1o. Adem\u00e1s, en 2020 la cifra de hombres y mujeres que obtienen sexenio en investigaci\u00f3n anual de 2017 a 2020 es de 41 y 29, respectivamente.<\/p>\n<p>En lo que se refiere a disciplinas STEM (ciencia, tecnolog\u00eda, ingenier\u00eda y matem\u00e1ticas por sus siglas en ingl\u00e9s), de acuerdo al \u00faltimo informe de la Fundaci\u00f3n Conocimiento y Desarrollo publicado el pasado mes de abril, la Universidad Pablo de Olavide es\u00a0la \u00fanica universidad andaluza en la que las mujeres son mayor\u00eda,\u00a0con un 54,3%.<\/p>\n<p>\u201cAunque los datos en nuestra Universidad son positivos en esta materia, debemos redoblar esfuerzos: mostrando referentes de mujeres cient\u00edficas a las ni\u00f1as de hoy y acercando m\u00e1s a las j\u00f3venes las ciencias con presencia tradicionalmente masculina\u201d.\u00a0 Una de las diversas iniciativas impulsadas por la UPO que ha puesto en valor la vicerrectora de Investigaci\u00f3n ha sido el concurso \u2018Programar en Igualdad\u2019 que lleva a cabo la Escuela Polit\u00e9cnica Superior con el objetivo de promocionar, dentro del \u00e1mbito educativo y especialmente, en el grado de Ingenier\u00eda Inform\u00e1tica en Sistemas de Informaci\u00f3n, la igualdad entre hombres y mujeres y erradicar los estereotipos de g\u00e9nero que existen en las carreras profesionales a trav\u00e9s del uso de las nuevas tecnolog\u00edas.<\/p>\n<p>\u201cHay que seguir desarrollando pol\u00edticas y programas espec\u00edficos que nos acerquen a la igualdad real\u201d, ha insistido la vicerrectora.<\/p>\n<h3><strong>Amplio programa de actividades en la UPO<\/strong><\/h3>\n<figure id=\"attachment_30870776\" aria-describedby=\"caption-attachment-30870776\" style=\"width: 360px\" class=\"wp-caption alignright\"><a href=\"https:\/\/www.upo.es\/diario\/wp-content\/uploads\/2022\/02\/11F-exposicion-carteles-scaled.jpg\"><img loading=\"lazy\" decoding=\"async\" class=\"wp-image-30870776 size-medium\" src=\"https:\/\/www.upo.es\/diario\/wp-content\/uploads\/2022\/02\/11F-exposicion-carteles-360x203.jpg\" alt=\"\" width=\"360\" height=\"203\" srcset=\"https:\/\/www.upo.es\/diario\/wp-content\/uploads\/2022\/02\/11F-exposicion-carteles-360x203.jpg 360w, https:\/\/www.upo.es\/diario\/wp-content\/uploads\/2022\/02\/11F-exposicion-carteles-750x422.jpg 750w, https:\/\/www.upo.es\/diario\/wp-content\/uploads\/2022\/02\/11F-exposicion-carteles-768x432.jpg 768w, https:\/\/www.upo.es\/diario\/wp-content\/uploads\/2022\/02\/11F-exposicion-carteles-1536x864.jpg 1536w, https:\/\/www.upo.es\/diario\/wp-content\/uploads\/2022\/02\/11F-exposicion-carteles-2048x1152.jpg 2048w, https:\/\/www.upo.es\/diario\/wp-content\/uploads\/2022\/02\/11F-exposicion-carteles-1320x743.jpg 1320w\" sizes=\"auto, (max-width: 360px) 100vw, 360px\" \/><\/a><figcaption id=\"caption-attachment-30870776\" class=\"wp-caption-text\">Acto de inauguraci\u00f3n de la exposici\u00f3n &#8216;Cient\u00edficas pioneras de ayer y de hoy&#8217;<\/figcaption><\/figure>\n<p>Adem\u00e1s del acto institucional celebrado esta ma\u00f1ana, la Universidad Pablo de Olavide ha puesto en marcha una serie de actividades en torno al 11 de Febrero abiertas a la comunidad universitaria y a la sociedad en su conjunto. Entre ellas se encuentran la <strong>exposici\u00f3n \u2018Cient\u00edficas pioneras de ayer y de hoy\u2019 en la Biblioteca CRAI<\/strong> de la Universidad, inaugurada esta ma\u00f1ana por <strong>M\u00f3nica Dom\u00ednguez Serrano<\/strong>, delegada del Rector para la Igualdad de G\u00e9nero, y <strong>Pilar Ortiz Calder\u00f3n<\/strong>, decana de la Facultad de Ciencias Experimentales.<\/p>\n<p>Un programa especial de radio, la presentaci\u00f3n de una revista, jornadas, debates en torno a proyecciones audiovisuales, visitas a laboratorios y otras muchas y diversas actividades forman parte de este programa que finaliza los d\u00edas 23 y 24 de febrero con el Congreso Internacional <em>online<\/em> \u2018Econom\u00eda del cuidado: Nuevos roles y retos en la Igualdad de G\u00e9nero. Hacia la meta 5.4 del Objetivo 5 de la Agenda 2030 para el desarrollo sostenible\u2019.<\/p>\n<p><strong>M\u00e1s informaci\u00f3n:<br \/>\n<\/strong><a href=\"https:\/\/www.upo.es\/upsc\/igualdad\/dia-internacional-de-la-mujer-y-la-nina-en-la-ciencia\/\">Actividades con motivo del D\u00eda Internacional de la Mujer y la Ni\u00f1a en la Ciencia<\/a><\/p>\n<p><strong>\u00a0<\/strong><\/p>\n<p>&nbsp;<\/p>\n<p>&nbsp;<\/p>\n<p>&nbsp;<\/p>\n<p>&nbsp;<\/p>\n<p>&nbsp;<\/p>\n","protected":false},"excerpt":{"rendered":"<p>Investigadoras de la Universidad Pablo de Olavide, lideradas por la vicerrectora de Investigaci\u00f3n, Transferencia y Doctorado, Antonia Jim\u00e9nez Rodr\u00edguez, se han dado cita esta ma\u00f1ana en la Plaza de Am\u00e9rica del campus universitario para sumarse a los actos de conmemoraci\u00f3n con motivo del 11 de febrero, proclamado por la Organizaci\u00f3n de Naciones Unidas como D\u00eda Internacional de la Mujer y la Ni\u00f1a en la Ciencia. La UPO reivindica as\u00ed la necesidad de seguir trabajando para eliminar los obst\u00e1culos que encuentran las mujeres en el \u00e1mbito de la investigaci\u00f3n y fomentar las vocaciones cient\u00edficas entre j\u00f3venes y ni\u00f1as.<\/p>\n","protected":false},"author":15,"featured_media":30870778,"comment_status":"closed","ping_status":"open","sticky":false,"template":"","format":"standard","meta":{"_monsterinsights_skip_tracking":false,"_monsterinsights_sitenote_active":false,"_monsterinsights_sitenote_note":"","_monsterinsights_sitenote_category":0,"footnotes":""},"categories":[6],"tags":[6539,4504,7763,5833,6530,7762,3593,233,7761],"class_list":["post-30870773","post","type-post","status-publish","format-standard","has-post-thumbnail","hentry","category-institucional","tag-11-de-febrero","tag-antonia-jimenez","tag-barreras","tag-ciencia","tag-dia-internacional-de-la-mujer-y-la-nina-en-la-ciencia","tag-eliminar","tag-investigadoras","tag-mujer","tag-reivindicacion"],"_links":{"self":[{"href":"https:\/\/www.upo.es\/diario\/wp-json\/wp\/v2\/posts\/30870773","targetHints":{"allow":["GET"]}}],"collection":[{"href":"https:\/\/www.upo.es\/diario\/wp-json\/wp\/v2\/posts"}],"about":[{"href":"https:\/\/www.upo.es\/diario\/wp-json\/wp\/v2\/types\/post"}],"author":[{"embeddable":true,"href":"https:\/\/www.upo.es\/diario\/wp-json\/wp\/v2\/users\/15"}],"replies":[{"embeddable":true,"href":"https:\/\/www.upo.es\/diario\/wp-json\/wp\/v2\/comments?post=30870773"}],"version-history":[{"count":10,"href":"https:\/\/www.upo.es\/diario\/wp-json\/wp\/v2\/posts\/30870773\/revisions"}],"predecessor-version":[{"id":30871069,"href":"https:\/\/www.upo.es\/diario\/wp-json\/wp\/v2\/posts\/30870773\/revisions\/30871069"}],"wp:featuredmedia":[{"embeddable":true,"href":"https:\/\/www.upo.es\/diario\/wp-json\/wp\/v2\/media\/30870778"}],"wp:attachment":[{"href":"https:\/\/www.upo.es\/diario\/wp-json\/wp\/v2\/media?parent=30870773"}],"wp:term":[{"taxonomy":"category","embeddable":true,"href":"https:\/\/www.upo.es\/diario\/wp-json\/wp\/v2\/categories?post=30870773"},{"taxonomy":"post_tag","embeddable":true,"href":"https:\/\/www.upo.es\/diario\/wp-json\/wp\/v2\/tags?post=30870773"}],"curies":[{"name":"wp","href":"https:\/\/api.w.org\/{rel}","templated":true}]}}