{"id":30870781,"date":"2022-02-11T13:05:55","date_gmt":"2022-02-11T12:05:55","guid":{"rendered":"https:\/\/www.upo.es\/diario\/?p=30870781"},"modified":"2022-02-16T15:03:42","modified_gmt":"2022-02-16T14:03:42","slug":"estudiantes-de-la-upo-con-diversidad-funcional-cognitiva-presentan-sus-propuestas-de-mejora-de-la-ciudad-al-alcalde-de-sevilla","status":"publish","type":"post","link":"https:\/\/www.upo.es\/diario\/cultura-social\/2022\/02\/estudiantes-de-la-upo-con-diversidad-funcional-cognitiva-presentan-sus-propuestas-de-mejora-de-la-ciudad-al-alcalde-de-sevilla\/","title":{"rendered":"Estudiantes de la UPO con diversidad funcional cognitiva presentan sus propuestas de mejora de la ciudad al alcalde de Sevilla"},"content":{"rendered":"<figure id=\"attachment_30870782\" aria-describedby=\"caption-attachment-30870782\" style=\"width: 360px\" class=\"wp-caption alignright\"><a href=\"https:\/\/www.upo.es\/diario\/wp-content\/uploads\/2022\/02\/fevida_ayto.jpeg\"><img loading=\"lazy\" decoding=\"async\" class=\"wp-image-30870782 size-medium\" src=\"https:\/\/www.upo.es\/diario\/wp-content\/uploads\/2022\/02\/fevida_ayto-360x270.jpeg\" alt=\"\" width=\"360\" height=\"270\" srcset=\"https:\/\/www.upo.es\/diario\/wp-content\/uploads\/2022\/02\/fevida_ayto-360x270.jpeg 360w, https:\/\/www.upo.es\/diario\/wp-content\/uploads\/2022\/02\/fevida_ayto-750x563.jpeg 750w, https:\/\/www.upo.es\/diario\/wp-content\/uploads\/2022\/02\/fevida_ayto-768x576.jpeg 768w, https:\/\/www.upo.es\/diario\/wp-content\/uploads\/2022\/02\/fevida_ayto.jpeg 1024w\" sizes=\"auto, (max-width: 360px) 100vw, 360px\" \/><\/a><figcaption id=\"caption-attachment-30870782\" class=\"wp-caption-text\">Estudiantado de Fevida reunido con el alcalde de Sevilla<\/figcaption><\/figure>\n<p>El alumnado de la quinta edici\u00f3n del programa \u2018Formaci\u00f3n para el empleo y la vida aut\u00f3noma de personas con diversidad funcional\u2019, acompa\u00f1ados por el vicerrector de Cultura y Pol\u00edticas Sociales de la UPO, David Cobos, por la decana de la Facultad de Ciencias Sociales y directora acad\u00e9mica del t\u00edtulo, Rosa Mar\u00eda D\u00edaz, y por la directora acad\u00e9mica de Integraci\u00f3n y Diversidad Funcional de la UPO, Mar\u00eda Jos\u00e9 Parejo, mantuvieron ayer una reuni\u00f3n con el alcalde de Sevilla, Antonio Mu\u00f1oz, en la que han trasladaron al m\u00e1ximo representante del Ayuntamiento una serie de propuestas para mejorar la ciudad de Sevilla.<\/p>\n<p>La reuni\u00f3n comenz\u00f3 con el planteamiento de dos problem\u00e1ticas que afectan a la sociedad sevillana en general como son el \u2018bullying\u201d y el papel de las administraciones p\u00fablicas al respecto, y los planes de medio ambiente por parte del gobierno local. Ante estos planteamientos, Antonio Mu\u00f1oz se dirigi\u00f3 a los estudiantes para decirles que con respecto al bullying, \u201cse debe visualizar y erradicar desde la base, con m\u00e1s educaci\u00f3n\u201d. Y, haciendo referencia a los planes de medio ambiente locales, Mu\u00f1oz destac\u00f3 que \u201cya se han plantado 25 000 \u00e1rboles y que en 25 colegios se est\u00e1n aislando las fachadas\u201d.<\/p>\n<p>En la reuni\u00f3n tambi\u00e9n se han abordado otros temas como el fomento por parte del Ayuntamiento en temas de alquiler y acceso a vivienda para personas con diversidad funcional para que puedan vivir de forma independiente; el fomento de empleo para personas discapacidad o la ampliaci\u00f3n de la red de transporte p\u00fablico entre la ciudad de Sevilla y localidades cercanas.<\/p>\n<p>Las aportaciones de este alumnado, que persiguen la inclusi\u00f3n de las personas con discapacidad intelectual en el dise\u00f1o de las pol\u00edticas locales, han sido bien recibidas por el alcalde y las propuestas han sido recogidas en un manifiesto. Las diversas iniciativas planteadas por estos estudiantes han sido redactadas en un documento como parte de las actividades del programa Fevida, un t\u00edtulo propio de la Universidad Pablo de Olavide, gestionado por la Fundaci\u00f3n UPO, que cuenta con la financiaci\u00f3n de la Fundaci\u00f3n Once y del Fondo Social Europeo.<\/p>\n<p>Adem\u00e1s, durante estos d\u00edas los alumnos y alumnas de Fevida se encuentran en su semana de inmersi\u00f3n en la Residencia Universitaria Flora Trist\u00e1n, una actividad que forma parte del plan de estudios del t\u00edtulo y que permite a estos estudiantes desarrollar su autonom\u00eda y su inclusi\u00f3n en la sociedad mediante actividades como esta visita al Ayuntamiento de Sevilla o diversas acciones en el Pol\u00edgono Sur.<\/p>\n<p>&nbsp;<\/p>\n","protected":false},"excerpt":{"rendered":"<p>El alumnado de la quinta edici\u00f3n del programa \u2018Formaci\u00f3n para el empleo y la vida aut\u00f3noma de personas con diversidad funcional\u2019, acompa\u00f1ados por el vicerrector de Cultura y Pol\u00edticas Sociales de la UPO, David Cobos, por la decana de la Facultad de Ciencias Sociales y directora acad\u00e9mica del t\u00edtulo, Rosa Mar\u00eda D\u00edaz, y por la directora acad\u00e9mica de Integraci\u00f3n y Diversidad Funcional de la UPO, Mar\u00eda Jos\u00e9 Parejo, mantuvieron ayer una reuni\u00f3n con el alcalde de Sevilla, Antonio Mu\u00f1oz, en la que han trasladaron al m\u00e1ximo representante del Ayuntamiento una serie de propuestas para mejorar la ciudad de Sevilla.<\/p>\n","protected":false},"author":15,"featured_media":30870782,"comment_status":"closed","ping_status":"open","sticky":false,"template":"","format":"standard","meta":{"_monsterinsights_skip_tracking":false,"_monsterinsights_sitenote_active":false,"_monsterinsights_sitenote_note":"","_monsterinsights_sitenote_category":0,"footnotes":""},"categories":[5843],"tags":[1791,7764,3473,3595,1210,7033,21,5056,7765,5854,161],"class_list":["post-30870781","post","type-post","status-publish","format-standard","has-post-thumbnail","hentry","category-cultura-social","tag-alcalde","tag-antonio-munoz","tag-ayuntamiento","tag-david-cobos","tag-discapacidad","tag-diversidad-funcional-cognitiva","tag-estudiantes","tag-fevida","tag-propuestas","tag-rosa-diaz","tag-sevilla"],"_links":{"self":[{"href":"https:\/\/www.upo.es\/diario\/wp-json\/wp\/v2\/posts\/30870781","targetHints":{"allow":["GET"]}}],"collection":[{"href":"https:\/\/www.upo.es\/diario\/wp-json\/wp\/v2\/posts"}],"about":[{"href":"https:\/\/www.upo.es\/diario\/wp-json\/wp\/v2\/types\/post"}],"author":[{"embeddable":true,"href":"https:\/\/www.upo.es\/diario\/wp-json\/wp\/v2\/users\/15"}],"replies":[{"embeddable":true,"href":"https:\/\/www.upo.es\/diario\/wp-json\/wp\/v2\/comments?post=30870781"}],"version-history":[{"count":1,"href":"https:\/\/www.upo.es\/diario\/wp-json\/wp\/v2\/posts\/30870781\/revisions"}],"predecessor-version":[{"id":30870783,"href":"https:\/\/www.upo.es\/diario\/wp-json\/wp\/v2\/posts\/30870781\/revisions\/30870783"}],"wp:featuredmedia":[{"embeddable":true,"href":"https:\/\/www.upo.es\/diario\/wp-json\/wp\/v2\/media\/30870782"}],"wp:attachment":[{"href":"https:\/\/www.upo.es\/diario\/wp-json\/wp\/v2\/media?parent=30870781"}],"wp:term":[{"taxonomy":"category","embeddable":true,"href":"https:\/\/www.upo.es\/diario\/wp-json\/wp\/v2\/categories?post=30870781"},{"taxonomy":"post_tag","embeddable":true,"href":"https:\/\/www.upo.es\/diario\/wp-json\/wp\/v2\/tags?post=30870781"}],"curies":[{"name":"wp","href":"https:\/\/api.w.org\/{rel}","templated":true}]}}