{"id":30870808,"date":"2022-02-11T19:13:40","date_gmt":"2022-02-11T18:13:40","guid":{"rendered":"https:\/\/www.upo.es\/diario\/?p=30870808"},"modified":"2022-02-16T15:03:37","modified_gmt":"2022-02-16T14:03:37","slug":"la-fundacion-de-municipios-pablo-de-olavide-presenta-el-libro-pablo-de-olavide-la-sevilla-sonada","status":"publish","type":"post","link":"https:\/\/www.upo.es\/diario\/docencia-formacion\/2022\/02\/la-fundacion-de-municipios-pablo-de-olavide-presenta-el-libro-pablo-de-olavide-la-sevilla-sonada\/","title":{"rendered":"La Fundaci\u00f3n de Municipios Pablo de Olavide presenta el libro \u2018Pablo de Olavide. La Sevilla so\u00f1ada\u2019"},"content":{"rendered":"<p><a href=\"https:\/\/www.upo.es\/diario\/wp-content\/uploads\/2022\/02\/Present-Sevilla-Olavide-1-e1644602902490.jpg\"><img loading=\"lazy\" decoding=\"async\" class=\"aligncenter size-large wp-image-30870811\" src=\"https:\/\/www.upo.es\/diario\/wp-content\/uploads\/2022\/02\/Present-Sevilla-Olavide-1-e1644602902490-750x435.jpg\" alt=\"\" width=\"750\" height=\"435\" srcset=\"https:\/\/www.upo.es\/diario\/wp-content\/uploads\/2022\/02\/Present-Sevilla-Olavide-1-e1644602902490-750x435.jpg 750w, https:\/\/www.upo.es\/diario\/wp-content\/uploads\/2022\/02\/Present-Sevilla-Olavide-1-e1644602902490-360x209.jpg 360w, https:\/\/www.upo.es\/diario\/wp-content\/uploads\/2022\/02\/Present-Sevilla-Olavide-1-e1644602902490-768x445.jpg 768w, https:\/\/www.upo.es\/diario\/wp-content\/uploads\/2022\/02\/Present-Sevilla-Olavide-1-e1644602902490-1536x891.jpg 1536w, https:\/\/www.upo.es\/diario\/wp-content\/uploads\/2022\/02\/Present-Sevilla-Olavide-1-e1644602902490-2048x1187.jpg 2048w, https:\/\/www.upo.es\/diario\/wp-content\/uploads\/2022\/02\/Present-Sevilla-Olavide-1-e1644602902490-1320x765.jpg 1320w\" sizes=\"auto, (max-width: 750px) 100vw, 750px\" \/><\/a>La Fundaci\u00f3n de Municipios Pablo de Olavide ha presentado hoy el <strong>libro \u2018Pablo de Olavide. La Sevilla so\u00f1ada\u2019<\/strong>, perteneciente a la Colecci\u00f3n Olavide-Ilustraci\u00f3n que edita esta fundaci\u00f3n y dedicado a la figura de Pablo de Olavide y a su etapa como asistente de la ciudad de Sevilla.\u00a0 El acto ha estado presidido por el rector de la Universidad Pablo de Olavide y presidente de esta Fundaci\u00f3n, <strong>Francisco Oliva Bl\u00e1zquez<\/strong> y por el teniente alcalde delegado del \u00c1rea de Juventud, Ciencia y Universidades y Cooperaci\u00f3n al Desarrollo del Ayuntamiento de Sevilla, <strong>Juan Antonio Barrionuevo Fern\u00e1ndez<\/strong>.<\/p>\n<figure id=\"attachment_30870813\" aria-describedby=\"caption-attachment-30870813\" style=\"width: 360px\" class=\"wp-caption alignright\"><a href=\"https:\/\/www.upo.es\/diario\/wp-content\/uploads\/2022\/02\/Placa-Olavide.jpg\"><img loading=\"lazy\" decoding=\"async\" class=\"wp-image-30870813 size-medium\" src=\"https:\/\/www.upo.es\/diario\/wp-content\/uploads\/2022\/02\/Placa-Olavide-360x240.jpg\" alt=\"Placa conmemorativa a la figura de Pablo de Olavide y J\u00e1uregui al cumplirse el 250 aniversario del primer plano de la ciudad de Sevilla\" width=\"360\" height=\"240\" srcset=\"https:\/\/www.upo.es\/diario\/wp-content\/uploads\/2022\/02\/Placa-Olavide-360x240.jpg 360w, https:\/\/www.upo.es\/diario\/wp-content\/uploads\/2022\/02\/Placa-Olavide-750x500.jpg 750w, https:\/\/www.upo.es\/diario\/wp-content\/uploads\/2022\/02\/Placa-Olavide-768x512.jpg 768w, https:\/\/www.upo.es\/diario\/wp-content\/uploads\/2022\/02\/Placa-Olavide-1536x1024.jpg 1536w, https:\/\/www.upo.es\/diario\/wp-content\/uploads\/2022\/02\/Placa-Olavide-2048x1365.jpg 2048w, https:\/\/www.upo.es\/diario\/wp-content\/uploads\/2022\/02\/Placa-Olavide-165x109.jpg 165w, https:\/\/www.upo.es\/diario\/wp-content\/uploads\/2022\/02\/Placa-Olavide-1320x880.jpg 1320w\" sizes=\"auto, (max-width: 360px) 100vw, 360px\" \/><\/a><figcaption id=\"caption-attachment-30870813\" class=\"wp-caption-text\">Placa conmemorativa a la figura de Pablo de Olavide y J\u00e1uregui al cumplirse el 250 aniversario del primer plano de Sevilla<\/figcaption><\/figure>\n<p>La presentaci\u00f3n, celebrada en el Cuarto del Almirante del <strong>Real Alc\u00e1zar de Sevilla<\/strong>, ha contado adem\u00e1s con la presencia de la vicerrectora de Relaciones Institucionales y Fundaciones, <strong>Laura L\u00f3pez de la Cruz<\/strong> y la presidenta del Consejo Social de la UPO, <strong>Roc\u00edo Reinoso Cuevas<\/strong>, alcaldes y alcaldesas de los municipios pertenecientes a la Fundaci\u00f3n, as\u00ed como autores y autoras de esta obra colectiva.<\/p>\n<p>\u2018Pablo de Olavide. La Sevilla so\u00f1ada\u2019 es el <strong>cuarto libro de la Colecci\u00f3n Olavide-Ilustraci\u00f3n<\/strong>, un proyecto impulsado a finales de 2019 por el Patronato de la Fundaci\u00f3n y la Universidad Pablo de Olavide que tiene como finalidad divulgar y poner en valor los hechos y las ideas que hicieron de la Ilustraci\u00f3n un tiempo de progreso, ya sea en su trascendencia social o cultural, reconociendo a ilustrados e ilustradas y su trascendencia en los tiempos actuales.<\/p>\n<p>La colecci\u00f3n est\u00e1 <strong>dirigida por Francisco Ollero Lobato y Jos\u00e9 Antonio F\u00edlter Rodr\u00edguez<\/strong>, coordinadores editoriales de esta obra y trata temas como: Sevilla en el Siglo de las Luces; el plano de Sevilla de 1771 y otros planos de Olavide; el papel de la mujer en la \u00e9poca de Olavide; Olavide, la universidad y la construcci\u00f3n de conocimiento; la influencia de Olavide en la Iglesia o la vida cultura de Sevilla en aquella \u00e9poca.<\/p>\n<p>El libro cuenta con nueve cap\u00edtulos en el que han colaborado Juan Jos\u00e9 Iglesias, Reyes Pro Jim\u00e9nez, Adolfo Hamer-Flores, Francisco Jos\u00e9 P\u00e9rez-Schmid Fern\u00e1ndez, Jes\u00fas Jim\u00e9nez Borrero, Antonio Merch\u00e1n Murillo, Silvia Mar\u00eda P\u00e9rez-Gonz\u00e1lez, Alberto Ruiz-Berdejo Beato, Virginia Alcaraz Rodr\u00edguez, Rosal\u00eda Mart\u00ednez Garc\u00eda, Francisco Trujillo Le\u00f3n, Justo Cu\u00f1o Bonito, Jos\u00e9 \u00c1ngel Armengol Butr\u00f3n de M\u00fajica, Juan Carlos Fern\u00e1ndez Tru\u00e1n y Miguel \u00c1ngel Cevidanes.<\/p>\n<p>La Colecci\u00f3n Olavide-Ilustraci\u00f3n cuenta con tres obras publicadas en 2020 y 2021: \u2018El paisaje cultural de la Ilustraci\u00f3n en Andaluc\u00eda. Ciudad, territorio y patrimonio cultural en las Nuevas Poblaciones, coordinada por Jos\u00e9 Antonio F\u00edlter y Fernando Quiles; \u2018Colonos y propietarios de las Nuevas Poblaciones de Sierra Morena\u2019, de Francisco Jos\u00e9 P\u00e9rez-Schmid Fern\u00e1ndez; y \u2018Hacia el puerto de la felicidad. La emigraci\u00f3n alemana a Sierra Morena y Andaluc\u00eda en el siglo XVIII\u2019, de Nicola Veith.<\/p>\n<p>Los libros pertenecientes a la Colecci\u00f3n Olavide-Ilustraci\u00f3n, as\u00ed como otros t\u00edtulos editados por la Fundaci\u00f3n de Municipios est\u00e1n a disposici\u00f3n de las personas interesadas para su venta a trav\u00e9s de la p\u00e1gina web de la Fundaci\u00f3n de Municipios: <a href=\"http:\/\/www.upo.es\/fundacionmunicipios\">www.upo.es\/fundacionmunicipios<\/a>.<\/p>\n<p><a href=\"https:\/\/www.upo.es\/diario\/wp-content\/uploads\/2022\/02\/Present-Sevilla-Olavide-2.jpg\"><img loading=\"lazy\" decoding=\"async\" class=\"aligncenter wp-image-30870812 size-large\" src=\"https:\/\/www.upo.es\/diario\/wp-content\/uploads\/2022\/02\/Present-Sevilla-Olavide-2-e1644603168815-750x337.jpg\" alt=\"\" width=\"750\" height=\"337\" srcset=\"https:\/\/www.upo.es\/diario\/wp-content\/uploads\/2022\/02\/Present-Sevilla-Olavide-2-e1644603168815-750x337.jpg 750w, https:\/\/www.upo.es\/diario\/wp-content\/uploads\/2022\/02\/Present-Sevilla-Olavide-2-e1644603168815-360x162.jpg 360w, https:\/\/www.upo.es\/diario\/wp-content\/uploads\/2022\/02\/Present-Sevilla-Olavide-2-e1644603168815-768x345.jpg 768w, https:\/\/www.upo.es\/diario\/wp-content\/uploads\/2022\/02\/Present-Sevilla-Olavide-2-e1644603168815-1536x691.jpg 1536w, https:\/\/www.upo.es\/diario\/wp-content\/uploads\/2022\/02\/Present-Sevilla-Olavide-2-e1644603168815-1320x594.jpg 1320w, https:\/\/www.upo.es\/diario\/wp-content\/uploads\/2022\/02\/Present-Sevilla-Olavide-2-e1644603168815.jpg 2048w\" sizes=\"auto, (max-width: 750px) 100vw, 750px\" \/><\/a><\/p>\n","protected":false},"excerpt":{"rendered":"<p>La Fundaci\u00f3n de Municipios Pablo de Olavide ha presentado hoy el libro \u2018Pablo de Olavide. La Sevilla so\u00f1ada\u2019, perteneciente a la Colecci\u00f3n Olavide-Ilustraci\u00f3n que edita esta fundaci\u00f3n y dedicado a la figura de Pablo de Olavide y a su etapa como asistente de la ciudad de Sevilla.\u00a0 El acto ha estado presidido por el rector de la Universidad Pablo de Olavide y presidente de esta Fundaci\u00f3n, Francisco Oliva Bl\u00e1zquez y por el teniente alcalde delegado del \u00c1rea de Juventud, Ciencia y Universidades y Cooperaci\u00f3n al Desarrollo del Ayuntamiento de Sevilla, Juan Antonio Barrionuevo Fern\u00e1ndez.<\/p>\n","protected":false},"author":6,"featured_media":30870812,"comment_status":"closed","ping_status":"open","sticky":false,"template":"","format":"standard","meta":{"_monsterinsights_skip_tracking":false,"_monsterinsights_sitenote_active":false,"_monsterinsights_sitenote_note":"","_monsterinsights_sitenote_category":0,"footnotes":""},"categories":[2779],"tags":[621,4021,3621,333,1655,334,1845,38],"class_list":["post-30870808","post","type-post","status-publish","format-standard","has-post-thumbnail","hentry","category-docencia-formacion","tag-ayuntamiento-de-sevilla","tag-francisco-oliva-blazquez","tag-fundacion-de-municipios-pablo-de-olavide","tag-libro","tag-pablo-de-olavide","tag-presentacion","tag-real-alcazar-de-sevilla","tag-rector"],"_links":{"self":[{"href":"https:\/\/www.upo.es\/diario\/wp-json\/wp\/v2\/posts\/30870808","targetHints":{"allow":["GET"]}}],"collection":[{"href":"https:\/\/www.upo.es\/diario\/wp-json\/wp\/v2\/posts"}],"about":[{"href":"https:\/\/www.upo.es\/diario\/wp-json\/wp\/v2\/types\/post"}],"author":[{"embeddable":true,"href":"https:\/\/www.upo.es\/diario\/wp-json\/wp\/v2\/users\/6"}],"replies":[{"embeddable":true,"href":"https:\/\/www.upo.es\/diario\/wp-json\/wp\/v2\/comments?post=30870808"}],"version-history":[{"count":4,"href":"https:\/\/www.upo.es\/diario\/wp-json\/wp\/v2\/posts\/30870808\/revisions"}],"predecessor-version":[{"id":30870815,"href":"https:\/\/www.upo.es\/diario\/wp-json\/wp\/v2\/posts\/30870808\/revisions\/30870815"}],"wp:featuredmedia":[{"embeddable":true,"href":"https:\/\/www.upo.es\/diario\/wp-json\/wp\/v2\/media\/30870812"}],"wp:attachment":[{"href":"https:\/\/www.upo.es\/diario\/wp-json\/wp\/v2\/media?parent=30870808"}],"wp:term":[{"taxonomy":"category","embeddable":true,"href":"https:\/\/www.upo.es\/diario\/wp-json\/wp\/v2\/categories?post=30870808"},{"taxonomy":"post_tag","embeddable":true,"href":"https:\/\/www.upo.es\/diario\/wp-json\/wp\/v2\/tags?post=30870808"}],"curies":[{"name":"wp","href":"https:\/\/api.w.org\/{rel}","templated":true}]}}