{"id":30870892,"date":"2022-02-11T09:05:02","date_gmt":"2022-02-11T08:05:02","guid":{"rendered":"https:\/\/www.upo.es\/diario\/?p=30870892"},"modified":"2022-02-15T09:10:17","modified_gmt":"2022-02-15T08:10:17","slug":"comunicado-de-la-asociacion-de-universidades-publicas-de-andalucia","status":"publish","type":"post","link":"https:\/\/www.upo.es\/diario\/institucional\/2022\/02\/comunicado-de-la-asociacion-de-universidades-publicas-de-andalucia\/","title":{"rendered":"Comunicado de la Asociaci\u00f3n de Universidades P\u00fablicas de Andaluc\u00eda"},"content":{"rendered":"<p lang=\"es-ES\" xml:lang=\"es-ES\"><a href=\"https:\/\/www.upo.es\/diario\/wp-content\/uploads\/2020\/09\/AUPA.jpg\"><img loading=\"lazy\" decoding=\"async\" class=\"size-medium wp-image-30861709 alignright\" src=\"https:\/\/www.upo.es\/diario\/wp-content\/uploads\/2020\/09\/AUPA-360x188.jpg\" alt=\"\" width=\"360\" height=\"188\" srcset=\"https:\/\/www.upo.es\/diario\/wp-content\/uploads\/2020\/09\/AUPA-360x188.jpg 360w, https:\/\/www.upo.es\/diario\/wp-content\/uploads\/2020\/09\/AUPA-750x392.jpg 750w, https:\/\/www.upo.es\/diario\/wp-content\/uploads\/2020\/09\/AUPA-768x401.jpg 768w, https:\/\/www.upo.es\/diario\/wp-content\/uploads\/2020\/09\/AUPA-600x314.jpg 600w, https:\/\/www.upo.es\/diario\/wp-content\/uploads\/2020\/09\/AUPA-1536x803.jpg 1536w, https:\/\/www.upo.es\/diario\/wp-content\/uploads\/2020\/09\/AUPA-1320x690.jpg 1320w, https:\/\/www.upo.es\/diario\/wp-content\/uploads\/2020\/09\/AUPA.jpg 1575w\" sizes=\"auto, (max-width: 360px) 100vw, 360px\" \/><\/a>Ante las recientes noticias aparecidas en los medios de comunicaci\u00f3n en relaci\u00f3n a la creaci\u00f3n de dos nuevas universidades privadas en la comunidad aut\u00f3noma de Andaluc\u00eda, los rectores y rectoras de las universidades p\u00fablicas andaluzas quieren hacer constar las siguientes consideraciones:<\/p>\n<p lang=\"es-ES\" xml:lang=\"es-ES\">En primer lugar, su convicci\u00f3n de que cualquier incorporaci\u00f3n de una nueva universidad al sistema universitario andaluz, o cualquier ampliaci\u00f3n de la oferta de titulaciones en las ya existentes, debe pasar siempre por la exigencia a estas instituciones de los mismos estrictos requisitos de calidad que se demandan a las universidades p\u00fablicas andaluzas, tanto en el \u00e1mbito de la formaci\u00f3n acad\u00e9mica, como tambi\u00e9n en el de la implantaci\u00f3n y desarrollo de pol\u00edticas de investigaci\u00f3n y transferencia del conocimiento, que deben estar suficientemente acreditadas, as\u00ed como en el de la puesta en marcha de programas de responsabilidad social, siendo obligaci\u00f3n ineludible de las autoridades competentes y de la Agencia Andaluza de Evaluaci\u00f3n (DEVA) velar por el cumplimiento de estos requisitos desde el momento de su creaci\u00f3n y durante todo el desarrollo de sus actividades, de la misma manera que lo hace con las universidades p\u00fablicas de esta comunidad aut\u00f3noma.<\/p>\n<p lang=\"es-ES\" xml:lang=\"es-ES\">En segundo lugar, su reivindicaci\u00f3n de que la creaci\u00f3n de nuevas universidades de car\u00e1cter privado se produzca, en todo caso, al mismo tiempo que se atiende al necesario fortalecimiento de las universidades p\u00fablicas andaluzas, en cuanto a la financiaci\u00f3n adecuada y suficiente para la correcta cobertura de sus necesidades de plantilla e infraestructuras materiales y en cuanto a las pol\u00edticas necesarias para ampliar y actualizar su oferta de nuevas titulaciones de Grado y Posgrado y mejorar las relacionas con el tejido social y productivo. Solo con estas condiciones las universidades p\u00fablicas andaluzas podr\u00e1n continuar siendo una fuente de innovaci\u00f3n y progreso para sus respectivos territorios y el principal agente de ascenso social y bienestar de la ciudadan\u00eda.<\/p>\n","protected":false},"excerpt":{"rendered":"<p>Ante las recientes noticias aparecidas en los medios de comunicaci\u00f3n en relaci\u00f3n a la creaci\u00f3n de dos nuevas universidades privadas en la comunidad aut\u00f3noma de Andaluc\u00eda, los rectores y rectoras de las universidades p\u00fablicas andaluzas quieren hacer constar las siguientes consideraciones: En primer lugar, su convicci\u00f3n de que cualquier incorporaci\u00f3n de una nueva universidad al sistema universitario andaluz, o cualquier<a class=\"read-more\" href=\"https:\/\/www.upo.es\/diario\/institucional\/2022\/02\/comunicado-de-la-asociacion-de-universidades-publicas-de-andalucia\/\">[Read More&#8230;]<\/a><\/p>\n","protected":false},"author":15,"featured_media":30861709,"comment_status":"closed","ping_status":"open","sticky":false,"template":"","format":"standard","meta":{"_monsterinsights_skip_tracking":false,"_monsterinsights_sitenote_active":false,"_monsterinsights_sitenote_note":"","_monsterinsights_sitenote_category":0,"footnotes":""},"categories":[6],"tags":[190,372,2842,37,7789,2514],"class_list":["post-30870892","post","type-post","status-publish","format-standard","has-post-thumbnail","hentry","category-institucional","tag-andalucia","tag-asociacion","tag-aupa","tag-comunicado","tag-universidades-privadas","tag-universidades-publicas"],"_links":{"self":[{"href":"https:\/\/www.upo.es\/diario\/wp-json\/wp\/v2\/posts\/30870892","targetHints":{"allow":["GET"]}}],"collection":[{"href":"https:\/\/www.upo.es\/diario\/wp-json\/wp\/v2\/posts"}],"about":[{"href":"https:\/\/www.upo.es\/diario\/wp-json\/wp\/v2\/types\/post"}],"author":[{"embeddable":true,"href":"https:\/\/www.upo.es\/diario\/wp-json\/wp\/v2\/users\/15"}],"replies":[{"embeddable":true,"href":"https:\/\/www.upo.es\/diario\/wp-json\/wp\/v2\/comments?post=30870892"}],"version-history":[{"count":1,"href":"https:\/\/www.upo.es\/diario\/wp-json\/wp\/v2\/posts\/30870892\/revisions"}],"predecessor-version":[{"id":30870893,"href":"https:\/\/www.upo.es\/diario\/wp-json\/wp\/v2\/posts\/30870892\/revisions\/30870893"}],"wp:featuredmedia":[{"embeddable":true,"href":"https:\/\/www.upo.es\/diario\/wp-json\/wp\/v2\/media\/30861709"}],"wp:attachment":[{"href":"https:\/\/www.upo.es\/diario\/wp-json\/wp\/v2\/media?parent=30870892"}],"wp:term":[{"taxonomy":"category","embeddable":true,"href":"https:\/\/www.upo.es\/diario\/wp-json\/wp\/v2\/categories?post=30870892"},{"taxonomy":"post_tag","embeddable":true,"href":"https:\/\/www.upo.es\/diario\/wp-json\/wp\/v2\/tags?post=30870892"}],"curies":[{"name":"wp","href":"https:\/\/api.w.org\/{rel}","templated":true}]}}