{"id":30870975,"date":"2022-02-16T15:01:57","date_gmt":"2022-02-16T14:01:57","guid":{"rendered":"https:\/\/www.upo.es\/diario\/?p=30870975"},"modified":"2022-02-21T09:56:45","modified_gmt":"2022-02-21T08:56:45","slug":"mapa-historias-de-exito-integracion-mujeres-migrantes","status":"publish","type":"post","link":"https:\/\/www.upo.es\/diario\/docencia-formacion\/2022\/02\/mapa-historias-de-exito-integracion-mujeres-migrantes\/","title":{"rendered":"Presentado en la UPO un mapa interactivo con historias de \u00e9xito de integraci\u00f3n de mujeres migrantes en Europa"},"content":{"rendered":"<figure id=\"attachment_30870976\" aria-describedby=\"caption-attachment-30870976\" style=\"width: 750px\" class=\"wp-caption aligncenter\"><a href=\"https:\/\/www.upo.es\/diario\/wp-content\/uploads\/2022\/02\/Mapa-Voces-Mujeres-Migrantes_20220216-scaled.jpg\"><img loading=\"lazy\" decoding=\"async\" class=\"size-large wp-image-30870976\" src=\"https:\/\/www.upo.es\/diario\/wp-content\/uploads\/2022\/02\/Mapa-Voces-Mujeres-Migrantes_20220216-750x422.jpg\" alt=\"Teresa Terr\u00f3n, M\u00f3nica Dom\u00ednguez, M\u00aa del Mar Ahumada y Noily Herrera\" width=\"750\" height=\"422\" srcset=\"https:\/\/www.upo.es\/diario\/wp-content\/uploads\/2022\/02\/Mapa-Voces-Mujeres-Migrantes_20220216-750x422.jpg 750w, https:\/\/www.upo.es\/diario\/wp-content\/uploads\/2022\/02\/Mapa-Voces-Mujeres-Migrantes_20220216-360x203.jpg 360w, https:\/\/www.upo.es\/diario\/wp-content\/uploads\/2022\/02\/Mapa-Voces-Mujeres-Migrantes_20220216-768x432.jpg 768w, https:\/\/www.upo.es\/diario\/wp-content\/uploads\/2022\/02\/Mapa-Voces-Mujeres-Migrantes_20220216-1536x864.jpg 1536w, https:\/\/www.upo.es\/diario\/wp-content\/uploads\/2022\/02\/Mapa-Voces-Mujeres-Migrantes_20220216-2048x1152.jpg 2048w\" sizes=\"auto, (max-width: 750px) 100vw, 750px\" \/><\/a><figcaption id=\"caption-attachment-30870976\" class=\"wp-caption-text\">Desde la izquierda, Teresa Terr\u00f3n, M\u00f3nica Dom\u00ednguez, M\u00aa del Mar Ahumada y Noily Herrera<\/figcaption><\/figure>\n<p>El proyecto Erasmus+ <strong><em>Voices of Inmigrant Women<\/em><\/strong>, liderado por la Universidad Pablo de Olavide junto a entidades de Italia, Francia, Portugal, Grecia y Eslovenia, cuenta ya con su primer resultado tangible de los tres contemplados en su cronograma. El <a href=\"https:\/\/viw.pixel-online.org\/mapping_of_case_studies.php\">mapa de estudios de casos e historias de \u00e9xito de integraci\u00f3n de mujeres migrantes<\/a> en estos seis pa\u00edses ha sido presentado esta ma\u00f1ana por <strong>Teresa Terr\u00f3n<\/strong>, directora e investigadora principal del proyecto. Han participado tambi\u00e9n en la presentaci\u00f3n, <strong>M\u00f3nica Dom\u00ednguez<\/strong>, delegada del Rector para la Igualdad de G\u00e9nero de la UPO; <strong>Mar\u00eda del Mar Ahumada<\/strong>, directora general de Coordinaci\u00f3n de Pol\u00edticas Migratorias de la Junta de Andaluc\u00eda; y <strong>Noily Herrera<\/strong>, protagonista de una de las historias de \u00e9xito y miembro de la Asociaci\u00f3n <em>Huelva para todos y todas<\/em>.<\/p>\n<p>El mapa de estudios de casos de \u00e9xito, publicado en abierto en seis idiomas y realizado a partir de datos cualitativos y cuantitativos, tiene como principal objetivo <strong>analizar las iniciativas de inclusi\u00f3n de mujeres migrantes, c\u00f3mo se llevan a cabo y su resultado<\/strong>. Para ello se ha empleado un m\u00e9todo de exploraci\u00f3n de casos m\u00faltiples, con el fin de conocer c\u00f3mo se desarrolla la inclusi\u00f3n en los seis pa\u00edses participantes.<\/p>\n<p>Explorando por el mapa interactivo se puede acceder a <strong>informaci\u00f3n detallada de cada uno de los casos expuestos<\/strong>: instituciones involucradas; descripci\u00f3n de la iniciativa; problemas identificados para la integraci\u00f3n; estrategias de resiliencia de las mujeres migrantes; un resumen de la historia personal; y una evaluaci\u00f3n de los resultados e impacto del caso analizado.<\/p>\n<p><strong><a href=\"https:\/\/www.upo.es\/diario\/wp-content\/uploads\/2022\/02\/Mapa-Voces-Mujeres-Migrantes_20220216-2-scaled.jpg\"><img loading=\"lazy\" decoding=\"async\" class=\"alignleft size-medium wp-image-30870978\" src=\"https:\/\/www.upo.es\/diario\/wp-content\/uploads\/2022\/02\/Mapa-Voces-Mujeres-Migrantes_20220216-2-360x203.jpg\" alt=\"\" width=\"360\" height=\"203\" srcset=\"https:\/\/www.upo.es\/diario\/wp-content\/uploads\/2022\/02\/Mapa-Voces-Mujeres-Migrantes_20220216-2-360x203.jpg 360w, https:\/\/www.upo.es\/diario\/wp-content\/uploads\/2022\/02\/Mapa-Voces-Mujeres-Migrantes_20220216-2-750x422.jpg 750w, https:\/\/www.upo.es\/diario\/wp-content\/uploads\/2022\/02\/Mapa-Voces-Mujeres-Migrantes_20220216-2-768x432.jpg 768w, https:\/\/www.upo.es\/diario\/wp-content\/uploads\/2022\/02\/Mapa-Voces-Mujeres-Migrantes_20220216-2-1536x864.jpg 1536w, https:\/\/www.upo.es\/diario\/wp-content\/uploads\/2022\/02\/Mapa-Voces-Mujeres-Migrantes_20220216-2-2048x1152.jpg 2048w\" sizes=\"auto, (max-width: 360px) 100vw, 360px\" \/><\/a>Teresa Terr\u00f3n<\/strong> ha destacado la utilidad de esta herramienta interactiva, tanto para investigadores y estudiantes como para profesionales que trabajen con migrantes, sobre todo desde una perspectiva de g\u00e9nero. As\u00ed mismo, ha puesto en valor que se trate de comprender el fen\u00f3meno migratorio con un enfoque de abajo arriba.<\/p>\n<p><strong>Noily Herrera<\/strong>, migrante de Costa Rica y protagonista de uno de los casos analizados, ha destacado la labor que realizan las asociaciones para ayudar a las personas migrantes. Ella cont\u00f3 con la ayuda de <em>Huelva para todos y todas<\/em>, donde ahora colabora. \u201cSiempre que se tome en cuenta la voz de una persona migrante es extraordinario. El extranjero no viene a quitar, viene a dar. El d\u00eda que esto se entienda podremos ser ciudadanos del mundo\u201d ha declarado. Por su parte, <strong>Mar\u00eda del Mar Ahumada<\/strong> ha destacado la importancia de disponer de datos como los facilitados por <em>Voices of Inmigrant Women<\/em> para las administraciones p\u00fablicas, sobre todo a la hora de diagnosticar y detectar necesidades. <strong>M\u00f3nica Dom\u00ednguez<\/strong>, delegada del rector para la Igualdad de G\u00e9nero de la UPO, ha cerrado el acto de presentaci\u00f3n felicitando a Teresa Terr\u00f3n como investigadora principal del proyecto y ha resaltado la importancia que tiene realizar una transferencia \u00fatil desde la universidad para las pol\u00edticas p\u00fablicas.<\/p>\n<p>Los datos utilizados para la creaci\u00f3n del mapa de casos de \u00e9xito presentado hoy servir\u00e1n para las otras dos acciones previstas en el proyecto, un programa de formaci\u00f3n a distancia transnacional sobre \u2018Movilidad Humana, Integraci\u00f3n y G\u00e9nero\u2019 y un manual con recomendaciones y propuestas de intervenci\u00f3n para responsables pol\u00edticos.<\/p>\n<p><strong><em>Voices of Inmigrant Women<\/em><\/strong> es un proyecto financiado por la UE en el que participan, junto a la Universidad Pablo de Olavide, las siguientes entidades: Universit\u00e0 degli Studi di Firenze (Italia), Pixel-Associazione Culturale (Italia), Institut de Recherche pour le Developpement (Francia), European Public Law Organization (Grecia), Instituto Polit\u00e9cnico de Braganza (Portugal), Fundaci\u00f3n EMET Arco Iris (Espa\u00f1a) y Mirovni Institut (Eslovenia).<\/p>\n<p>M\u00e1s informaci\u00f3n: <strong><a href=\"https:\/\/viw.pixel-online.org\/\">https:\/\/viw.pixel-online.org\/<\/a><\/strong><\/p>\n","protected":false},"excerpt":{"rendered":"<p> El mapa de estudios de casos de \u00e9xito, publicado en abierto en seis idiomas y realizado a partir de datos cualitativos y cuantitativos, tiene como principal objetivo analizar las iniciativas de inclusi\u00f3n de mujeres migrantes, c\u00f3mo se llevan a cabo y su resultado. Para ello se ha empleado un m\u00e9todo de exploraci\u00f3n de casos m\u00faltiples, con el fin de conocer c\u00f3mo se desarrolla la inclusi\u00f3n en los seis pa\u00edses participantes.<\/p>\n","protected":false},"author":6,"featured_media":30870976,"comment_status":"closed","ping_status":"open","sticky":false,"template":"","format":"standard","meta":{"_monsterinsights_skip_tracking":false,"_monsterinsights_sitenote_active":false,"_monsterinsights_sitenote_note":"","_monsterinsights_sitenote_category":0,"footnotes":""},"categories":[2779],"tags":[545,628,454,5883,203,1284,7678,1053,3923,6976],"class_list":["post-30870975","post","type-post","status-publish","format-standard","has-post-thumbnail","hentry","category-docencia-formacion","tag-ciencias-sociales","tag-educacion-social","tag-europa","tag-igualdad-de-genero","tag-junta-de-andalucia","tag-migracion","tag-monica-dominguez","tag-mujeres","tag-proyecto-erasmus","tag-teresa-terron-caro"],"_links":{"self":[{"href":"https:\/\/www.upo.es\/diario\/wp-json\/wp\/v2\/posts\/30870975","targetHints":{"allow":["GET"]}}],"collection":[{"href":"https:\/\/www.upo.es\/diario\/wp-json\/wp\/v2\/posts"}],"about":[{"href":"https:\/\/www.upo.es\/diario\/wp-json\/wp\/v2\/types\/post"}],"author":[{"embeddable":true,"href":"https:\/\/www.upo.es\/diario\/wp-json\/wp\/v2\/users\/6"}],"replies":[{"embeddable":true,"href":"https:\/\/www.upo.es\/diario\/wp-json\/wp\/v2\/comments?post=30870975"}],"version-history":[{"count":5,"href":"https:\/\/www.upo.es\/diario\/wp-json\/wp\/v2\/posts\/30870975\/revisions"}],"predecessor-version":[{"id":30870982,"href":"https:\/\/www.upo.es\/diario\/wp-json\/wp\/v2\/posts\/30870975\/revisions\/30870982"}],"wp:featuredmedia":[{"embeddable":true,"href":"https:\/\/www.upo.es\/diario\/wp-json\/wp\/v2\/media\/30870976"}],"wp:attachment":[{"href":"https:\/\/www.upo.es\/diario\/wp-json\/wp\/v2\/media?parent=30870975"}],"wp:term":[{"taxonomy":"category","embeddable":true,"href":"https:\/\/www.upo.es\/diario\/wp-json\/wp\/v2\/categories?post=30870975"},{"taxonomy":"post_tag","embeddable":true,"href":"https:\/\/www.upo.es\/diario\/wp-json\/wp\/v2\/tags?post=30870975"}],"curies":[{"name":"wp","href":"https:\/\/api.w.org\/{rel}","templated":true}]}}