{"id":30871008,"date":"2022-02-18T10:19:58","date_gmt":"2022-02-18T09:19:58","guid":{"rendered":"https:\/\/www.upo.es\/diario\/?p=30871008"},"modified":"2022-02-18T14:20:22","modified_gmt":"2022-02-18T13:20:22","slug":"la-fundacion-descubre-obtiene-financiacion-europea-para-celebrar-en-andalucia-la-noche-europea-de-los-investigadores-en-2022-23","status":"publish","type":"post","link":"https:\/\/www.upo.es\/diario\/docencia-formacion\/2022\/02\/la-fundacion-descubre-obtiene-financiacion-europea-para-celebrar-en-andalucia-la-noche-europea-de-los-investigadores-en-2022-23\/","title":{"rendered":"La Fundaci\u00f3n Descubre obtiene financiaci\u00f3n europea para celebrar en Andaluc\u00eda La Noche Europea de los Investigadores en 2022-23"},"content":{"rendered":"<p><a href=\"https:\/\/www.upo.es\/diario\/wp-content\/uploads\/2019\/07\/lanocheinvest-caratula.png\"><img loading=\"lazy\" decoding=\"async\" class=\"alignright size-medium wp-image-30857597\" src=\"https:\/\/www.upo.es\/diario\/wp-content\/uploads\/2019\/07\/lanocheinvest-caratula-360x194.png\" alt=\"La Noche Europea de l@s Investigador2s\" width=\"360\" height=\"194\" srcset=\"https:\/\/www.upo.es\/diario\/wp-content\/uploads\/2019\/07\/lanocheinvest-caratula-360x194.png 360w, https:\/\/www.upo.es\/diario\/wp-content\/uploads\/2019\/07\/lanocheinvest-caratula-768x413.png 768w, https:\/\/www.upo.es\/diario\/wp-content\/uploads\/2019\/07\/lanocheinvest-caratula-750x403.png 750w, https:\/\/www.upo.es\/diario\/wp-content\/uploads\/2019\/07\/lanocheinvest-caratula-600x323.png 600w, https:\/\/www.upo.es\/diario\/wp-content\/uploads\/2019\/07\/lanocheinvest-caratula.png 1266w\" sizes=\"auto, (max-width: 360px) 100vw, 360px\" \/><\/a>La propuesta de Andaluc\u00eda liderada por la Fundaci\u00f3n Descubre para celebrar La Noche de los Investigadores (European Researchers\u2019 Night) ha recibido nuevamente la aprobaci\u00f3n por parte de la Comisi\u00f3n Europea (CE) para los dos pr\u00f3ximos a\u00f1os 2022-23. La actividad se celebrar\u00e1 el \u00faltimo viernes de septiembre, que este a\u00f1o ser\u00e1 el 30 de septiembre, al mismo tiempo que en m\u00e1s de 370 ciudades de toda Europa. En este sentido, las actividades organizadas para La Noche en los dos pr\u00f3ximos a\u00f1os apostar\u00e1n por una programaci\u00f3n presencial en las principales calles y enclaves de Andaluc\u00eda, con el apoyo de acciones en formato online.<\/p>\n<p>El proyecto, que re\u00fane la participaci\u00f3n de trece instituciones cient\u00edficas andaluzas de las ocho provincias, ha obtenido el respaldo europeo con algo m\u00e1s de 300.000 euros para la divulgaci\u00f3n andaluza en los pr\u00f3ximos dos a\u00f1os, adem\u00e1s de los recursos propios de las instituciones organizadoras y la financiaci\u00f3n de la Consejer\u00eda de Transformaci\u00f3n Econ\u00f3mica, Industria, Conocimiento y Universidades, lo que permitir\u00e1 que la Comunidad aut\u00f3noma celebre de nuevo La Noche.<\/p>\n<p>La iniciativa, denominada \u2018Open Researchers 2022\/23\u2019, ha obtenido una puntuaci\u00f3n por parte de la Comisi\u00f3n Europea de 14,5 sobre 15 puntos posibles.<\/p>\n<h3><strong>Misiones de Horizonte Europa, tema para los dos pr\u00f3ximos a\u00f1os<\/strong><\/h3>\n<p>La Noche Europea de los Investigadores, cita divulgativa promovida por la Comisi\u00f3n Europea dentro de Marie Sk\u0142odowska-Curie Actions and Citizens del programa Horizonte Europa, se acercar\u00e1 a la ciudadan\u00eda como en ediciones anteriores y superar\u00e1 este a\u00f1o los 84.000 visitantes, lo que la convierte en la cita simult\u00e1nea m\u00e1s importante en el \u00e1mbito cient\u00edfico andaluz de los \u00faltimos a\u00f1os y una de las mayores de Espa\u00f1a.<\/p>\n<p>El proyecto estar\u00e1 dedicado en Andaluc\u00eda en los dos pr\u00f3ximos a\u00f1os a las Misiones de Horizonte Europa. Las actividades promovidas en las ocho provincias andaluzas tendr\u00e1n las Misiones como hilo conductor, vinculando las actividades con alguna de las 5 Misiones, al tiempo que cada una de las 8 ciudades dise\u00f1ar\u00e1 actividades para reforzar su importancia en el evento. El proyecto andaluz volver\u00e1 a colaborar con Noches de Suecia, Malta, Reino Unido, Italia, Irlanda y T\u00fanez con actividades conjuntas.<\/p>\n<p>La Noche Europea de los Investigadores incluir\u00e1 en los dos pr\u00f3ximos a\u00f1os como novedad Researchers at School, una iniciativa para apoyar al profesorado en el desarrollo de actividades de divulgaci\u00f3n cient\u00edfica, con el apoyo de los investigadores de La Noche, que interactuar\u00e1n con el alumnado durante toda la vida del proyecto.<\/p>\n<p>A los enclaves en el centro hist\u00f3rico de cada ciudad que cada a\u00f1o acogen actividades de La Noche Europea de los Investigadores se sumar\u00e1 en 2022 nuevamente La Noche Virtual, un espacio online con talleres, charlas y visitas virtuales en el que disfrutar del evento desde casa.<\/p>\n<blockquote><p>La actividad se celebrar\u00e1 el\u00a0 viernes\u00a0 30 de septiembre, al mismo tiempo que en m\u00e1s de 370 ciudades de toda Europa<\/p><\/blockquote>\n<p>La implicaci\u00f3n desde el inicio de los investigadores, los verdaderos protagonistas del proyecto, es clave para el \u00e9xito de la actividad, que registra cada a\u00f1o un creciente n\u00famero de cient\u00edficos que participan en el evento. En concreto, la actividad reunir\u00e1 a m\u00e1s de 2.500 investigadores para mostrar su trabajo al p\u00fablico, que podr\u00e1 conocer de cerca su labor diaria y su repercusi\u00f3n en el d\u00eda a d\u00eda de todos.<\/p>\n<p>La iniciativa busca hacer accesible y cercana la investigaci\u00f3n a trav\u00e9s de sus protagonistas en l\u00ednea con la Investigaci\u00f3n e innovaci\u00f3n responsables (RRI, seg\u00fan sus siglas en ingl\u00e9s). Asimismo, La Noche cuidar\u00e1 la participaci\u00f3n activa de investigadores beneficiarios de proyectos Marie Sk\u0142odowska-Curie y garantizar\u00e1 la igualdad de g\u00e9nero en la participaci\u00f3n de investigadores e investigadoras.<\/p>\n<p>Por und\u00e9cimo a\u00f1o consecutivo, los investigadores de los centros participantes y colaboradores en la actividad acercar\u00e1n su trabajo y sus inquietudes a la ciudadan\u00eda de una forma diferente. Experimentos, talleres, experiencias, rutas, representaciones teatrales, mon\u00f3logos\u2026 Todos los medios son v\u00e1lidos para acercar a los investigadores a la ciudadan\u00eda de una forma rigurosa y siempre divertida, con el fin de que conozcan su trabajo, los beneficios que aportan a la sociedad y su repercusi\u00f3n en la vida cotidiana.<\/p>\n<p>En paralelo, el programa deja tambi\u00e9n espacio para que la ciudadan\u00eda descubra el lado m\u00e1s humano de la investigaci\u00f3n a trav\u00e9s de un contacto directo y de la conversaci\u00f3n con los propios expertos. Son los llamados \u2018microencuentros\u2019, en los que los participantes pueden plantear todas las dudas y preguntas acerca del proyecto de investigaci\u00f3n que han conocido.<\/p>\n<h3><strong>Promotores de la actividad<\/strong><\/h3>\n<p>La Noche Europea de los Investigadores es un proyecto de divulgaci\u00f3n cient\u00edfica promovido por la Comisi\u00f3n Europea dentro de las Marie Sk\u0142odowska-Curie Actions and Citizens del programa Horizonte Europa, coordinado en Andaluc\u00eda por la Fundaci\u00f3n Descubre con financiaci\u00f3n de la Consejer\u00eda de Transformaci\u00f3n Econ\u00f3mica, Industria, Conocimiento y Universidades.<\/p>\n<p>Conforman el consorcio las Universidades de Almer\u00eda, C\u00e1diz, C\u00f3rdoba, Granada, Huelva, Ja\u00e9n, M\u00e1laga, Pablo de Olavide y Sevilla, ocho centros del CSIC (la Casa de la Ciencia, el Instituto de Astrof\u00edsica de Andaluc\u00eda, la Estaci\u00f3n Experimental del Zaid\u00edn, el Instituto de Estudios Sociales Avanzados, el Instituto de Parasitolog\u00eda y Biomedicina L\u00f3pez-Neyra, la Escuela de Estudios \u00c1rabes, el Instituto de Agricultura Sostenible y la Estaci\u00f3n Experimental de Zonas \u00c1ridas), el IMGEMA-Real Jard\u00edn Bot\u00e1nico de C\u00f3rdoba y la Fundaci\u00f3n P\u00fablica Progreso y Salud a trav\u00e9s de Genyo y el Biobanco del Sistema Sanitario.<\/p>\n<p>Paralelamente, Radio Televisi\u00f3n de Andaluc\u00eda, el Instituto Andaluz de Investigaci\u00f3n y Formaci\u00f3n Agraria, Pesquera, Alimentaria y de la Producci\u00f3n Ecol\u00f3gica (IFAPA) y la Agencia Andaluza del Conocimiento son socios estrat\u00e9gicos del proyecto y colaborar\u00e1n estrechamente en su desarrollo.<\/p>\n<p>&nbsp;<\/p>\n<p>M\u00e1s informaci\u00f3n: <a href=\"http:\/\/lanochedelosinvestigadores.fundaciondecubre.es\">lanochedelosinvestigadores.fundaciondecubre.es<\/a><\/p>\n<p>Facebook: <a href=\"http:\/\/www.facebook.com\/FundacionDescubre\">www.facebook.com\/FundacionDescubre<\/a><\/p>\n<p>Twitter: <a href=\"http:\/\/www.twitter.com\/FDescubre\">www.twitter.com\/FDescubre<\/a> y el hashtag <a href=\"https:\/\/twitter.com\/search?q=%23NIGHTspain\">#NIGHTspain<\/a><\/p>\n<p>Youtube: <a href=\"http:\/\/www.youtube.com\/user\/fundaciondescubre\">www.youtube.com\/user\/fundaciondescubre<\/a><\/p>\n<p>Instagram: <a href=\"http:\/\/www.instagram.com\/fundaciondescubre\">www.instagram.com\/fundaciondescubre<\/a><\/p>\n<p>&nbsp;<\/p>\n<p><strong>Fuente:<\/strong>\u00a0Fundaci\u00f3n Descubre<\/p>\n","protected":false},"excerpt":{"rendered":"<p>La propuesta de Andaluc\u00eda liderada por la Fundaci\u00f3n Descubre para celebrar La Noche de los Investigadores (European Researchers\u2019 Night) ha recibido nuevamente la aprobaci\u00f3n por parte de la Comisi\u00f3n Europea (CE) para los dos pr\u00f3ximos a\u00f1os 2022-23. La actividad se celebrar\u00e1 el \u00faltimo viernes de septiembre, que este a\u00f1o ser\u00e1 el 30 de septiembre, al mismo tiempo que en m\u00e1s de 370 ciudades de toda Europa. En este sentido, las actividades organizadas para La Noche en los dos pr\u00f3ximos a\u00f1os apostar\u00e1n por una programaci\u00f3n presencial en las principales calles y enclaves de Andaluc\u00eda, con el apoyo de acciones en formato online.<\/p>\n","protected":false},"author":2,"featured_media":30857597,"comment_status":"closed","ping_status":"open","sticky":false,"template":"","format":"standard","meta":{"_monsterinsights_skip_tracking":false,"_monsterinsights_sitenote_active":false,"_monsterinsights_sitenote_note":"","_monsterinsights_sitenote_category":0,"footnotes":""},"categories":[2779],"tags":[190,2645,1411,5528,68],"class_list":["post-30871008","post","type-post","status-publish","format-standard","has-post-thumbnail","hentry","category-docencia-formacion","tag-andalucia","tag-divulgacion-cientifica","tag-fundacion-descubre","tag-la-noche-europea-de-ls-investigadors","tag-union-europea"],"_links":{"self":[{"href":"https:\/\/www.upo.es\/diario\/wp-json\/wp\/v2\/posts\/30871008","targetHints":{"allow":["GET"]}}],"collection":[{"href":"https:\/\/www.upo.es\/diario\/wp-json\/wp\/v2\/posts"}],"about":[{"href":"https:\/\/www.upo.es\/diario\/wp-json\/wp\/v2\/types\/post"}],"author":[{"embeddable":true,"href":"https:\/\/www.upo.es\/diario\/wp-json\/wp\/v2\/users\/2"}],"replies":[{"embeddable":true,"href":"https:\/\/www.upo.es\/diario\/wp-json\/wp\/v2\/comments?post=30871008"}],"version-history":[{"count":1,"href":"https:\/\/www.upo.es\/diario\/wp-json\/wp\/v2\/posts\/30871008\/revisions"}],"predecessor-version":[{"id":30871009,"href":"https:\/\/www.upo.es\/diario\/wp-json\/wp\/v2\/posts\/30871008\/revisions\/30871009"}],"wp:featuredmedia":[{"embeddable":true,"href":"https:\/\/www.upo.es\/diario\/wp-json\/wp\/v2\/media\/30857597"}],"wp:attachment":[{"href":"https:\/\/www.upo.es\/diario\/wp-json\/wp\/v2\/media?parent=30871008"}],"wp:term":[{"taxonomy":"category","embeddable":true,"href":"https:\/\/www.upo.es\/diario\/wp-json\/wp\/v2\/categories?post=30871008"},{"taxonomy":"post_tag","embeddable":true,"href":"https:\/\/www.upo.es\/diario\/wp-json\/wp\/v2\/tags?post=30871008"}],"curies":[{"name":"wp","href":"https:\/\/api.w.org\/{rel}","templated":true}]}}