{"id":30871019,"date":"2022-02-18T01:20:38","date_gmt":"2022-02-18T00:20:38","guid":{"rendered":"https:\/\/www.upo.es\/diario\/?p=30871019"},"modified":"2022-02-21T11:29:12","modified_gmt":"2022-02-21T10:29:12","slug":"javier-gimenez-subcampeon-de-andalucia-de-karate","status":"publish","type":"post","link":"https:\/\/www.upo.es\/diario\/comunidad\/2022\/02\/javier-gimenez-subcampeon-de-andalucia-de-karate\/","title":{"rendered":"Javier Gim\u00e9nez, subcampe\u00f3n de Andaluc\u00eda de k\u00e1rate"},"content":{"rendered":"<p><a href=\"https:\/\/www.upo.es\/diario\/wp-content\/uploads\/2022\/02\/IMG_1684.jpg\"><img loading=\"lazy\" decoding=\"async\" class=\"size-medium wp-image-30871020 alignright\" src=\"https:\/\/www.upo.es\/diario\/wp-content\/uploads\/2022\/02\/IMG_1684-360x360.jpg\" alt=\"\" width=\"360\" height=\"360\" srcset=\"https:\/\/www.upo.es\/diario\/wp-content\/uploads\/2022\/02\/IMG_1684-360x360.jpg 360w, https:\/\/www.upo.es\/diario\/wp-content\/uploads\/2022\/02\/IMG_1684-750x750.jpg 750w, https:\/\/www.upo.es\/diario\/wp-content\/uploads\/2022\/02\/IMG_1684-150x150.jpg 150w, https:\/\/www.upo.es\/diario\/wp-content\/uploads\/2022\/02\/IMG_1684-768x768.jpg 768w, https:\/\/www.upo.es\/diario\/wp-content\/uploads\/2022\/02\/IMG_1684-1320x1320.jpg 1320w, https:\/\/www.upo.es\/diario\/wp-content\/uploads\/2022\/02\/IMG_1684.jpg 1440w\" sizes=\"auto, (max-width: 360px) 100vw, 360px\" \/><\/a>Javier Gim\u00e9nez Figueroa, estudiante de cuarto curso del Grado en Ingenier\u00eda Inform\u00e1tica de la Universidad Pablo de Olavide, particip\u00f3 el pasado fin de semana en el <strong>Campeonato de Andaluc\u00eda Senior de K\u00e1rate<\/strong>. Una competici\u00f3n que se disput\u00f3 en las instalaciones del Instituto Andaluz de Deporte en Carranque (M\u00e1laga) y en la que Javier Gim\u00e9nez obtuvo la <strong>plata en la categor\u00eda kumite -67kg<\/strong>.<\/p>\n<p>El sevillano, campe\u00f3n de Andaluc\u00eda en la pasada edici\u00f3n, luchaba para revalidar el t\u00edtulo en una jornada que comenz\u00f3 librando. Tras el combate de cuartos de final, que logr\u00f3 cerrar con un resultado de 3-0, lleg\u00f3 a unas semifinales que comenz\u00f3 perdiendo y que logr\u00f3 remontar con una t\u00e9cnica de pu\u00f1o y con una pierna al cuerpo. Las semifinales acabaron con un resultado de 4-1, llegando a la final sin descanso y consiguiendo finalmente la medalla de plata.<\/p>\n<p>Este segundo puesto en el Campeonato de Andaluc\u00eda ha supuesto para el deportista <strong>clasificarse para la preselecci\u00f3n del Campeonato de Espa\u00f1a<\/strong> que se celebrar\u00e1 este domingo en Loja y en el que luchar\u00e1 por conseguir una plaza para esta competici\u00f3n que se celebrar\u00e1 en Logro\u00f1o los d\u00edas 26 y 27 de marzo.<\/p>\n<p>La Universidad Pablo de Olavide, a trav\u00e9s del Vicerrectorado de Campus Saludable y Deporte y el Servicio de Deportes (SDUPO), apuesta por el deporte y por sus deportistas, apoy\u00e1ndolos en sus competiciones y cediendo sus instalaciones para que estos puedan realizar sus entrenamientos con total seguridad.<\/p>\n","protected":false},"excerpt":{"rendered":"<p>Javier Gim\u00e9nez Figueroa, estudiante de cuarto curso del Grado en Ingenier\u00eda Inform\u00e1tica de la Universidad Pablo de Olavide, particip\u00f3 el pasado fin de semana en el Campeonato de Andaluc\u00eda Senior de Karate. Una competici\u00f3n que se disput\u00f3 en las instalaciones del Instituto Andaluz de Deporte en Carranque (M\u00e1laga) y en la que Javier Gim\u00e9nez obtuvo la plata en la categor\u00eda kumite -67kg. <\/p>\n","protected":false},"author":6,"featured_media":30871021,"comment_status":"closed","ping_status":"open","sticky":false,"template":"","format":"standard","meta":{"_monsterinsights_skip_tracking":false,"_monsterinsights_sitenote_active":false,"_monsterinsights_sitenote_note":"","_monsterinsights_sitenote_category":0,"footnotes":""},"categories":[5842],"tags":[1209,1310,231,61,232],"class_list":["post-30871019","post","type-post","status-publish","format-standard","has-post-thumbnail","hentry","category-comunidad","tag-campeonato-andalucia-universitario","tag-competicion","tag-deportes-2","tag-karate","tag-sdupo"],"_links":{"self":[{"href":"https:\/\/www.upo.es\/diario\/wp-json\/wp\/v2\/posts\/30871019","targetHints":{"allow":["GET"]}}],"collection":[{"href":"https:\/\/www.upo.es\/diario\/wp-json\/wp\/v2\/posts"}],"about":[{"href":"https:\/\/www.upo.es\/diario\/wp-json\/wp\/v2\/types\/post"}],"author":[{"embeddable":true,"href":"https:\/\/www.upo.es\/diario\/wp-json\/wp\/v2\/users\/6"}],"replies":[{"embeddable":true,"href":"https:\/\/www.upo.es\/diario\/wp-json\/wp\/v2\/comments?post=30871019"}],"version-history":[{"count":3,"href":"https:\/\/www.upo.es\/diario\/wp-json\/wp\/v2\/posts\/30871019\/revisions"}],"predecessor-version":[{"id":30871024,"href":"https:\/\/www.upo.es\/diario\/wp-json\/wp\/v2\/posts\/30871019\/revisions\/30871024"}],"wp:featuredmedia":[{"embeddable":true,"href":"https:\/\/www.upo.es\/diario\/wp-json\/wp\/v2\/media\/30871021"}],"wp:attachment":[{"href":"https:\/\/www.upo.es\/diario\/wp-json\/wp\/v2\/media?parent=30871019"}],"wp:term":[{"taxonomy":"category","embeddable":true,"href":"https:\/\/www.upo.es\/diario\/wp-json\/wp\/v2\/categories?post=30871019"},{"taxonomy":"post_tag","embeddable":true,"href":"https:\/\/www.upo.es\/diario\/wp-json\/wp\/v2\/tags?post=30871019"}],"curies":[{"name":"wp","href":"https:\/\/api.w.org\/{rel}","templated":true}]}}