{"id":30871070,"date":"2022-02-25T10:02:38","date_gmt":"2022-02-25T09:02:38","guid":{"rendered":"https:\/\/www.upo.es\/diario\/?p=30871070"},"modified":"2022-02-25T10:02:38","modified_gmt":"2022-02-25T09:02:38","slug":"la-residencia-universitaria-flora-tristan-acoge-la-exposicion-en-clave-de-derechos","status":"publish","type":"post","link":"https:\/\/www.upo.es\/diario\/cultura-social\/2022\/02\/la-residencia-universitaria-flora-tristan-acoge-la-exposicion-en-clave-de-derechos\/","title":{"rendered":"La Residencia Universitaria Flora Trist\u00e1n acoge la exposici\u00f3n \u2018En Clave de Derechos\u2019"},"content":{"rendered":"<p><a href=\"https:\/\/www.upo.es\/diario\/wp-content\/uploads\/2022\/02\/expo_flora03-scaled.jpg\"><img loading=\"lazy\" decoding=\"async\" class=\"aligncenter size-large wp-image-30871071\" src=\"https:\/\/www.upo.es\/diario\/wp-content\/uploads\/2022\/02\/expo_flora03-750x500.jpg\" alt=\"\" width=\"750\" height=\"500\" srcset=\"https:\/\/www.upo.es\/diario\/wp-content\/uploads\/2022\/02\/expo_flora03-750x500.jpg 750w, https:\/\/www.upo.es\/diario\/wp-content\/uploads\/2022\/02\/expo_flora03-360x240.jpg 360w, https:\/\/www.upo.es\/diario\/wp-content\/uploads\/2022\/02\/expo_flora03-768x512.jpg 768w, https:\/\/www.upo.es\/diario\/wp-content\/uploads\/2022\/02\/expo_flora03-1536x1024.jpg 1536w, https:\/\/www.upo.es\/diario\/wp-content\/uploads\/2022\/02\/expo_flora03-2048x1365.jpg 2048w\" sizes=\"auto, (max-width: 750px) 100vw, 750px\" \/><\/a>La Residencia Universitaria Flora Trist\u00e1n, de la Universidad Pablo de Olavide, acoge en sus instalaciones la muestra fotogr\u00e1fica colectiva <strong>\u2018En Clave de Derechos\u2019<\/strong>, una exposici\u00f3n que tiene como objetivo impulsar los derechos humanos y los Objetivos de Desarrollo Sostenible (ODS), y que est\u00e1 organizada por la Asociaci\u00f3n Sevillana de ONGD con la colaboraci\u00f3n de organizaciones locales de otros pa\u00edses. La muestra podr\u00e1 visitarse todos los d\u00edas, hasta el pr\u00f3ximo martes 1 de marzo, en horario de 9,00 a 16,00 horas.<\/p>\n<p><a href=\"https:\/\/www.upo.es\/diario\/wp-content\/uploads\/2022\/02\/expo_flora04-scaled.jpg\"><img loading=\"lazy\" decoding=\"async\" class=\"alignright wp-image-30871075 size-medium\" src=\"https:\/\/www.upo.es\/diario\/wp-content\/uploads\/2022\/02\/expo_flora04-360x240.jpg\" alt=\"\" width=\"360\" height=\"240\" srcset=\"https:\/\/www.upo.es\/diario\/wp-content\/uploads\/2022\/02\/expo_flora04-360x240.jpg 360w, https:\/\/www.upo.es\/diario\/wp-content\/uploads\/2022\/02\/expo_flora04-750x500.jpg 750w, https:\/\/www.upo.es\/diario\/wp-content\/uploads\/2022\/02\/expo_flora04-768x512.jpg 768w, https:\/\/www.upo.es\/diario\/wp-content\/uploads\/2022\/02\/expo_flora04-1536x1024.jpg 1536w, https:\/\/www.upo.es\/diario\/wp-content\/uploads\/2022\/02\/expo_flora04-2048x1365.jpg 2048w\" sizes=\"auto, (max-width: 360px) 100vw, 360px\" \/><\/a>El proyecto, promovido en el marco del convenio de colaboraci\u00f3n Sevilla Coopera, financiado por la Delegaci\u00f3n de Cooperaci\u00f3n al Desarrollo del Ayuntamiento de Sevilla, recoge un total de 22 im\u00e1genes tomadas en 17 pa\u00edses diferentes que captan diversos \u00e1mbitos como la educaci\u00f3n, la sanidad o el acceso a una alimentaci\u00f3n de calidad, la igualdad de g\u00e9nero, o el cuidado del planeta en estos pa\u00edses.<\/p>\n<p>En la tarde de ayer, en una visita institucional, estuvieron contemplando la muestra, por parte de la universidad, el vicerrector de Cultura y Pol\u00edticas Sociales, David Cobos, y el director general de Innovaci\u00f3n Social y director de la Residencia Flora Trist\u00e1n, Jos\u00e9 Luis Sarasola; y por parte del Ayuntamiento de Sevilla, la teniente alcalde y delegada del Distrito Sur, M\u00aa Luisa G\u00f3mez, y el teniente alcalde delegado del \u00c1rea de Juventud, Ciencia y Universidades y Cooperaci\u00f3n al Desarrollo, Juan Antonio Barrionuevo. Estuvieron acompa\u00f1ados tambi\u00e9n por representantes de la Asociaci\u00f3n Sevillana de ONGD.<\/p>\n<p>Adem\u00e1s, la exposici\u00f3n se acompa\u00f1a de una propuesta did\u00e1ctica, con la que profesorado y alumnado de distintos niveles podr\u00e1n trabajar conceptos como los derechos humanos, la cooperaci\u00f3n al desarrollo y los ODS.<\/p>\n<p>La Asociaci\u00f3n Sevillana ONGD agrupa a 35 organizaciones de Sevilla y provincia que trabajan en cooperaci\u00f3n internacional, en apuesta por un modelo de desarrollo sostenible centrado en las personas y comprometido en la lucha contra la pobreza, la desigualdad y la injusticia social.<\/p>\n","protected":false},"excerpt":{"rendered":"<p>La muestra fotogr\u00e1fica colectiva \u2018En Clave de Derechos\u2019, organizada por la Asociaci\u00f3n Sevillana de ONGD podr\u00e1 visitarse en las instalaciones de la Residencia Universitaria Flora Trist\u00e1n, de la Universidad Pablo de Olavide, hasta el pr\u00f3ximo martes 1 de marzo. La exposici\u00f3n realizada en colaboraci\u00f3n con organizaciones locales de otros pa\u00edses tiene como objetivo impulsar los derechos humanos y los Objetivos de Desarrollo Sostenible (ODS).<\/p>\n","protected":false},"author":2,"featured_media":30871076,"comment_status":"closed","ping_status":"open","sticky":false,"template":"","format":"standard","meta":{"_monsterinsights_skip_tracking":false,"_monsterinsights_sitenote_active":false,"_monsterinsights_sitenote_note":"","_monsterinsights_sitenote_category":0,"footnotes":""},"categories":[5843],"tags":[3080,74,353,4141,297],"class_list":["post-30871070","post","type-post","status-publish","format-standard","has-post-thumbnail","hentry","category-cultura-social","tag-derechos","tag-exposiciones","tag-flora-tristan","tag-objetivos-de-desarrollo-sostenible","tag-visita"],"_links":{"self":[{"href":"https:\/\/www.upo.es\/diario\/wp-json\/wp\/v2\/posts\/30871070","targetHints":{"allow":["GET"]}}],"collection":[{"href":"https:\/\/www.upo.es\/diario\/wp-json\/wp\/v2\/posts"}],"about":[{"href":"https:\/\/www.upo.es\/diario\/wp-json\/wp\/v2\/types\/post"}],"author":[{"embeddable":true,"href":"https:\/\/www.upo.es\/diario\/wp-json\/wp\/v2\/users\/2"}],"replies":[{"embeddable":true,"href":"https:\/\/www.upo.es\/diario\/wp-json\/wp\/v2\/comments?post=30871070"}],"version-history":[{"count":2,"href":"https:\/\/www.upo.es\/diario\/wp-json\/wp\/v2\/posts\/30871070\/revisions"}],"predecessor-version":[{"id":30871077,"href":"https:\/\/www.upo.es\/diario\/wp-json\/wp\/v2\/posts\/30871070\/revisions\/30871077"}],"wp:featuredmedia":[{"embeddable":true,"href":"https:\/\/www.upo.es\/diario\/wp-json\/wp\/v2\/media\/30871076"}],"wp:attachment":[{"href":"https:\/\/www.upo.es\/diario\/wp-json\/wp\/v2\/media?parent=30871070"}],"wp:term":[{"taxonomy":"category","embeddable":true,"href":"https:\/\/www.upo.es\/diario\/wp-json\/wp\/v2\/categories?post=30871070"},{"taxonomy":"post_tag","embeddable":true,"href":"https:\/\/www.upo.es\/diario\/wp-json\/wp\/v2\/tags?post=30871070"}],"curies":[{"name":"wp","href":"https:\/\/api.w.org\/{rel}","templated":true}]}}