{"id":30871148,"date":"2022-03-01T17:23:54","date_gmt":"2022-03-01T16:23:54","guid":{"rendered":"https:\/\/www.upo.es\/diario\/?p=30871148"},"modified":"2022-03-07T15:38:02","modified_gmt":"2022-03-07T14:38:02","slug":"inaugurada-en-el-museo-casa-de-la-ciencia-la-exposicion-la-esclavitud-y-el-legado-cultural-de-africa-en-el-caribe","status":"publish","type":"post","link":"https:\/\/www.upo.es\/diario\/docencia-formacion\/2022\/03\/inaugurada-en-el-museo-casa-de-la-ciencia-la-exposicion-la-esclavitud-y-el-legado-cultural-de-africa-en-el-caribe\/","title":{"rendered":"Inaugurada en el Museo Casa de la Ciencia la exposici\u00f3n \u2018La esclavitud y el legado cultural de \u00c1frica en el Caribe\u2019"},"content":{"rendered":"<p><a href=\"https:\/\/www.upo.es\/diario\/wp-content\/uploads\/2022\/03\/A60A9318.jpg\"><img loading=\"lazy\" decoding=\"async\" class=\"aligncenter wp-image-30871151 size-large\" src=\"https:\/\/www.upo.es\/diario\/wp-content\/uploads\/2022\/03\/A60A9318-e1646151616786-750x446.jpg\" alt=\"\" width=\"750\" height=\"446\" srcset=\"https:\/\/www.upo.es\/diario\/wp-content\/uploads\/2022\/03\/A60A9318-e1646151616786-750x446.jpg 750w, https:\/\/www.upo.es\/diario\/wp-content\/uploads\/2022\/03\/A60A9318-e1646151616786-360x214.jpg 360w, https:\/\/www.upo.es\/diario\/wp-content\/uploads\/2022\/03\/A60A9318-e1646151616786-768x456.jpg 768w, https:\/\/www.upo.es\/diario\/wp-content\/uploads\/2022\/03\/A60A9318-e1646151616786-1536x913.jpg 1536w, https:\/\/www.upo.es\/diario\/wp-content\/uploads\/2022\/03\/A60A9318-e1646151616786-1320x784.jpg 1320w, https:\/\/www.upo.es\/diario\/wp-content\/uploads\/2022\/03\/A60A9318-e1646151616786.jpg 2048w\" sizes=\"auto, (max-width: 750px) 100vw, 750px\" \/><\/a>La <strong>exposici\u00f3n \u2018La esclavitud y el legado cultural de \u00c1frica en el Caribe\u2019<\/strong> puede verse desde este martes en el Museo Casa de la Ciencia de Sevilla (Av. de Mar\u00eda Luisa, s\/n). Enmarcada en el <strong><a href=\"http:\/\/conneccaribbean.com\/\">proyecto europeo \u2018<em>Connected Worlds: The Caribbean, Origin of Modern World<\/em>\u2019<\/a><\/strong>, en el que participa la Universidad Pablo de Olavide, la muestra recorre la historia de la esclavitud transatl\u00e1ntica y los v\u00ednculos existentes entre \u00c1frica y Am\u00e9rica a trav\u00e9s de 30 paneles informativos y un documental.<\/p>\n<p>Comisariada por <strong>Miguel \u00c1ngel Puig-Samper<\/strong> (Instituto de Historia- CSIC), la exposici\u00f3n muestra el fen\u00f3meno hist\u00f3rico de la esclavizaci\u00f3n de m\u00e1s de doce millones y medio de africanos que fueron enviados a Am\u00e9rica desde principios del siglo XVI hasta 1866. En este tr\u00e1fico humano participaron varios pa\u00edses europeos, entre ellos Espa\u00f1a. Los paneles, en castellano y en ingl\u00e9s, han sido elaborados en un lenguaje adaptado a todos los p\u00fablicos y cuentan con un importante componente visual gracias a gr\u00e1ficos y mapas, adem\u00e1s de c\u00f3digos QR que permiten ampliar la informaci\u00f3n a los visitantes. Acompa\u00f1an a la exposici\u00f3n el libro \u2018<em>La esclavitud y el legado cultural de \u00c1frica en el Caribe\/Slavery and the African cultural legacy in the Caibbean\u2019<\/em> y un <a href=\"https:\/\/youtu.be\/d_thwXD4H44\">documental con el mismo t\u00edtulo de 50 minutos que, adem\u00e1s de proyectarse en la Casa de la Ciencia, se encuentra disponible en YouTube<\/a>.<\/p>\n<figure id=\"attachment_30871150\" aria-describedby=\"caption-attachment-30871150\" style=\"width: 360px\" class=\"wp-caption alignright\"><a href=\"https:\/\/www.upo.es\/diario\/wp-content\/uploads\/2022\/03\/ConnecCaribbean.jpg\"><img loading=\"lazy\" decoding=\"async\" class=\"size-medium wp-image-30871150\" src=\"https:\/\/www.upo.es\/diario\/wp-content\/uploads\/2022\/03\/ConnecCaribbean-360x240.jpg\" alt=\"\" width=\"360\" height=\"240\" srcset=\"https:\/\/www.upo.es\/diario\/wp-content\/uploads\/2022\/03\/ConnecCaribbean-360x240.jpg 360w, https:\/\/www.upo.es\/diario\/wp-content\/uploads\/2022\/03\/ConnecCaribbean-750x500.jpg 750w, https:\/\/www.upo.es\/diario\/wp-content\/uploads\/2022\/03\/ConnecCaribbean-768x512.jpg 768w, https:\/\/www.upo.es\/diario\/wp-content\/uploads\/2022\/03\/ConnecCaribbean-1536x1024.jpg 1536w, https:\/\/www.upo.es\/diario\/wp-content\/uploads\/2022\/03\/ConnecCaribbean-165x109.jpg 165w, https:\/\/www.upo.es\/diario\/wp-content\/uploads\/2022\/03\/ConnecCaribbean-1320x880.jpg 1320w, https:\/\/www.upo.es\/diario\/wp-content\/uploads\/2022\/03\/ConnecCaribbean.jpg 2048w\" sizes=\"auto, (max-width: 360px) 100vw, 360px\" \/><\/a><figcaption id=\"caption-attachment-30871150\" class=\"wp-caption-text\">La exposici\u00f3n podr\u00e1 verse en la Casa de la Ciencia hasta el 17 de julio<\/figcaption><\/figure>\n<p>Al acto de inauguraci\u00f3n han asistido la vicepresidenta de Relaciones Internacionales del CSIC, <strong>\u00c1ngeles G\u00f3mez<\/strong>; la investigadora responsable y coordinadora del proyecto \u201cConnected Worlds: The Caribbean, Origin of Modern Worlds\u201d, <strong>Consuelo Naranjo<\/strong>; el comisario de la exposici\u00f3n, <strong>Miguel \u00c1ngel Puig<\/strong>, del Instituto de Historia del CSIC; la delegada institucional del CSIC en Andaluc\u00eda y Extremadura y directora del Museo Casa de la Ciencia de Sevilla, <strong>Margarita Paneque;<\/strong> la vicerrectora de Investigaci\u00f3n, Transferencia y Doctorado de la Universidad Pablo de Olavide, <strong>Antonia Jim\u00e9nez<\/strong>; y la directora del Archivo General de Indias, <strong>Esther Cruces<\/strong>.<\/p>\n<p>La exposici\u00f3n se inaugur\u00f3 en el Museo de Am\u00e9rica de Madrid y <strong>podr\u00e1 verse en Sevilla hasta el 17 de marzo de 2022<\/strong>. A continuaci\u00f3n, viajar\u00e1 a Puerto Rico, Colombia, Rep\u00fablica Dominicana, Costa Rica y, posteriormente, ya en Espa\u00f1a de nuevo visitar\u00e1 Valencia y Barcelona. \u2018La esclavitud y el legado cultural de \u00c1frica en el Caribe\u2019 <strong>puede visitarse de martes a domingos de 10 a 20 horas<\/strong>. Adem\u00e1s, se realizar\u00e1n pases del audiovisual los jueves y viernes a las 18:00 y s\u00e1bados, domingos y festivos a las 12:00 horas.<\/p>\n<h3><strong>ConnecCaribbean<\/strong><\/h3>\n<p><em><a href=\"https:\/\/www.upo.es\/diario\/wp-content\/uploads\/2022\/03\/Ndp_InauguracionExpoEsclavitud_01mar22.jpg\"><img loading=\"lazy\" decoding=\"async\" class=\"alignright size-medium wp-image-30871152\" src=\"https:\/\/www.upo.es\/diario\/wp-content\/uploads\/2022\/03\/Ndp_InauguracionExpoEsclavitud_01mar22-254x360.jpg\" alt=\"La esclavitud y el legado cultural de \u00c1frica en el Caribe\/Slavery and the African cultural legacy in the Caibbean\" width=\"254\" height=\"360\" srcset=\"https:\/\/www.upo.es\/diario\/wp-content\/uploads\/2022\/03\/Ndp_InauguracionExpoEsclavitud_01mar22-254x360.jpg 254w, https:\/\/www.upo.es\/diario\/wp-content\/uploads\/2022\/03\/Ndp_InauguracionExpoEsclavitud_01mar22-530x750.jpg 530w, https:\/\/www.upo.es\/diario\/wp-content\/uploads\/2022\/03\/Ndp_InauguracionExpoEsclavitud_01mar22-768x1088.jpg 768w, https:\/\/www.upo.es\/diario\/wp-content\/uploads\/2022\/03\/Ndp_InauguracionExpoEsclavitud_01mar22.jpg 800w\" sizes=\"auto, (max-width: 254px) 100vw, 254px\" \/><\/a>\u2018Connected Worlds: The Caribbean, Origin of Modern World<\/em>\u2019, <strong>ConnecCaribbean<\/strong>, es un proyecto financiado con 1.922.800 euros por el programa Horizonte 2020 de la UE; involucra a 104 investigadores de quince instituciones en diez pa\u00edses de Europa, la regi\u00f3n del Caribe y Am\u00e9rica Latina. Dirigido por la Consuelo Naranjo Orovio, del Instituto de Historia del CSIC, cuenta con el catedr\u00e1tico de Historia de Am\u00e9rica <strong>Juan Marchena<\/strong> como investigador principal en la UPO. A trav\u00e9s de una investigaci\u00f3n multidisciplinar en red, los grupos de investigaci\u00f3n que integran ConnecCaribbean se han propuesto como objetivos hasta 2022: rescatar la autonom\u00eda hist\u00f3rica social, cultural y pol\u00edtica del Caribe; el estudio comparado de las sociedades caribe\u00f1as y de la circulaci\u00f3n a trav\u00e9s del Atl\u00e1ntico de personas, ideas, tradiciones y productos; as\u00ed como avanzar en el conocimiento de las huellas de Europa y \u00c1frica en el Caribe.<\/p>\n<p>Participan en ConnecCaribbean entidades de <strong>Espa\u00f1a, Francia, Alemania, Italia, Rep\u00fablica Dominicana, Cuba, Colombia, Costa Rica, Chile y Puerto Rico<\/strong>: Instituto de Historia (CSIC); Universidad de\u00a0 Sevilla; Universidad Pablo de Olavide; ediciones Doce Calles; Leibniz Universit\u00e4t Hannover; IHEAL-Universit\u00e9 Sorbonne Nouvelle; Laboratoire Carib\u00e9en de Sciences Sociales- Universit\u00e9 des Antilles; Universit\u00e0 Cattolica del Sacro Cuore; Centro de Estudios Caribe\u00f1os-Pontificia Universidad Cat\u00f3lica Madre y Maestra; Academia de la Historia de Cuba; Centro de Investigaciones Hist\u00f3ricas de Am\u00e9rica Central (CIHAC)-Universidad de Costa Rica; Universidad del Norte, Barranquilla; Universidad del Magdalena, Santa Marta;\u00a0 Universidad Ana G. M\u00e9ndez, Recinto de Gurabo; y el Centro de Estudios Culturales Latinoamericanos (CECLA)-Universidad de Chile.<\/p>\n<p>M\u00e1s informaci\u00f3n: <a href=\"http:\/\/conneccaribbean.com\/\">http:\/\/conneccaribbean.com\/<\/a><\/p>\n<p><iframe loading=\"lazy\" title=\"YouTube video player\" src=\"https:\/\/www.youtube.com\/embed\/d_thwXD4H44\" width=\"560\" height=\"315\" frameborder=\"0\" allowfullscreen=\"allowfullscreen\"><\/iframe><\/p>\n","protected":false},"excerpt":{"rendered":"<p>La exposici\u00f3n \u2018La esclavitud y el legado cultural de \u00c1frica en el Caribe\u2019 puede verse desde este martes en el Museo Casa de la Ciencia de Sevilla (Av. de Mar\u00eda Luisa, s\/n). Enmarcada en el proyecto europeo \u2018Connected Worlds: The Caribbean, Origin of Modern World\u2019, en el que participa la Universidad Pablo de Olavide, la muestra recorre la historia de la esclavitud transatl\u00e1ntica y los v\u00ednculos existentes entre \u00c1frica y Am\u00e9rica a trav\u00e9s de 30 paneles informativos y un documental.<\/p>\n","protected":false},"author":6,"featured_media":30871153,"comment_status":"closed","ping_status":"open","sticky":false,"template":"","format":"standard","meta":{"_monsterinsights_skip_tracking":false,"_monsterinsights_sitenote_active":false,"_monsterinsights_sitenote_note":"","_monsterinsights_sitenote_category":0,"footnotes":""},"categories":[2779],"tags":[911,3124,45,910,454,74,1114,2217,1797],"class_list":["post-30871148","post","type-post","status-publish","format-standard","has-post-thumbnail","hentry","category-docencia-formacion","tag-africa","tag-caribe","tag-csic","tag-esclavitud","tag-europa","tag-exposiciones","tag-historia-de-america","tag-historia-moderna","tag-museo-casa-de-la-ciencia"],"_links":{"self":[{"href":"https:\/\/www.upo.es\/diario\/wp-json\/wp\/v2\/posts\/30871148","targetHints":{"allow":["GET"]}}],"collection":[{"href":"https:\/\/www.upo.es\/diario\/wp-json\/wp\/v2\/posts"}],"about":[{"href":"https:\/\/www.upo.es\/diario\/wp-json\/wp\/v2\/types\/post"}],"author":[{"embeddable":true,"href":"https:\/\/www.upo.es\/diario\/wp-json\/wp\/v2\/users\/6"}],"replies":[{"embeddable":true,"href":"https:\/\/www.upo.es\/diario\/wp-json\/wp\/v2\/comments?post=30871148"}],"version-history":[{"count":3,"href":"https:\/\/www.upo.es\/diario\/wp-json\/wp\/v2\/posts\/30871148\/revisions"}],"predecessor-version":[{"id":30871155,"href":"https:\/\/www.upo.es\/diario\/wp-json\/wp\/v2\/posts\/30871148\/revisions\/30871155"}],"wp:featuredmedia":[{"embeddable":true,"href":"https:\/\/www.upo.es\/diario\/wp-json\/wp\/v2\/media\/30871153"}],"wp:attachment":[{"href":"https:\/\/www.upo.es\/diario\/wp-json\/wp\/v2\/media?parent=30871148"}],"wp:term":[{"taxonomy":"category","embeddable":true,"href":"https:\/\/www.upo.es\/diario\/wp-json\/wp\/v2\/categories?post=30871148"},{"taxonomy":"post_tag","embeddable":true,"href":"https:\/\/www.upo.es\/diario\/wp-json\/wp\/v2\/tags?post=30871148"}],"curies":[{"name":"wp","href":"https:\/\/api.w.org\/{rel}","templated":true}]}}