{"id":30871167,"date":"2022-03-03T11:52:57","date_gmt":"2022-03-03T10:52:57","guid":{"rendered":"https:\/\/www.upo.es\/diario\/?p=30871167"},"modified":"2022-03-04T13:07:14","modified_gmt":"2022-03-04T12:07:14","slug":"aula-mayores-universidad-pablo-olavide-municipio-santiponce","status":"publish","type":"post","link":"https:\/\/www.upo.es\/diario\/institucional\/2022\/03\/aula-mayores-universidad-pablo-olavide-municipio-santiponce\/","title":{"rendered":"El Programa del Aula Abierta de Mayores de la Universidad Pablo de Olavide se consolida en el municipio de Santiponce  \u00a0"},"content":{"rendered":"<figure id=\"attachment_30871168\" aria-describedby=\"caption-attachment-30871168\" style=\"width: 750px\" class=\"wp-caption aligncenter\"><a href=\"https:\/\/www.upo.es\/diario\/wp-content\/uploads\/2022\/03\/conve_santiponce_aulamayores02.jpg\"><img loading=\"lazy\" decoding=\"async\" class=\"size-large wp-image-30871168\" src=\"https:\/\/www.upo.es\/diario\/wp-content\/uploads\/2022\/03\/conve_santiponce_aulamayores02-750x500.jpg\" alt=\"\" width=\"750\" height=\"500\" srcset=\"https:\/\/www.upo.es\/diario\/wp-content\/uploads\/2022\/03\/conve_santiponce_aulamayores02-750x500.jpg 750w, https:\/\/www.upo.es\/diario\/wp-content\/uploads\/2022\/03\/conve_santiponce_aulamayores02-360x240.jpg 360w, https:\/\/www.upo.es\/diario\/wp-content\/uploads\/2022\/03\/conve_santiponce_aulamayores02-768x512.jpg 768w, https:\/\/www.upo.es\/diario\/wp-content\/uploads\/2022\/03\/conve_santiponce_aulamayores02-1536x1024.jpg 1536w, https:\/\/www.upo.es\/diario\/wp-content\/uploads\/2022\/03\/conve_santiponce_aulamayores02-2048x1366.jpg 2048w, https:\/\/www.upo.es\/diario\/wp-content\/uploads\/2022\/03\/conve_santiponce_aulamayores02-165x109.jpg 165w, https:\/\/www.upo.es\/diario\/wp-content\/uploads\/2022\/03\/conve_santiponce_aulamayores02-1320x880.jpg 1320w\" sizes=\"auto, (max-width: 750px) 100vw, 750px\" \/><\/a><figcaption id=\"caption-attachment-30871168\" class=\"wp-caption-text\">David Cobos Sanchiz y Francisca Mateos C\u00e1rdenas, en el acto de firma del convenio.<\/figcaption><\/figure>\n<p>Estudiantes del <strong>Aula Abierta de Mayores de la Universidad Pablo de Olavide<\/strong> con sede en el municipio sevillano de <strong>Santiponce<\/strong> vuelven un a\u00f1o m\u00e1s a recibir formaci\u00f3n cient\u00edfica, cultural y social a trav\u00e9s de este programa universitario, gracias a un <strong>convenio que ratifica el compromiso entre ambas instituciones<\/strong>.<\/p>\n<p>En un acto celebrado esta ma\u00f1ana en la UPO, el vicerrector de Cultura y Pol\u00edticas Sociales, <strong>David Cobos Sanchiz<\/strong>, y la concejala de Mujer e Igualdad, Bienestar Social, Juventud y Educaci\u00f3n del Ayuntamiento de Santiponce, <strong>Francisca Mateos C\u00e1rdenas<\/strong>, han sellado un acuerdo para dar continuidad a las actividades celebradas en el marco del Aula Abierta de Mayores, con el objetivo de mejorar la calidad de vida de sus estudiantes, fomentando su participaci\u00f3n en la sociedad y favoreciendo espacios de colaboraci\u00f3n intergeneracional.<\/p>\n<figure id=\"attachment_30871169\" aria-describedby=\"caption-attachment-30871169\" style=\"width: 360px\" class=\"wp-caption alignright\"><a href=\"https:\/\/www.upo.es\/diario\/wp-content\/uploads\/2022\/03\/conve_santiponce_aulamayores03.jpg\"><img loading=\"lazy\" decoding=\"async\" class=\"size-medium wp-image-30871169\" src=\"https:\/\/www.upo.es\/diario\/wp-content\/uploads\/2022\/03\/conve_santiponce_aulamayores03-360x240.jpg\" alt=\"\" width=\"360\" height=\"240\" srcset=\"https:\/\/www.upo.es\/diario\/wp-content\/uploads\/2022\/03\/conve_santiponce_aulamayores03-360x240.jpg 360w, https:\/\/www.upo.es\/diario\/wp-content\/uploads\/2022\/03\/conve_santiponce_aulamayores03-750x500.jpg 750w, https:\/\/www.upo.es\/diario\/wp-content\/uploads\/2022\/03\/conve_santiponce_aulamayores03-768x512.jpg 768w, https:\/\/www.upo.es\/diario\/wp-content\/uploads\/2022\/03\/conve_santiponce_aulamayores03-1536x1024.jpg 1536w, https:\/\/www.upo.es\/diario\/wp-content\/uploads\/2022\/03\/conve_santiponce_aulamayores03-2048x1366.jpg 2048w, https:\/\/www.upo.es\/diario\/wp-content\/uploads\/2022\/03\/conve_santiponce_aulamayores03-165x109.jpg 165w, https:\/\/www.upo.es\/diario\/wp-content\/uploads\/2022\/03\/conve_santiponce_aulamayores03-1320x880.jpg 1320w\" sizes=\"auto, (max-width: 360px) 100vw, 360px\" \/><\/a><figcaption id=\"caption-attachment-30871169\" class=\"wp-caption-text\">Foto de grupo de los asistentes a la firma.<\/figcaption><\/figure>\n<p>En la firma tambi\u00e9n han estado presentes la directora acad\u00e9mica del Aula, <strong>Roc\u00edo Cruz D\u00edaz<\/strong>; las coordinadoras t\u00e9cnicas <strong>Julia Mu\u00f1oz P\u00e9rez<\/strong> y <strong>M\u00aa Carmen Ram\u00edrez Santos<\/strong>, la coordinadora local <strong>M\u00aa \u00c1ngeles Fern\u00e1ndez Arregui<\/strong> y la alumna <strong>Carmen Romero Rodr\u00edguez<\/strong>.<\/p>\n<p>El Ayuntamiento de Santiponce lleva desarrollando el programa en su municipio desde el curso 2014\/2015, acogiendo en sus aulas una media de 20 alumnos y alumnas por cada curso acad\u00e9mico.<\/p>\n<h3><strong>Envejecimiento activo y satisfactorio<\/strong><\/h3>\n<p>El Aula Abierta de Mayores de la Universidad Pablo de Olavide es un programa de intervenci\u00f3n socioeducativa para fomentar el acceso a la formaci\u00f3n permanente de las personas mayores de 50 a\u00f1os, para el que no se necesita titulaci\u00f3n previa. Las instituciones que colaboran, adem\u00e1s de la propia Universidad Pablo de Olavide y los ayuntamientos cuyos municipios tienen sede del programa, son la Consejer\u00eda de Igualdad, Pol\u00edticas Sociales y Conciliaci\u00f3n de la Junta de Andaluc\u00eda, la Diputaci\u00f3n de Sevilla y CaixaBank, a trav\u00e9s de la aportaci\u00f3n econ\u00f3mica de la Fundaci\u00f3n \u201cLa Caixa\u201d.<\/p>\n<p>Durante el curso 2021\/2022 cuenta con sede en 22 municipios de la provincia: Alcal\u00e1 de Guadaira, Almensilla, Aznalc\u00f3llar, Bollullos de la Mitaci\u00f3n, Bormujos, Castilleja de la Cuesta, Dos Hermanas, Gerena, Gilena, Gines, Herrera, La Algaba, La Puebla de Cazalla, La Puebla del R\u00edo, Las Cabezas de San Juan, Lebrija, Mairena del Alcor, Pedrera, Pilas, Salteras, Santiponce y Tomares.<\/p>\n<p>El alumnado del Aula Abierta de Mayores de la UPO recibe formaci\u00f3n en materias como Arte y Humanidades; Ciencias Sociales; Ciencias de la Salud y Biosanitarias; Ciencias Experimentales, de la Tierra y del Medio Ambiente; Ciencias Tecnol\u00f3gicas y de la Comunicaci\u00f3n; Ciencias Jur\u00eddicas y Econ\u00f3micas; Ciencias de la Actividad F\u00edsica y del Deporte; M\u00e9todos y Modelos de Investigaci\u00f3n. El programa se estructura en dos ciclos, b\u00e1sico y de continuidad, cada uno de un m\u00ednimo de 135 horas. Durante este curso acad\u00e9mico participan m\u00e1s de 150 docentes de la Universidad Pablo de Olavide y profesorado colaborador de los respectivos municipios, as\u00ed como expertos en las distintas materias.<\/p>\n<p><strong>M\u00e1s informaci\u00f3n:<\/strong><\/p>\n<p><a href=\"https:\/\/www.upo.es\/aula-mayores\/informacion\/\">Aula Abierta de Mayores de la Universidad Pablo de Olavide<\/a><\/p>\n","protected":false},"excerpt":{"rendered":"<p>Estudiantes del Aula Abierta de Mayores de la Universidad Pablo de Olavide con sede en el municipio sevillano de Santiponce vuelven un a\u00f1o m\u00e1s a recibir formaci\u00f3n cient\u00edfica, cultural y social a trav\u00e9s de este programa universitario, gracias a un convenio que ratifica el compromiso entre ambas instituciones.<\/p>\n","protected":false},"author":2,"featured_media":30871168,"comment_status":"closed","ping_status":"open","sticky":false,"template":"","format":"standard","meta":{"_monsterinsights_skip_tracking":false,"_monsterinsights_sitenote_active":false,"_monsterinsights_sitenote_note":"","_monsterinsights_sitenote_category":0,"footnotes":""},"categories":[6],"tags":[52,326,1431,7194],"class_list":["post-30871167","post","type-post","status-publish","format-standard","has-post-thumbnail","hentry","category-institucional","tag-aula-abierta-de-mayores","tag-convenio","tag-santiponce","tag-vicerrectorado-de-cultura-y-politicas-sociales"],"_links":{"self":[{"href":"https:\/\/www.upo.es\/diario\/wp-json\/wp\/v2\/posts\/30871167","targetHints":{"allow":["GET"]}}],"collection":[{"href":"https:\/\/www.upo.es\/diario\/wp-json\/wp\/v2\/posts"}],"about":[{"href":"https:\/\/www.upo.es\/diario\/wp-json\/wp\/v2\/types\/post"}],"author":[{"embeddable":true,"href":"https:\/\/www.upo.es\/diario\/wp-json\/wp\/v2\/users\/2"}],"replies":[{"embeddable":true,"href":"https:\/\/www.upo.es\/diario\/wp-json\/wp\/v2\/comments?post=30871167"}],"version-history":[{"count":2,"href":"https:\/\/www.upo.es\/diario\/wp-json\/wp\/v2\/posts\/30871167\/revisions"}],"predecessor-version":[{"id":30871171,"href":"https:\/\/www.upo.es\/diario\/wp-json\/wp\/v2\/posts\/30871167\/revisions\/30871171"}],"wp:featuredmedia":[{"embeddable":true,"href":"https:\/\/www.upo.es\/diario\/wp-json\/wp\/v2\/media\/30871168"}],"wp:attachment":[{"href":"https:\/\/www.upo.es\/diario\/wp-json\/wp\/v2\/media?parent=30871167"}],"wp:term":[{"taxonomy":"category","embeddable":true,"href":"https:\/\/www.upo.es\/diario\/wp-json\/wp\/v2\/categories?post=30871167"},{"taxonomy":"post_tag","embeddable":true,"href":"https:\/\/www.upo.es\/diario\/wp-json\/wp\/v2\/tags?post=30871167"}],"curies":[{"name":"wp","href":"https:\/\/api.w.org\/{rel}","templated":true}]}}