{"id":30871261,"date":"2022-03-08T09:10:34","date_gmt":"2022-03-08T08:10:34","guid":{"rendered":"https:\/\/www.upo.es\/diario\/?p=30871261"},"modified":"2022-03-08T09:25:31","modified_gmt":"2022-03-08T08:25:31","slug":"upo-conmemoracion-8m-mujeres-accion","status":"publish","type":"post","link":"https:\/\/www.upo.es\/diario\/institucional\/2022\/03\/upo-conmemoracion-8m-mujeres-accion\/","title":{"rendered":"La UPO se suma a la conmemoraci\u00f3n del 8M bajo el lema \u2018Mujeres en acci\u00f3n\u2019"},"content":{"rendered":"<p><a href=\"https:\/\/www.upo.es\/diario\/wp-content\/uploads\/2022\/03\/8M_cartel_2022_ok1_72ppp_RGB.jpg\"><img loading=\"lazy\" decoding=\"async\" class=\"alignright size-medium wp-image-30871263\" src=\"https:\/\/www.upo.es\/diario\/wp-content\/uploads\/2022\/03\/8M_cartel_2022_ok1_72ppp_RGB-255x360.jpg\" alt=\"\" width=\"255\" height=\"360\" srcset=\"https:\/\/www.upo.es\/diario\/wp-content\/uploads\/2022\/03\/8M_cartel_2022_ok1_72ppp_RGB-255x360.jpg 255w, https:\/\/www.upo.es\/diario\/wp-content\/uploads\/2022\/03\/8M_cartel_2022_ok1_72ppp_RGB-530x750.jpg 530w, https:\/\/www.upo.es\/diario\/wp-content\/uploads\/2022\/03\/8M_cartel_2022_ok1_72ppp_RGB-768x1086.jpg 768w, https:\/\/www.upo.es\/diario\/wp-content\/uploads\/2022\/03\/8M_cartel_2022_ok1_72ppp_RGB.jpg 842w\" sizes=\"auto, (max-width: 255px) 100vw, 255px\" \/><\/a>Bajo el lema <strong>\u2018Mujeres en acci\u00f3n\u2019<\/strong>, la Universidad Pablo de Olavide se suma un a\u00f1o m\u00e1s a la conmemoraci\u00f3n del <strong>D\u00eda Internacional de las Mujeres<\/strong> y lo hace con la puesta en marcha de la <strong>Campa\u00f1a 8M<\/strong>. De esta manera, a trav\u00e9s de la\u00a0 de la Delegaci\u00f3n del Rector para la Igualdad de G\u00e9nero, la UPO impulsa en un programa \u00fanico las distintas acciones que se llevar\u00e1n a cabo a lo largo del mes de marzo en esta instituci\u00f3n, con el objetivo de revindicar los derechos de las mujeres y la igualdad de g\u00e9nero para alcanzar una sociedad m\u00e1s justa e igualitaria.<\/p>\n<p>As\u00ed, con el objetivo dar a conocer a la comunidad universitaria una serie de conceptos clave para entender qu\u00e9 es la igualdad de g\u00e9nero, hoy martes 8 de marzo se lanza a trav\u00e9s de las redes sociales de la UPO la <strong><a href=\"https:\/\/upotv.upo.es\/video\/6221d9a5abe3c67fb88b4569\">campa\u00f1a audiovisual \u2018Aprendiendo en Igualdad\u2019<\/a><\/strong>, con un primer v\u00eddeo que aborda qu\u00e9 es transversalidad de g\u00e9nero y c\u00f3mo se aplica al \u00e1mbito universitario. \u201cEsta campa\u00f1a va dirigida especialmente a personas que no han tenido experiencias de trabajo previo con enfoque de g\u00e9nero. Para muchas otras resultan conceptos bien conocidos, pero me preocupa mucho llegar a esa otra parte de la comunidad universitaria\u201d, declara <strong>M\u00f3nica Dom\u00ednguez Serrano<\/strong>, delegada del Rector para la Igualdad de G\u00e9nero UPO, quien a\u00f1ade que \u201ces fundamental hacer pedagog\u00eda y que se entienda a qu\u00e9 nos referimos, para entender el por qu\u00e9 y el c\u00f3mo\u201d.<\/p>\n<p>Por otro lado, en su compromiso de seguir trabajando y avanzando en una igualdad real, este y todos los d\u00edas del a\u00f1o, la Universidad Pablo de Olavide se adhiere al <strong><a href=\"https:\/\/www.crue.org\/2022\/03\/manifiesto-8m-dia-internacional-de-la-mujer\/\">Manifiesto de Crue Universidades Espa\u00f1olas <\/a><\/strong>\u00a0para reivindicar los derechos de las mujeres y de la igualdad de oportunidades entre mujeres y hombres, teniendo como marco la Agenda 2030 para el Desarrollo Sostenible.<\/p>\n<p>Por su parte, la Unidad T\u00e9cnica de Comunicaci\u00f3n ha desarrollado la <strong>Campa\u00f1a \u2018Mujeres en la UPO\u2019<\/strong> para visibilizar a alumnas, profesoras, egresadas y personal de administraci\u00f3n y servicios a trav\u00e9s de las redes sociales institucionales.<\/p>\n<p>Las redes sociales de la Facultad de Humanidades tambi\u00e9n se har\u00e1n eco de la conmemoraci\u00f3n del 8M y lo har\u00e1n a trav\u00e9s de <strong>\u2018La mujer que me inspir\u00f3\u2019<\/strong>, una serie de videos breves en los que el profesorado de la dicha Facultad recordar\u00e1 a mujeres que han sido inspiradoras en su vida.<\/p>\n<p>Tambi\u00e9n hoy 8 de marzo, a las 19:00 horas en el aula 105 del edificio 24, se celebrar\u00e1 la actividad <strong>\u2018Seis historiadoras americanistas eligen a seis mujeres fundamentales en la historia latinoamericana\u2019<\/strong>, organizada por el \u00c1rea de Historia de Am\u00e9rica de la Facultad de Humanidades y que contar\u00e1 con <a href=\"https:\/\/www.youtube.com\/watch?v=3M7xsuxyaIA\">retransmisi\u00f3n online a trav\u00e9s de Youtube<\/a>.<\/p>\n<p>La <a href=\"https:\/\/radiolavide.org\/\">radio universitaria de la UPO<\/a> emitir\u00e1 el programa especial Stand up <strong>\u20188-M. Ponemos el foco en los derechos humanos de las mujeres por RadiOlavide\u2019<\/strong>, que pone la atenci\u00f3n en c\u00f3mo la sociedad sigue perpetuando los estereotipos que encasillan al sexo\/g\u00e9nero femenino. Adem\u00e1s, ponen en marcha un experimento social que evidenciar\u00e1 o no la validez de los argumentos antifeministas hoy vigentes.<\/p>\n<p>Con el objetivo de visibilizar y poner en valor a las numerosas mujeres que han contribuido decisivamente al desarrollo de la Historia de la Cultura en Andaluc\u00eda, del 9 al 11 de marzo se celebrar\u00e1n las <strong>VII Jornadas Nacionales \u2018Capitanas\u2019<\/strong>, organizadas por el Proyecto I+D Agencia Femenina en la escena art\u00edstica andaluza. Los lugares de celebraci\u00f3n as\u00ed como el programa completo pueden consultarse en el <a href=\"http:\/\/grupo.us.es\/arteygenero\/uploads\/JORNADAS%20AGENCIA%20FEMENINA.%20D%C3%8DPTICO%20(baja).pdf\">programa<\/a>.<\/p>\n<p>El jueves 10 de marzo, el seminario permanente <strong>\u2018Los mundos ib\u00e9ricos y la globalizaci\u00f3n temprana\u2019<\/strong> retoma su actividad mensual, con motivo del D\u00eda Internacional de las Mujeres, con una sesi\u00f3n promovida desde el Proyecto FEDER-UPO-1380997, \u2018G\u00e9nero y etnia en el istmo de Panam\u00e1, 1500-1700, y en otros \u00e1mbitos.\u00bb y desde el grupo PAI HUM 1000 \u00abHistoria de la Globalizaci\u00f3n\u2019.\u00a0 En esta ocasi\u00f3n, la sesi\u00f3n llevar\u00e1 por t\u00edtulo <strong><a href=\"https:\/\/www.upo.es\/investiga\/globalhistory\/proxima-sesion-del-seminario-permanente-los-mundos-ibericos-y-la-globalizacion-temprana-el-jueves-10-de-marzo-a-las-1600-h-cet\/\">\u2018El tr\u00e1fico de personas y la explotaci\u00f3n sexual en el pasado y el presente\u2019\/<em>Human Trafficking and Sexual Exploitation in the Past and Present<\/em>\u2019<\/a><\/strong> y contar\u00e1 con las ponencias de las profesoras Bethany Aram (\u00c1rea de Historia Moderna, UPO) y Nuria Cordero Ramos (\u00c1rea de Trabajo y Servicios Sociales, UPO), adem\u00e1s de la moderaci\u00f3n de la profesora Amelia Almorza Hidalgo (\u00c1rea de Historia e Instituciones Econ\u00f3micas, UPO). Tendr\u00e1 formato dual, presencial en la Sala de Telepresencia del Edificio 6 y por Zoom.<\/p>\n<p>Por su parte, el <strong>Consejo de Estudiantes de la UPO<\/strong> ha organizado una serie de actividades entre las que se encuentra un caf\u00e9 ecofeminista con PiensaUPO, charla de Sesgos Inconscientes de la profesora Cristina Rosillo, un taller de autodefensa personal, pintada de mural feminista y colocaci\u00f3n de buzones violetas en distintos edificios del Campus.<\/p>\n<p>Cerrar\u00e1 la semana, el viernes 11 de marzo, a las 10:00 horas en la Sala de Prensa del Rectorado, la presentaci\u00f3n de la <strong><a href=\"https:\/\/www.upo.es\/upsc\/igualdad\/univergem\/\">III Edici\u00f3n del Programa UNIVERGEM \u2018Mujeres universitarias: empleabilidad y emprendimiento en igualdad\u2019<\/a><\/strong>, a cargo del rector Francisco Oliva Bl\u00e1zquez; Laura Fern\u00e1ndez Rubio, directora del Instituto Andaluz de la Mujer; Jos\u00e9 Luis Barbero Navarro, delegado del Rector para el Plan Estrat\u00e9gico; y M\u00f3nica Dom\u00ednguez Serrano, delegada del Rector para la Igualdad de G\u00e9nero UPO.<\/p>\n<p>Este programa, dirigido a tituladas universitarias y estudiantes de la UPO que tengan superados el 80% de los cr\u00e9ditos, tiene por objeto mejorar las opciones de empleabilidad y emprendimiento de las participantes del mismo, facilit\u00e1ndoles formaci\u00f3n en igualdad y conocimientos de los recursos de orientaci\u00f3n y formaci\u00f3n disponibles, as\u00ed como las opciones m\u00e1s ventajosas para acceder y mantenerse en el empleo en funci\u00f3n de sus intereses, demandas y perfiles formativos y profesionales, desde la perspectiva de g\u00e9nero y en un contexto internacional.<\/p>\n<h3><strong>Semana del 14 al 20 de marzo<\/strong><\/h3>\n<p>El programa de actividades contin\u00faa el martes 15 de marzo, a las 16:30 horas en el Paraninfo de la UPO, con la puesta en escena de la <strong>obra de teatro \u2018Ni\u00f1a, da la l\u00fah\u2019<\/strong> de la Compa\u00f1\u00eda Salamandra, organizada por el Aula Abierta de Mayores de esta universidad en el marco de sus X Jornadas Culturales. El jueves 17 de marzo, a la misma hora y en el mismo sitio, ser\u00e1 el turno de la Compa\u00f1\u00eda \u2018La turista\u2019, que representar\u00e1 <strong>\u2018Mata Hari: la \u00faltima mentira\u2019<\/strong>.<\/p>\n<p>El estudiantado de la asignatura \u2018G\u00e9nero y cr\u00edtica de las ideolog\u00edas\u2019 y su profesora Marian P\u00e9rez Bernal, presentar\u00e1n el jueves 17 de marzo, a las 12:30 horas en la Sala de Juntas del Edificio 7, un nuevo n\u00famero de <strong>\u2018La pluma violeta\u2019<\/strong>, revista anual que se publica con los trabajos realizados a lo largo del curso.<\/p>\n<p>Tambi\u00e9n el jueves 17 de marzo, y con el objetivo de visibilizar los distintos movimientos feministas que se han dado a lo largo de la historia, se celebrar\u00e1 la actividad <strong>\u2018Reconstruir la memoria feminista para construir un feminismo del 99%\u2019<\/strong>, organizada por Instituto de las Mujeres del Ministerio de Igualdad y la Oficina para la Igualdad de la Delegaci\u00f3n del Rector para la Igualdad de G\u00e9nero de la UPO. La cita ser\u00e1 a las 9:30 horas en la Sala de Grados del Edificio 7 y contar\u00e1 con retransmisi\u00f3n en <em>streaming<\/em> en el <a href=\"https:\/\/www.youtube.com\/user\/Inmujer?app=desktop&amp;cbrd=1\">canal de YouTube del Instituto de las Mujeres<\/a>.<\/p>\n<p>Contar\u00e1 con la presentaci\u00f3n a cargo de Antonia Morillas Gonz\u00e1lez, directora del Instituto de las Mujeres del Ministerio de Igualdad; Laura Fern\u00e1ndez Rubio, directora del Instituto Andaluz de la Mujer de la Junta de Andaluc\u00eda; M\u00f3nica Dom\u00ednguez Serrano, delegada del Rector para la Igualdad de G\u00e9nero de la Universidad Pablo de Olavide, y con la participaci\u00f3n de \u00a0\u00a0 Julia Hidalgo, artista y pintora espa\u00f1ola, acad\u00e9mica de Ciencias, Bellas Artes y Nobles Letras de C\u00f3rdoba; Justa Montero, activista feminista y social,\u00a0 experta en g\u00e9nero y pol\u00edticas de igualdad; Bego\u00f1a San Jos\u00e9, feminista, pol\u00edtica y sindicalista, m\u00e9dica; Isabel Mell\u00e9n, fil\u00f3sofa e historiadora del arte, autora de \u2018Tierra de damas\u2019; Patricia Gonz\u00e1lez, historiadora, autora de \u2018Soror. Mujeres en Roma\u2019, y Mikel Herr\u00e1n, arque\u00f3logo, m\u00e1ster en Arqueolog\u00eda del mundo \u00e1rabe e isl\u00e1mico y doctorando por la Universidad de Leicester.<\/p>\n<h3><strong>Semana del 21 al 27 de marzo<\/strong><\/h3>\n<p>Con el objetivo de incorporar la perspectiva de g\u00e9nero en el diagn\u00f3stico de la realidad social entorno al consumo de drogas para poder dise\u00f1ar intervenciones preventivas de mayor calidad, el mi\u00e9rcoles 23 de marzo, a las 9:30 horas en el Paraninfo, se celebrar\u00e1 la <strong>Jornada Andaluza \u2018Gafas Violeta: Integraci\u00f3n de la Perspectiva de G\u00e9nero en la prevenci\u00f3n de Adicciones\u2019<\/strong>, organizada por la Fundaci\u00f3n de Ayuda contra la Drogadicci\u00f3n (FAD) con la colaboraci\u00f3n del Vicerrectorado de Cultura y Pol\u00edticas Sociales, Oficina para la Igualdad de la Delegaci\u00f3n del Rector para la Igualdad de G\u00e9nero de la UPO.<\/p>\n<p>La presentaci\u00f3n de la <strong>revista digital \u2018Mujeres y Medioambiente\u2019<\/strong> cerrar\u00e1 la Campa\u00f1a el jueves 24 de marzo, una publicaci\u00f3n que nace como primer resultado de la reactivaci\u00f3n del Observatorio Universitario \u2018Mujeres y Educaci\u00f3n Ambiental\u2019 de la UPO, pretendi\u00e9ndose visibilizar en ella a mujeres referentes en el \u00e1mbito de la educaci\u00f3n ambiental y el medioambiente. Organizada por la Delegaci\u00f3n del Rector para el Campus Sostenible y la Oficina para la Igualdad de la Delegaci\u00f3n del Rector para la Igualdad de G\u00e9nero, la presentaci\u00f3n ser\u00e1 a las 14:00 horas en las redes sociales de dicha Oficina.<\/p>\n<h3><strong>La UPO, comprometida con la igualdad<\/strong> <strong>efectiva entre mujeres y hombres<\/strong><\/h3>\n<p>La Universidad Pablo de Olavide, comprometida desde su creaci\u00f3n con la promoci\u00f3n de la igualdad, se plantea como objetivo esencial impulsar la perspectiva de g\u00e9nero y la cultura de igualdad de oportunidades en la docencia, la investigaci\u00f3n y la gesti\u00f3n acad\u00e9mica, profundizando en una pol\u00edtica universitaria de igualdad y atendiendo al cumplimiento de la Ley 3\/2007, de 22 de marzo, para la igualdad efectiva de mujeres y hombres.<strong>\u00a0<\/strong><\/p>\n<p>\u00abCon este amplio programa de actividades pretendemos seguir contribuyendo, desde nuestra universidad, a enfrentar estas desigualdades, que no son sino el reflejo de una sociedad en la que a\u00fan queda camino por recorrer. Es necesario que las mujeres y los hombres sean corresponsables en los distintos \u00e1mbitos de la vida familiar y laboral, en la esfera de lo p\u00fablico y lo privado\u00bb, declara la delegada del Rector para la Igualdad de G\u00e9nero M\u00f3nica Dom\u00ednguez Serrano.<\/p>\n<p>&nbsp;<\/p>\n<h3><strong>\u00a0<\/strong><strong>M\u00e1s informaci\u00f3n y programa completo:<\/strong><\/h3>\n<p><a href=\"https:\/\/www.upo.es\/upsc\/igualdad\/dia-internacional-mujeres\/\">Campa\u00f1a 8-M D\u00eda Internacional de las Mujeres: \u2018Mujeres en Acci\u00f3n\u2019 2022<\/a><\/p>\n<p>&nbsp;<\/p>\n<p><strong>Campa\u00f1a audiovisual \u2018Aprendiendo en Igualdad\u2019:<\/strong><\/p>\n<p><iframe loading=\"lazy\" id=\"pumukitiframe\" src=\"https:\/\/upotv.upo.es\/iframe\/6221d9a5abe3c67fb88b4569\" width=\"560\" height=\"315\" frameborder=\"0\" allowfullscreen=\"allowfullscreen\"><\/iframe><\/p>\n","protected":false},"excerpt":{"rendered":"<p>Bajo el lema \u2018Mujeres en acci\u00f3n\u2019, la Universidad Pablo de Olavide se suma un a\u00f1o m\u00e1s a la conmemoraci\u00f3n del D\u00eda Internacional de las Mujeres y lo hace con la puesta en marcha de la Campa\u00f1a 8M. De esta manera, a trav\u00e9s de la Oficina para la Igualdad de la Delegaci\u00f3n del Rector para la Igualdad de G\u00e9nero, la UPO impulsa en un programa \u00fanico las distintas acciones que se llevar\u00e1n a cabo a lo largo del mes de marzo en esta instituci\u00f3n, con el objetivo de revindicar los derechos de las mujeres y la igualdad de g\u00e9nero para alcanzar una sociedad m\u00e1s justa e igualitaria.<\/p>\n","protected":false},"author":2,"featured_media":30871263,"comment_status":"closed","ping_status":"open","sticky":false,"template":"","format":"standard","meta":{"_monsterinsights_skip_tracking":false,"_monsterinsights_sitenote_active":false,"_monsterinsights_sitenote_note":"","_monsterinsights_sitenote_category":0,"footnotes":""},"categories":[6],"tags":[7298,4124,7296,1200,2349,517,5883,2209,1033],"class_list":["post-30871261","post","type-post","status-publish","format-standard","has-post-thumbnail","hentry","category-institucional","tag-campana-8m","tag-crue-universidades-espanolas","tag-delegacion-por-el-rector-para-la-igualdad-de-genero","tag-dia-internacional-de-las-mujeres","tag-genero-e-igualdad","tag-igualdad","tag-igualdad-de-genero","tag-oficina-para-la-igualdad","tag-sensibilizacion"],"_links":{"self":[{"href":"https:\/\/www.upo.es\/diario\/wp-json\/wp\/v2\/posts\/30871261","targetHints":{"allow":["GET"]}}],"collection":[{"href":"https:\/\/www.upo.es\/diario\/wp-json\/wp\/v2\/posts"}],"about":[{"href":"https:\/\/www.upo.es\/diario\/wp-json\/wp\/v2\/types\/post"}],"author":[{"embeddable":true,"href":"https:\/\/www.upo.es\/diario\/wp-json\/wp\/v2\/users\/2"}],"replies":[{"embeddable":true,"href":"https:\/\/www.upo.es\/diario\/wp-json\/wp\/v2\/comments?post=30871261"}],"version-history":[{"count":5,"href":"https:\/\/www.upo.es\/diario\/wp-json\/wp\/v2\/posts\/30871261\/revisions"}],"predecessor-version":[{"id":30871269,"href":"https:\/\/www.upo.es\/diario\/wp-json\/wp\/v2\/posts\/30871261\/revisions\/30871269"}],"wp:featuredmedia":[{"embeddable":true,"href":"https:\/\/www.upo.es\/diario\/wp-json\/wp\/v2\/media\/30871263"}],"wp:attachment":[{"href":"https:\/\/www.upo.es\/diario\/wp-json\/wp\/v2\/media?parent=30871261"}],"wp:term":[{"taxonomy":"category","embeddable":true,"href":"https:\/\/www.upo.es\/diario\/wp-json\/wp\/v2\/categories?post=30871261"},{"taxonomy":"post_tag","embeddable":true,"href":"https:\/\/www.upo.es\/diario\/wp-json\/wp\/v2\/tags?post=30871261"}],"curies":[{"name":"wp","href":"https:\/\/api.w.org\/{rel}","templated":true}]}}