{"id":30871307,"date":"2022-03-09T19:46:45","date_gmt":"2022-03-09T18:46:45","guid":{"rendered":"https:\/\/www.upo.es\/diario\/?p=30871307"},"modified":"2022-03-10T09:13:51","modified_gmt":"2022-03-10T08:13:51","slug":"presentacion-libro-democratizar-la-produccion-una-reflexion-legado-rosa-luxemburg","status":"publish","type":"post","link":"https:\/\/www.upo.es\/diario\/docencia-formacion\/2022\/03\/presentacion-libro-democratizar-la-produccion-una-reflexion-legado-rosa-luxemburg\/","title":{"rendered":"Presentaci\u00f3n del libro \u2018Democratizar la producci\u00f3n\u2019, una reflexi\u00f3n sobre el legado de Rosa Luxemburg"},"content":{"rendered":"<p><a href=\"http:\/\/www.libreria-atrapasuenos.com\/inicio\/224-democratizar-la-produccion.html\"><img loading=\"lazy\" decoding=\"async\" class=\"alignright wp-image-30871309\" src=\"https:\/\/www.upo.es\/diario\/wp-content\/uploads\/2022\/03\/Libro-Democratizar-la-produccion_CARTEL-254x360.jpg\" alt=\"Democratizar la producci\u00f3n - Rosa Luxemburg\" width=\"300\" height=\"425\" srcset=\"https:\/\/www.upo.es\/diario\/wp-content\/uploads\/2022\/03\/Libro-Democratizar-la-produccion_CARTEL-254x360.jpg 254w, https:\/\/www.upo.es\/diario\/wp-content\/uploads\/2022\/03\/Libro-Democratizar-la-produccion_CARTEL-530x750.jpg 530w, https:\/\/www.upo.es\/diario\/wp-content\/uploads\/2022\/03\/Libro-Democratizar-la-produccion_CARTEL.jpg 600w\" sizes=\"auto, (max-width: 300px) 100vw, 300px\" \/><\/a>Este jueves 10 de marzo, a las 19 horas en el Centro C\u00edvico Las Sirenas (Alameda de H\u00e9rcules, 30) ser\u00e1 presentado el <strong>libro colectivo \u2018Democratizar la producci\u00f3n. Una reflexi\u00f3n cr\u00edtica sobre el legado de Rosa Luxemburg\u2019<\/strong>. <strong>Coordinado por Rafael Rodr\u00edguez Prieto<\/strong>, profesor de Filosof\u00eda del Derecho y Pol\u00edtica de la Universidad Pablo de Olavide, esta obra re\u00fane las aportaciones del <a href=\"https:\/\/eventos.upo.es\/22597\/detail\/i-congreso-internacional-el-pensamiento-y-la-praxis-de-rosa-luxemburg.-significacion-y-actualidad-d.html\">congreso internacional dedicado a la actualidad del legado de Rosa Luxemburg<\/a>, celebrado en el campus de la UPO junto a una exposici\u00f3n en 2019, con motivo del centenario de su asesinato en Berl\u00edn.<\/p>\n<p>En el acto intervendr\u00e1n <strong>Paula Garv\u00edn<\/strong>, directora de la Fundaci\u00f3n de Investigaciones Marxistas en Andaluc\u00eda; <strong>Virginia Guti\u00e9rrez<\/strong>, profesora de la Universidad de Sevilla; y <strong>Rafael Rodr\u00edguez Prieto <\/strong>y<strong> Jes\u00fas Rodr\u00edguez Rojo<\/strong>, de la Universidad Pablo de Olavide.<\/p>\n<p>Como se\u00f1ala el coordinador del libro y director del congreso, Rafael Rodr\u00edguez Prieto, \u201cse trata de un libro especialmente dirigido a la divulgaci\u00f3n del pensamiento de Rosa Luxemburg para el p\u00fablico en general\u201d, quien destaca la interdisciplinariedad y pluralismo en el an\u00e1lisis como uno de los valores fundamentales del libro. As\u00ed, son coautores del mismo soci\u00f3logas como Virginia Guti\u00e9rrez; historiadores como Eduardo Molina; polit\u00f3logos como Santiago Armesilla, Ismael de la Villa o Jes\u00fas Rodr\u00edguez; juristas como Fernando Mart\u00ednez y Pablo Slavin; economistas como Esteban Cruz, Francisco Pareja, Jos\u00e9 Rangel y Eduardo Garz\u00f3n; fil\u00f3sofos como Luis Felip L\u00f3pez-Espinosa; y personalidades del mundo empresarial como Alberto Gonz\u00e1lez.<\/p>\n<p>El objetivo del libro es doble. \u201cSe trata de reflexionar tanto sobre su obra como en torno a la actualidad de su legado. No se pretende hacer una apolog\u00eda de Luxemburg, sino analizar sus propuestas desde la cr\u00edtica, estudiando aquellas partes de su legado que hoy nos son \u00fatiles y, por cierto, hay muchas. Por ejemplo, la posici\u00f3n antinacionalista de Luxemburg y su apuesta inequ\u00edvoca por los derechos humanos y la democracia\u201d, comenta Rodr\u00edguez Prieto.<\/p>\n<p>&nbsp;<\/p>\n<p><strong>Referencia:<br \/>\n<\/strong>Rodr\u00edguez, R. (Coord.) (2022). <em>Democratizar la producci\u00f3n. Una reflexi\u00f3n cr\u00edtica sobre el legado de Rosa Luxemburg<\/em>. Atrapasue\u00f1os.<br \/>\n<a href=\"http:\/\/www.libreria-atrapasuenos.com\/inicio\/224-democratizar-la-produccion.html\">www.libreria-atrapasuenos.com\/inicio\/224-democratizar-la-produccion.html<\/a><\/p>\n","protected":false},"excerpt":{"rendered":"<p>Este jueves 10 de marzo, a las 19 horas en el Centro C\u00edvico Las Sirenas (Alameda de H\u00e9rcules, 30) ser\u00e1 presentado el libro colectivo \u2018Democratizar la producci\u00f3n. Una reflexi\u00f3n cr\u00edtica sobre el legado de Rosa Luxemburg\u2019. Coordinado por Rafael Rodr\u00edguez Prieto, profesor de Filosof\u00eda del Derecho y Pol\u00edtica de la Universidad Pablo de Olavide, esta obra re\u00fane las aportaciones del congreso internacional dedicado a la actualidad del legado de Rosa Luxemburg, celebrado en el campus de la UPO junto a una exposici\u00f3n en 2019, con motivo del centenario de su asesinato en Berl\u00edn. <\/p>\n","protected":false},"author":6,"featured_media":30871309,"comment_status":"closed","ping_status":"open","sticky":false,"template":"","format":"standard","meta":{"_monsterinsights_skip_tracking":false,"_monsterinsights_sitenote_active":false,"_monsterinsights_sitenote_note":"","_monsterinsights_sitenote_category":0,"footnotes":""},"categories":[2779],"tags":[598,417,333,256,334,3455],"class_list":["post-30871307","post","type-post","status-publish","format-standard","has-post-thumbnail","hentry","category-docencia-formacion","tag-ciencias-politicas","tag-filosofia-del-derecho","tag-libro","tag-lippo","tag-presentacion","tag-rafael-rodriguez-prieto"],"_links":{"self":[{"href":"https:\/\/www.upo.es\/diario\/wp-json\/wp\/v2\/posts\/30871307","targetHints":{"allow":["GET"]}}],"collection":[{"href":"https:\/\/www.upo.es\/diario\/wp-json\/wp\/v2\/posts"}],"about":[{"href":"https:\/\/www.upo.es\/diario\/wp-json\/wp\/v2\/types\/post"}],"author":[{"embeddable":true,"href":"https:\/\/www.upo.es\/diario\/wp-json\/wp\/v2\/users\/6"}],"replies":[{"embeddable":true,"href":"https:\/\/www.upo.es\/diario\/wp-json\/wp\/v2\/comments?post=30871307"}],"version-history":[{"count":3,"href":"https:\/\/www.upo.es\/diario\/wp-json\/wp\/v2\/posts\/30871307\/revisions"}],"predecessor-version":[{"id":30871311,"href":"https:\/\/www.upo.es\/diario\/wp-json\/wp\/v2\/posts\/30871307\/revisions\/30871311"}],"wp:featuredmedia":[{"embeddable":true,"href":"https:\/\/www.upo.es\/diario\/wp-json\/wp\/v2\/media\/30871309"}],"wp:attachment":[{"href":"https:\/\/www.upo.es\/diario\/wp-json\/wp\/v2\/media?parent=30871307"}],"wp:term":[{"taxonomy":"category","embeddable":true,"href":"https:\/\/www.upo.es\/diario\/wp-json\/wp\/v2\/categories?post=30871307"},{"taxonomy":"post_tag","embeddable":true,"href":"https:\/\/www.upo.es\/diario\/wp-json\/wp\/v2\/tags?post=30871307"}],"curies":[{"name":"wp","href":"https:\/\/api.w.org\/{rel}","templated":true}]}}