{"id":30871346,"date":"2022-03-11T12:17:33","date_gmt":"2022-03-11T11:17:33","guid":{"rendered":"https:\/\/www.upo.es\/diario\/?p=30871346"},"modified":"2022-03-14T16:50:58","modified_gmt":"2022-03-14T15:50:58","slug":"upo-empleabilidad-emprendimiento-mujeres-universitarias-perspectiva-genero-univergem","status":"publish","type":"post","link":"https:\/\/www.upo.es\/diario\/cultura-social\/2022\/03\/upo-empleabilidad-emprendimiento-mujeres-universitarias-perspectiva-genero-univergem\/","title":{"rendered":"La UPO impulsa la empleabilidad y el emprendimiento de las mujeres universitarias desde la perspectiva de g\u00e9nero a trav\u00e9s del programa Univergem"},"content":{"rendered":"<figure id=\"attachment_30871347\" aria-describedby=\"caption-attachment-30871347\" style=\"width: 750px\" class=\"wp-caption aligncenter\"><a href=\"https:\/\/www.upo.es\/diario\/wp-content\/uploads\/2022\/03\/UNIVERGEM_3ed_20220311-scaled.jpg\"><img loading=\"lazy\" decoding=\"async\" class=\"size-large wp-image-30871347\" src=\"https:\/\/www.upo.es\/diario\/wp-content\/uploads\/2022\/03\/UNIVERGEM_3ed_20220311-750x500.jpg\" alt=\"\" width=\"750\" height=\"500\" srcset=\"https:\/\/www.upo.es\/diario\/wp-content\/uploads\/2022\/03\/UNIVERGEM_3ed_20220311-750x500.jpg 750w, https:\/\/www.upo.es\/diario\/wp-content\/uploads\/2022\/03\/UNIVERGEM_3ed_20220311-360x240.jpg 360w, https:\/\/www.upo.es\/diario\/wp-content\/uploads\/2022\/03\/UNIVERGEM_3ed_20220311-768x512.jpg 768w, https:\/\/www.upo.es\/diario\/wp-content\/uploads\/2022\/03\/UNIVERGEM_3ed_20220311-1536x1024.jpg 1536w, https:\/\/www.upo.es\/diario\/wp-content\/uploads\/2022\/03\/UNIVERGEM_3ed_20220311-2048x1365.jpg 2048w\" sizes=\"auto, (max-width: 750px) 100vw, 750px\" \/><\/a><figcaption id=\"caption-attachment-30871347\" class=\"wp-caption-text\">De izquierda a derecha, Jos\u00e9 Luis Barbero Navarro, M\u00f3nica Dom\u00ednguez Serrano y Laura Fern\u00e1ndez Rubio.<\/figcaption><\/figure>\n<p>Promover la igualdad de g\u00e9nero en el \u00e1mbito laboral, favorecer el acceso al empleo y fomentar el emprendimiento entre mujeres universitarias son algunos de los objetivos del <strong>programa UNIVERGEM<\/strong> <strong>\u2018Universidades por la empleabilidad y el emprendimiento de las mujeres universitarias desde la perspectiva de G\u00e9nero\u2019<\/strong>, programa de formaci\u00f3n financiado por el Instituto Andaluz de la Mujer de la Consejer\u00eda de Igualdad, Pol\u00edticas Sociales y Conciliaci\u00f3n de la Junta de Andaluc\u00eda e impulsado en la Universidad Pablo de Olavide por la Delegaci\u00f3n del Rector para la Igualdad de G\u00e9nero y la Delegaci\u00f3n del Rector para el Plan Estrat\u00e9gico, a trav\u00e9s de la Oficina para la Igualdad y del \u00c1rea de Empleabilidad y Emprendimiento.<\/p>\n<figure id=\"attachment_30871349\" aria-describedby=\"caption-attachment-30871349\" style=\"width: 360px\" class=\"wp-caption alignright\"><a href=\"https:\/\/www.upo.es\/diario\/wp-content\/uploads\/2022\/03\/UNIVERGEM_3ed_20220311_2-scaled.jpg\"><img loading=\"lazy\" decoding=\"async\" class=\"wp-image-30871349 size-medium\" src=\"https:\/\/www.upo.es\/diario\/wp-content\/uploads\/2022\/03\/UNIVERGEM_3ed_20220311_2-360x203.jpg\" alt=\"\" width=\"360\" height=\"203\" srcset=\"https:\/\/www.upo.es\/diario\/wp-content\/uploads\/2022\/03\/UNIVERGEM_3ed_20220311_2-360x203.jpg 360w, https:\/\/www.upo.es\/diario\/wp-content\/uploads\/2022\/03\/UNIVERGEM_3ed_20220311_2-750x422.jpg 750w, https:\/\/www.upo.es\/diario\/wp-content\/uploads\/2022\/03\/UNIVERGEM_3ed_20220311_2-768x432.jpg 768w, https:\/\/www.upo.es\/diario\/wp-content\/uploads\/2022\/03\/UNIVERGEM_3ed_20220311_2-1536x864.jpg 1536w, https:\/\/www.upo.es\/diario\/wp-content\/uploads\/2022\/03\/UNIVERGEM_3ed_20220311_2-2048x1152.jpg 2048w\" sizes=\"auto, (max-width: 360px) 100vw, 360px\" \/><\/a><figcaption id=\"caption-attachment-30871349\" class=\"wp-caption-text\">Hoy ha tenido lugar en la UPO el acto de presentaci\u00f3n de este programa.<\/figcaption><\/figure>\n<p>La directora del Instituto Andaluz de la Mujer, <strong>Laura Fern\u00e1ndez Rubio<\/strong>; la delegada del Rector para la Igualdad de G\u00e9nero, <strong>M\u00f3nica Dom\u00ednguez Serrano<\/strong>, y el delegado del Rector para el Plan Estrat\u00e9gico, <strong>Jos\u00e9 Luis Barbero Navarro<\/strong>, han inaugurado en la ma\u00f1ana de hoy viernes 11 de marzo la tercera edici\u00f3n de este programa de emprendimiento en el que participar\u00e1n un total de 47 mujeres.<\/p>\n<p>La directora del Instituto Andaluz de la Mujer ha subrayado que \u201ccon el programa Univergem queremos promover, en colaboraci\u00f3n con las Universidades, actuaciones innovadoras, desde la perspectiva de g\u00e9nero, incentivando el empleo, autoempleo y emprendimiento de las mujeres universitarias, y favorecer la igualdad de oportunidades entre mujeres y hombres\u201d. Asimismo, ha resaltado que \u201cel mundo empresarial demanda l\u00edderes integrales que sean capaces de llevar a la empresa a la consecuci\u00f3n de sus metas con \u00e9xito. Las j\u00f3venes tienen que desarrollar todas sus competencias desde temprana edad, sin estereotipos o prejuicios sexistas que \u00fanicamente limitan su potencial, para formarse como futuras l\u00edderes integrales, con conocimiento de t\u00e9cnica y gesti\u00f3n de emociones, en base a empat\u00eda, flexibilidad, adaptabilidad, comunicaci\u00f3n y cambio\u201d.<\/p>\n<p>As\u00ed, esta iniciativa, dirigida a tituladas universitarias y estudiantes de la Universidad Pablo de Olavide que tengan superados el 80% de los cr\u00e9ditos, tiene por objeto mejorar las opciones de empleabilidad y emprendimiento de las participantes del mismo, facilit\u00e1ndoles formaci\u00f3n en igualdad y conocimientos de los recursos de orientaci\u00f3n y formaci\u00f3n disponibles, as\u00ed como las opciones m\u00e1s ventajosas para acceder y mantenerse en el empleo en funci\u00f3n de sus intereses, demandas y perfiles formativos y profesionales, desde la perspectiva de g\u00e9nero y en un contexto internacional.<\/p>\n<figure id=\"attachment_30871350\" aria-describedby=\"caption-attachment-30871350\" style=\"width: 360px\" class=\"wp-caption alignleft\"><a href=\"https:\/\/www.upo.es\/diario\/wp-content\/uploads\/2022\/03\/UNIVERGEM_3ed_20220311_7-scaled.jpg\"><img loading=\"lazy\" decoding=\"async\" class=\"size-medium wp-image-30871350\" src=\"https:\/\/www.upo.es\/diario\/wp-content\/uploads\/2022\/03\/UNIVERGEM_3ed_20220311_7-360x203.jpg\" alt=\"\" width=\"360\" height=\"203\" srcset=\"https:\/\/www.upo.es\/diario\/wp-content\/uploads\/2022\/03\/UNIVERGEM_3ed_20220311_7-360x203.jpg 360w, https:\/\/www.upo.es\/diario\/wp-content\/uploads\/2022\/03\/UNIVERGEM_3ed_20220311_7-750x422.jpg 750w, https:\/\/www.upo.es\/diario\/wp-content\/uploads\/2022\/03\/UNIVERGEM_3ed_20220311_7-768x432.jpg 768w, https:\/\/www.upo.es\/diario\/wp-content\/uploads\/2022\/03\/UNIVERGEM_3ed_20220311_7-1536x864.jpg 1536w, https:\/\/www.upo.es\/diario\/wp-content\/uploads\/2022\/03\/UNIVERGEM_3ed_20220311_7-2048x1152.jpg 2048w\" sizes=\"auto, (max-width: 360px) 100vw, 360px\" \/><\/a><figcaption id=\"caption-attachment-30871350\" class=\"wp-caption-text\">Foto de grupo del acto de presentaci\u00f3n.<\/figcaption><\/figure>\n<p>\u201cLa Universidad debe seguir apostando por su compromiso con la erradicaci\u00f3n de los desequilibrios mediante la aplicaci\u00f3n de la transversalidad de g\u00e9nero en los distintos proyectos, y muy especialmente en lo que concierne a la inserci\u00f3n en igualdad de nuestras tituladas en un mercado laboral que, como conocemos, lleva a\u00f1os lastrado por una precariedad y una inestabilidad que incide especialmente sobre las mujeres\u201d, declara la delegada del Rector para la Igualdad de G\u00e9nero, M\u00f3nica Dom\u00ednguez Serrano.<\/p>\n<h3><strong>Formaci\u00f3n y estancias profesionales<\/strong><\/h3>\n<p>La tercera edici\u00f3n de este programa se concreta en la Universidad Pablo de Olavide en dos partes. En primer lugar, las <strong>Jornadas Formativas \u2018Mujeres universitarias: empleabilidad y emprendimiento en igualdad\u2019<\/strong>, y a continuaci\u00f3n, una serie de <strong>estancias y visitas profesionales en empresas y entidades<\/strong> de \u00e1mbito tanto nacional como internacional.<\/p>\n<p>La <a href=\"https:\/\/www.upo.es\/cms1\/export\/sites\/upo\/upsc\/igualdad\/documentos\/2022-02-25-PROGRAMA-PROVISIONAL-JORNADAS-FORMATIVAS-UNIVERGEM-III.pdf\">fase formativa<\/a>, que ha comenzado hoy viernes y se extender\u00e1 hasta el \u00a022 de marzo, tiene como principal finalidad generar un espacio de sensibilizaci\u00f3n, formaci\u00f3n y encuentro donde las beneficiarias desarrollen todo su talento profesional, de cara a su inserci\u00f3n en el mercado laboral, desde una perspectiva de g\u00e9nero e igualdad, para lo cual es clave la participaci\u00f3n de mujeres profesionales referentes en sus \u00e1mbitos que sirvan de inspiraci\u00f3n a las usuarias del programa y propicien la generaci\u00f3n de redes de mujeres universitarias interconectadas.<\/p>\n<p>Por su parte, las estancias y visitas profesionales en empresas y entidades de tendr\u00e1n lugar de abril a julio de 2022, con una duraci\u00f3n m\u00e1xima de 12 semanas. Su objeto fundamental es la adquisici\u00f3n de experiencia en el \u00e1mbito profesional para mejorar las opciones de empleabilidad, a trav\u00e9s del contacto directo de las participantes con el tejido empresarial nacional y la formaci\u00f3n pr\u00e1ctica en empresas de \u00e1mbito nacional e internacional. Estas estancias contemplar\u00e1n adem\u00e1s dotaciones econ\u00f3micas espec\u00edficas.<\/p>\n<h3><strong><u>M\u00e1s informaci\u00f3n:<\/u><\/strong><\/h3>\n<p><a href=\"https:\/\/www.upo.es\/upsc\/igualdad\/univergem\/\">III Edici\u00f3n del programa Univergem \u2018Universidades por la Empleabilidad y el Emprendimiento de las Mujeres Universitarias desde la Perspectiva de G\u00e9nero\u2019<\/a><\/p>\n<p><iframe loading=\"lazy\" title=\"YouTube video player\" src=\"https:\/\/www.youtube.com\/embed\/tPGWDhdVZno\" width=\"560\" height=\"315\" frameborder=\"0\" allowfullscreen=\"allowfullscreen\"><\/iframe><\/p>\n","protected":false},"excerpt":{"rendered":"<p>Promover la igualdad de g\u00e9nero en el \u00e1mbito laboral, favorecer el acceso al empleo y fomentar el emprendimiento entre mujeres universitarias son algunos de los objetivos del programa UNIVERGEM \u2018Universidades por la empleabilidad y el emprendimiento de las mujeres universitarias desde la perspectiva de G\u00e9nero\u2019, programa de formaci\u00f3n financiado por el Instituto Andaluz de la Mujer de la Consejer\u00eda de Igualdad, Pol\u00edticas Sociales y Conciliaci\u00f3n de la Junta de Andaluc\u00eda e impulsado en la Universidad Pablo de Olavide por la Delegaci\u00f3n del Rector para la Igualdad de G\u00e9nero y la Delegaci\u00f3n del Rector para el Plan Estrat\u00e9gico, a trav\u00e9s de la Oficina para la Igualdad y del \u00c1rea de Empleabilidad y Emprendimiento.<\/p>\n","protected":false},"author":2,"featured_media":30871347,"comment_status":"closed","ping_status":"open","sticky":false,"template":"","format":"standard","meta":{"_monsterinsights_skip_tracking":false,"_monsterinsights_sitenote_active":false,"_monsterinsights_sitenote_note":"","_monsterinsights_sitenote_category":0,"footnotes":""},"categories":[5843],"tags":[5068,7828,7412,3989,689,66,509,5883,2731,2209,5902],"class_list":["post-30871346","post","type-post","status-publish","format-standard","has-post-thumbnail","hentry","category-cultura-social","tag-area-de-empleabilidad-y-emprendimiento","tag-delegacion-del-rector-para-el-plan-estrategico","tag-delegacion-del-rector-para-la-igualdad-de-genero","tag-empleabilidad","tag-emprendimiento","tag-empresa","tag-formacion","tag-igualdad-de-genero","tag-instituto-andaluz-de-la-mujer","tag-oficina-para-la-igualdad","tag-univergem"],"_links":{"self":[{"href":"https:\/\/www.upo.es\/diario\/wp-json\/wp\/v2\/posts\/30871346","targetHints":{"allow":["GET"]}}],"collection":[{"href":"https:\/\/www.upo.es\/diario\/wp-json\/wp\/v2\/posts"}],"about":[{"href":"https:\/\/www.upo.es\/diario\/wp-json\/wp\/v2\/types\/post"}],"author":[{"embeddable":true,"href":"https:\/\/www.upo.es\/diario\/wp-json\/wp\/v2\/users\/2"}],"replies":[{"embeddable":true,"href":"https:\/\/www.upo.es\/diario\/wp-json\/wp\/v2\/comments?post=30871346"}],"version-history":[{"count":5,"href":"https:\/\/www.upo.es\/diario\/wp-json\/wp\/v2\/posts\/30871346\/revisions"}],"predecessor-version":[{"id":30871373,"href":"https:\/\/www.upo.es\/diario\/wp-json\/wp\/v2\/posts\/30871346\/revisions\/30871373"}],"wp:featuredmedia":[{"embeddable":true,"href":"https:\/\/www.upo.es\/diario\/wp-json\/wp\/v2\/media\/30871347"}],"wp:attachment":[{"href":"https:\/\/www.upo.es\/diario\/wp-json\/wp\/v2\/media?parent=30871346"}],"wp:term":[{"taxonomy":"category","embeddable":true,"href":"https:\/\/www.upo.es\/diario\/wp-json\/wp\/v2\/categories?post=30871346"},{"taxonomy":"post_tag","embeddable":true,"href":"https:\/\/www.upo.es\/diario\/wp-json\/wp\/v2\/tags?post=30871346"}],"curies":[{"name":"wp","href":"https:\/\/api.w.org\/{rel}","templated":true}]}}