{"id":30871357,"date":"2022-03-14T10:51:46","date_gmt":"2022-03-14T09:51:46","guid":{"rendered":"https:\/\/www.upo.es\/diario\/?p=30871357"},"modified":"2022-03-14T15:02:01","modified_gmt":"2022-03-14T14:02:01","slug":"el-aula-abierta-de-mayores-de-la-upo-inaugura-sus-ix-jornadas-culturales","status":"publish","type":"post","link":"https:\/\/www.upo.es\/diario\/cultura-social\/2022\/03\/el-aula-abierta-de-mayores-de-la-upo-inaugura-sus-ix-jornadas-culturales\/","title":{"rendered":"El Aula Abierta de Mayores de la UPO inaugura sus IX Jornadas Culturales"},"content":{"rendered":"<figure id=\"attachment_30871359\" aria-describedby=\"caption-attachment-30871359\" style=\"width: 750px\" class=\"wp-caption aligncenter\"><a href=\"https:\/\/www.upo.es\/diario\/wp-content\/uploads\/2022\/03\/IMG_8604-scaled.jpg\"><img loading=\"lazy\" decoding=\"async\" class=\"wp-image-30871359 size-large\" src=\"https:\/\/www.upo.es\/diario\/wp-content\/uploads\/2022\/03\/IMG_8604-750x500.jpg\" alt=\"\" width=\"750\" height=\"500\" \/><\/a><figcaption id=\"caption-attachment-30871359\" class=\"wp-caption-text\">Las IX Jornadas Culturales han sido inauguradas en el Paraninfo<\/figcaption><\/figure>\n<p>El Paraninfo de la Universidad Pablo de Olavide ha acogido esta ma\u00f1ana la<strong> inauguraci\u00f3n de las IX Jornadas Culturales &#8216;Nuestros municipios, ayer y hoy&#8217;<\/strong> que organiza el Programa Universitario para Personas Mayores \u201cAula Abierta de Mayores\u201d de la UPO. Las jornadas se celebrar\u00e1n hasta el pr\u00f3ximo jueves, 17 de marzo, y se enmarcan en el <strong>Programa de Envejecimiento Activo y Solidaridad Intergeneracional<\/strong> que durante este curso desarrolla su novena edici\u00f3n.<\/p>\n<p>Estas jornadas, que promueven la calidad de vida de las personas mayores a trav\u00e9s de la formaci\u00f3n permanente y que permite estrechar lazos entre los agentes implicados, est\u00e1n organizadas por el <strong>Vicerrectorado de Cultura y Pol\u00edticas Sociales de la UPO<\/strong> y cuenta con el apoyo de la <strong>Diputaci\u00f3n de Sevilla<\/strong> y la <strong>Obra Social \u201cLa Caixa\u201d<\/strong>.<\/p>\n<p>El acto de inauguraci\u00f3n ha estado presidido por el vicerrector de Cultura y Pol\u00edticas Sociales, <strong>David Cobos<\/strong>; por el diputado del \u00c1rea de Cultura y Ciudadan\u00eda de la Diputaci\u00f3n de Sevilla, Alejandro Moyano; y por la directora del Programa Aula Abierta de Mayores, <strong>Roc\u00edo Cruz<\/strong>. Adem\u00e1s, se ha contado con la participaci\u00f3n de diversas autoridades acad\u00e9micas y locales vinculadas con este programa universitario.<\/p>\n<p>Durante el acto, el diputado provincial ha felicitado a todo el alumnado del Aula Abierta de Mayores por su implicaci\u00f3n e inter\u00e9s en el \u00e1mbito de la cultura a la vez que ha agradecido \u201cel trabajo de las instituciones que hacen posible este proyecto educativo, fundamentalmente a los ayuntamientos de la provincia de Sevilla y a la Universidad Pablo de Olavide\u201d.<\/p>\n<p>Por su parte, el vicerrector de Cultura y Pol\u00edticas Sociales ha destacado que la universidad que es excelente tiene que ser para todos y para todas, y en ese sentido, en el de transmisi\u00f3n social del conocimiento, este programa es un ejemplo muy claro. Adem\u00e1s, \u201cla Universidad Pablo de Olavide tiene la experiencia de universidad para mayores con mayor arraigo territorial de toda Andaluc\u00eda\u201d.<\/p>\n<p>Estas jornadas son un encuentro para promover la educaci\u00f3n permanente, la participaci\u00f3n social y el envejecimiento activo. Participan en las ellas las siguientes sedes adscritas al programa: Alcal\u00e1 de Guada\u00edra, Almensilla, Aznalc\u00f3llar, Bollullos de la Mitaci\u00f3n, Castilleja de la Cuesta, Dos Hermanas, Gerena, Gilena, Gines, Herrera, La Algaba, La Puebla de Cazalla, La Puebla del R\u00edo, Las Cabezas de San Juan, Lebrija, Mairena del Alcor, Pedrera, Pilas, Salteras, Santiponce, Bormujos y Tomares.<\/p>\n<p><strong>Con un metodolog\u00eda activa y participativa, el alumnado tendr\u00e1 un papel fundamental en el desarrollo de las jornadas<\/strong> ya que durante los cuatro d\u00edas que durar\u00e1n todas las ma\u00f1anas en horario de 10,00 a 14,00 horas se producir\u00e1n exposiciones de trabajos del alumnado de las 22 sedes municipales del Aula Abierta de Mayores con tem\u00e1ticas como la historia, la arquitectura, la econom\u00eda, las fiestas, o las tradiciones.<\/p>\n<p>Adem\u00e1s de las exposiciones, cada d\u00eda en horario de tarde se desarrollar\u00e1 una actividad cultural. La primera de ellas ser\u00e1 esta misma tarde y consistir\u00e1 en una actuaci\u00f3n de flamenco a cargo de la Pe\u00f1a Sentir Flamenco de la Universidad Pablo de Olavide. Para el martes est\u00e1 prevista la obra de teatro \u201cNi\u00f1a d\u00e1 la luh\u201d, protagonizada por la compa\u00f1\u00eda teatral Salamandra Cia Teatro Social. El mi\u00e9rcoles por su parte, la obra de teatro \u201cAndr\u00f3maca\u201d, a cargo de Furor Bacchicus, grupo de teatro grecolatino de la Facultad de Humanidades de la Universidad Pablo de Olavide; y, por \u00faltimo, el jueves finalizar\u00e1n las jornadas con la obra de teatro \u201cMata Hari. La \u00faltima mentira\u201d de la compa\u00f1\u00eda la Turista.<\/p>\n<p>El Programa Universitario para Personas Mayores \u201cAula Abierta de Mayores\u201d, que se viene desarrollando desde hace 19 a\u00f1os cuenta durante este curso acad\u00e9mico con un total de 848 estudiantes. Est\u00e1 financiado por la Diputaci\u00f3n Provincial de Sevilla y la Obra Social \u201cLa Caixa\u201d y cuenta con la colaboraci\u00f3n de los diferentes ayuntamientos que cuentan con sede municipal de actividad.<\/p>\n<p>&nbsp;<\/p>\n<ul>\n<li><a href=\"https:\/\/www.upo.es\/cms1\/export\/sites\/upo\/aula-mayores\/documentos\/IX-Jornadas-Culturales-AAM-Web.pdf\">M\u00e1s informaci\u00f3n sobre las jornadas y programaci\u00f3n<\/a> \u2013PDF-<\/li>\n<\/ul>\n","protected":false},"excerpt":{"rendered":"<p>El Paraninfo de la Universidad Pablo de Olavide ha acogido esta ma\u00f1ana la inauguraci\u00f3n de las IX Jornadas Culturales &#8216;Nuestros municipios, ayer y hoy&#8217; que organiza el Programa Universitario para Personas Mayores \u201cAula Abierta de Mayores\u201d de la UPO. Las jornadas se celebrar\u00e1n hasta el pr\u00f3ximo jueves, 17 de marzo, y se enmarcan en el Programa de Envejecimiento Activo y Solidaridad Intergeneracional que durante este curso desarrolla su novena edici\u00f3n.<\/p>\n","protected":false},"author":6,"featured_media":30871364,"comment_status":"closed","ping_status":"open","sticky":false,"template":"","format":"standard","meta":{"_monsterinsights_skip_tracking":false,"_monsterinsights_sitenote_active":false,"_monsterinsights_sitenote_note":"","_monsterinsights_sitenote_category":0,"footnotes":""},"categories":[5843],"tags":[52,5150,2052,161,7194],"class_list":["post-30871357","post","type-post","status-publish","format-standard","has-post-thumbnail","hentry","category-cultura-social","tag-aula-abierta-de-mayores","tag-david-cobos-sanchiz","tag-municipios","tag-sevilla","tag-vicerrectorado-de-cultura-y-politicas-sociales"],"_links":{"self":[{"href":"https:\/\/www.upo.es\/diario\/wp-json\/wp\/v2\/posts\/30871357","targetHints":{"allow":["GET"]}}],"collection":[{"href":"https:\/\/www.upo.es\/diario\/wp-json\/wp\/v2\/posts"}],"about":[{"href":"https:\/\/www.upo.es\/diario\/wp-json\/wp\/v2\/types\/post"}],"author":[{"embeddable":true,"href":"https:\/\/www.upo.es\/diario\/wp-json\/wp\/v2\/users\/6"}],"replies":[{"embeddable":true,"href":"https:\/\/www.upo.es\/diario\/wp-json\/wp\/v2\/comments?post=30871357"}],"version-history":[{"count":4,"href":"https:\/\/www.upo.es\/diario\/wp-json\/wp\/v2\/posts\/30871357\/revisions"}],"predecessor-version":[{"id":30871369,"href":"https:\/\/www.upo.es\/diario\/wp-json\/wp\/v2\/posts\/30871357\/revisions\/30871369"}],"wp:featuredmedia":[{"embeddable":true,"href":"https:\/\/www.upo.es\/diario\/wp-json\/wp\/v2\/media\/30871364"}],"wp:attachment":[{"href":"https:\/\/www.upo.es\/diario\/wp-json\/wp\/v2\/media?parent=30871357"}],"wp:term":[{"taxonomy":"category","embeddable":true,"href":"https:\/\/www.upo.es\/diario\/wp-json\/wp\/v2\/categories?post=30871357"},{"taxonomy":"post_tag","embeddable":true,"href":"https:\/\/www.upo.es\/diario\/wp-json\/wp\/v2\/tags?post=30871357"}],"curies":[{"name":"wp","href":"https:\/\/api.w.org\/{rel}","templated":true}]}}