{"id":30871366,"date":"2022-03-15T07:55:04","date_gmt":"2022-03-15T06:55:04","guid":{"rendered":"https:\/\/www.upo.es\/diario\/?p=30871366"},"modified":"2022-03-21T09:02:10","modified_gmt":"2022-03-21T08:02:10","slug":"la-upo-celebra-el-dia-mundial-del-trabajo-social-con-actividades-institucionales-y-de-divulgacion","status":"publish","type":"post","link":"https:\/\/www.upo.es\/diario\/docencia-formacion\/2022\/03\/la-upo-celebra-el-dia-mundial-del-trabajo-social-con-actividades-institucionales-y-de-divulgacion\/","title":{"rendered":"La UPO celebra el D\u00eda Mundial del Trabajo Social con actividades institucionales y de divulgaci\u00f3n"},"content":{"rendered":"<p><a href=\"https:\/\/www.upo.es\/diario\/wp-content\/uploads\/2022\/03\/2022-WSWD-Spanish.png\"><img loading=\"lazy\" decoding=\"async\" class=\"aligncenter size-large wp-image-30871367\" src=\"https:\/\/www.upo.es\/diario\/wp-content\/uploads\/2022\/03\/2022-WSWD-Spanish-750x532.png\" alt=\"D\u00eda Mundial del Trabajo Social: \u2018Construyendo juntos y juntas un nuevo mundo eco-social: sin dejar a nadie atr\u00e1s\u2019\" width=\"750\" height=\"532\" srcset=\"https:\/\/www.upo.es\/diario\/wp-content\/uploads\/2022\/03\/2022-WSWD-Spanish-750x532.png 750w, https:\/\/www.upo.es\/diario\/wp-content\/uploads\/2022\/03\/2022-WSWD-Spanish-360x255.png 360w, https:\/\/www.upo.es\/diario\/wp-content\/uploads\/2022\/03\/2022-WSWD-Spanish-768x545.png 768w, https:\/\/www.upo.es\/diario\/wp-content\/uploads\/2022\/03\/2022-WSWD-Spanish.png 842w\" sizes=\"auto, (max-width: 750px) 100vw, 750px\" \/><\/a>El D\u00eda Mundial del Trabajo Social <strong>se celebra cada a\u00f1o el tercer martes del mes de marzo<\/strong>. Se trata de una fecha en la que academia, profesionales y asociaciones ponen en valor la contribuci\u00f3n de esta profesi\u00f3n para la mejora del bienestar de personas, familias, comunidades y de la sociedad en general. Con motivo de su celebraci\u00f3n, este martes 15 de marzo, <strong>el Departamento de Trabajo Social y Servicios Sociales y la Facultad de Ciencias Sociales de la Universidad Pablo de Olavide han organizado un programa de actividades que se desarrollar\u00e1 durante todo el mes<\/strong> y cuyo acto institucional tendr\u00e1 lugar en el Rectorado.<\/p>\n<p><a href=\"https:\/\/www.upo.es\/diario\/wp-content\/uploads\/2022\/03\/Dia-Mundial-Trabajo-Social-scaled.jpg\"><img loading=\"lazy\" decoding=\"async\" class=\"alignright size-medium wp-image-30871376\" src=\"https:\/\/www.upo.es\/diario\/wp-content\/uploads\/2022\/03\/Dia-Mundial-Trabajo-Social-360x203.jpg\" alt=\"\" width=\"360\" height=\"203\" srcset=\"https:\/\/www.upo.es\/diario\/wp-content\/uploads\/2022\/03\/Dia-Mundial-Trabajo-Social-360x203.jpg 360w, https:\/\/www.upo.es\/diario\/wp-content\/uploads\/2022\/03\/Dia-Mundial-Trabajo-Social-750x422.jpg 750w, https:\/\/www.upo.es\/diario\/wp-content\/uploads\/2022\/03\/Dia-Mundial-Trabajo-Social-768x432.jpg 768w, https:\/\/www.upo.es\/diario\/wp-content\/uploads\/2022\/03\/Dia-Mundial-Trabajo-Social-1536x864.jpg 1536w, https:\/\/www.upo.es\/diario\/wp-content\/uploads\/2022\/03\/Dia-Mundial-Trabajo-Social-2048x1152.jpg 2048w\" sizes=\"auto, (max-width: 360px) 100vw, 360px\" \/><\/a>As\u00ed, el rector de la UPO, <strong>Francisco Oliva<\/strong>, se ha reunido esta ma\u00f1ana con los equipos directivos de la Facultad de Ciencias Sociales y del Departamento de Trabajo Social y Servicios Sociales; con la presencia de la decana <strong>Rosa M. D\u00edaz<\/strong>; la responsable del Departamento, <strong>Rosa Herrera<\/strong>; y de <strong>Flavio Marsiglia<\/strong>, profesor de la Universidad Estatal de Arizona y referente acad\u00e9mico en el \u00e1mbito del Trabajo Social. Ya por la tarde, a las 18 horas, el rector asistir\u00e1 al acto conmemorativo del D\u00eda Mundial del Trabajo Social organizado por el Colegio Oficial de Trabajo Social de Sevilla, en el Centro Social \u2018Hogar Virgen de los Reyes\u2019 (C\/ Fray Isidoro de Sevilla, 1).<\/p>\n<p>El lema para conmemorar este a\u00f1o el trabajo social en todo el mundo ha sido elegido con motivo de la <a href=\"https:\/\/newecosocialworld.com\/\">Cumbre Mundial de los Pueblos<\/a>, esta tendr\u00e1 lugar <em>online<\/em> entre el 29 de junio y el 2 de julio promovida por Naciones Unidas a trav\u00e9s de UNRISD y por IFSW, asociaci\u00f3n internacional de trabajadores sociales.<\/p>\n<p>Otra de las actividades principales del programa organizado con motivo del D\u00eda Mundial del Trabajo Social tendr\u00e1 lugar el<strong> lunes 28 de marzo<\/strong> , fecha en la que, <strong>Annamaria Campanini,<\/strong> presidenta de la Asociaci\u00f3n Internacional de Escuelas de Trabajo Social, estar\u00e1 en el campus de la UPO donde impartir\u00e1, en la Sala de Grados de la Biblioteca a las 16 horas, la conferencia\u00a0<strong>\u2018El trabajo social desde una perspectiva internacional\u2019<\/strong>.<\/p>\n<p>Al d\u00eda siguiente, <strong>29 de marzo<\/strong>, Con el t\u00edtulo\u00a0<strong>\u2018Construyendo conocimiento para una transformaci\u00f3n social inclusiva\u2019<\/strong>, el Departamento de Trabajo Social y Servicios Sociales de la Universidad Pablo de Olavide presentar\u00e1 una obra colectiva. Tras la presentaci\u00f3n se celebrar\u00e1 una mesa redonda sobre el rol de la universidad y la transferencia de conocimientos en esta disciplina.<\/p>\n<p>&nbsp;<\/p>\n","protected":false},"excerpt":{"rendered":"<p>El D\u00eda Mundial del Trabajo Social se celebra cada a\u00f1o el tercer martes del mes de marzo. Se trata de una fecha en la que academia, profesionales y asociaciones ponen en valor la contribuci\u00f3n de esta profesi\u00f3n para la mejora del bienestar de personas, familias, comunidades y de la sociedad en general. <\/p>\n","protected":false},"author":6,"featured_media":30871367,"comment_status":"closed","ping_status":"open","sticky":false,"template":"","format":"standard","meta":{"_monsterinsights_skip_tracking":false,"_monsterinsights_sitenote_active":false,"_monsterinsights_sitenote_note":"","_monsterinsights_sitenote_category":0,"footnotes":""},"categories":[2779],"tags":[544,3405,487,38,103],"class_list":["post-30871366","post","type-post","status-publish","format-standard","has-post-thumbnail","hentry","category-docencia-formacion","tag-conferencias","tag-departamento-de-trabajo-social-y-servicios-sociales","tag-facultad-ciencias-sociales","tag-rector","tag-trabajo-social"],"_links":{"self":[{"href":"https:\/\/www.upo.es\/diario\/wp-json\/wp\/v2\/posts\/30871366","targetHints":{"allow":["GET"]}}],"collection":[{"href":"https:\/\/www.upo.es\/diario\/wp-json\/wp\/v2\/posts"}],"about":[{"href":"https:\/\/www.upo.es\/diario\/wp-json\/wp\/v2\/types\/post"}],"author":[{"embeddable":true,"href":"https:\/\/www.upo.es\/diario\/wp-json\/wp\/v2\/users\/6"}],"replies":[{"embeddable":true,"href":"https:\/\/www.upo.es\/diario\/wp-json\/wp\/v2\/comments?post=30871366"}],"version-history":[{"count":8,"href":"https:\/\/www.upo.es\/diario\/wp-json\/wp\/v2\/posts\/30871366\/revisions"}],"predecessor-version":[{"id":30871454,"href":"https:\/\/www.upo.es\/diario\/wp-json\/wp\/v2\/posts\/30871366\/revisions\/30871454"}],"wp:featuredmedia":[{"embeddable":true,"href":"https:\/\/www.upo.es\/diario\/wp-json\/wp\/v2\/media\/30871367"}],"wp:attachment":[{"href":"https:\/\/www.upo.es\/diario\/wp-json\/wp\/v2\/media?parent=30871366"}],"wp:term":[{"taxonomy":"category","embeddable":true,"href":"https:\/\/www.upo.es\/diario\/wp-json\/wp\/v2\/categories?post=30871366"},{"taxonomy":"post_tag","embeddable":true,"href":"https:\/\/www.upo.es\/diario\/wp-json\/wp\/v2\/tags?post=30871366"}],"curies":[{"name":"wp","href":"https:\/\/api.w.org\/{rel}","templated":true}]}}