{"id":30871437,"date":"2022-03-17T05:41:20","date_gmt":"2022-03-17T04:41:20","guid":{"rendered":"https:\/\/www.upo.es\/diario\/?p=30871437"},"modified":"2022-03-18T09:32:55","modified_gmt":"2022-03-18T08:32:55","slug":"unas-jornadas-aobordan-en-la-upo-la-sostenibilidad-en-la-industria-de-la-moda","status":"publish","type":"post","link":"https:\/\/www.upo.es\/diario\/docencia-formacion\/2022\/03\/unas-jornadas-aobordan-en-la-upo-la-sostenibilidad-en-la-industria-de-la-moda\/","title":{"rendered":"Unas jornadas abordan en la UPO la sostenibilidad en la industria de la moda"},"content":{"rendered":"<p><a href=\"https:\/\/www.upo.es\/diario\/wp-content\/uploads\/2022\/03\/cartel_Moda_Sostenible.png\"><img loading=\"lazy\" decoding=\"async\" class=\"alignright size-medium wp-image-30871439\" src=\"https:\/\/www.upo.es\/diario\/wp-content\/uploads\/2022\/03\/cartel_Moda_Sostenible-360x360.png\" alt=\"\" width=\"360\" height=\"360\" srcset=\"https:\/\/www.upo.es\/diario\/wp-content\/uploads\/2022\/03\/cartel_Moda_Sostenible-360x360.png 360w, https:\/\/www.upo.es\/diario\/wp-content\/uploads\/2022\/03\/cartel_Moda_Sostenible-750x750.png 750w, https:\/\/www.upo.es\/diario\/wp-content\/uploads\/2022\/03\/cartel_Moda_Sostenible-150x150.png 150w, https:\/\/www.upo.es\/diario\/wp-content\/uploads\/2022\/03\/cartel_Moda_Sostenible-768x768.png 768w, https:\/\/www.upo.es\/diario\/wp-content\/uploads\/2022\/03\/cartel_Moda_Sostenible.png 1080w\" sizes=\"auto, (max-width: 360px) 100vw, 360px\" \/><\/a>Este <u>jueves 17 de marzo, desde las 10:30 horas en la sala de grados de la Biblioteca de la Universidad Pablo de Olavide<\/u>, tendr\u00e1n lugar unas jornadas sobre moda sostenible. Organizadas por la Delegaci\u00f3n del rector para el Campus Sostenible, en colaboraci\u00f3n con el proyecto CEI CamBio, el programa se plantea como un punto de encuentro donde analizar la situaci\u00f3n del sector, el papel de las empresas productoras y las personas consumidoras.<\/p>\n<p>Itsaso del Rey, fundadora de Jostun, ser\u00e1 quien imparta la charla inaugural, \u2018Moda sostenible. La alternativa del cambio en el siglo XXI. An\u00e1lisis del proceso de producci\u00f3n y c\u00f3mo evitar el <em>Greenwashing<\/em>\u2019. A continuaci\u00f3n, tendr\u00e1 lugar una mesa redonda sobre la situaci\u00f3n de la moda sostenible en Sevilla.<\/p>\n<p>C\u00f3mo promover un cambio en el modelo de consumo de moda actual ser\u00e1 la tem\u00e1tica de un programa durante la que ser\u00e1 presentado el mapa sevillano de moda sostenible. Un listado de empresas que cumplen con criterios medioambientales y laborales, al tiempo que promocionan la econom\u00eda local. Este cat\u00e1logo pretende recoger las iniciativas de la ciudad en moda sostenible, un listado que nace con la intenci\u00f3n de incorporar nuevas propuestas.<\/p>\n<p><strong>M\u00e1s informaci\u00f3n y programa completo:<br \/>\n<\/strong><a href=\"https:\/\/eventos.upo.es\/79892\/programme\/jornada-de-moda-sostenible.html\">https:\/\/eventos.upo.es\/79892\/programme\/jornada-de-moda-sostenible.html<\/a><\/p>\n<p>&nbsp;<\/p>\n","protected":false},"excerpt":{"rendered":"<p>Organizadas por la Delegaci\u00f3n del rector para el Campus Sostenible, finalizar\u00e1n con la presentaci\u00f3n del mapa sevillano de firmas de moda que cumplen diferentes criterios sociales y medioambientales<\/p>\n","protected":false},"author":6,"featured_media":30871439,"comment_status":"closed","ping_status":"open","sticky":false,"template":"","format":"standard","meta":{"_monsterinsights_skip_tracking":false,"_monsterinsights_sitenote_active":false,"_monsterinsights_sitenote_note":"","_monsterinsights_sitenote_category":0,"footnotes":""},"categories":[2779],"tags":[],"class_list":["post-30871437","post","type-post","status-publish","format-standard","has-post-thumbnail","hentry","category-docencia-formacion"],"_links":{"self":[{"href":"https:\/\/www.upo.es\/diario\/wp-json\/wp\/v2\/posts\/30871437","targetHints":{"allow":["GET"]}}],"collection":[{"href":"https:\/\/www.upo.es\/diario\/wp-json\/wp\/v2\/posts"}],"about":[{"href":"https:\/\/www.upo.es\/diario\/wp-json\/wp\/v2\/types\/post"}],"author":[{"embeddable":true,"href":"https:\/\/www.upo.es\/diario\/wp-json\/wp\/v2\/users\/6"}],"replies":[{"embeddable":true,"href":"https:\/\/www.upo.es\/diario\/wp-json\/wp\/v2\/comments?post=30871437"}],"version-history":[{"count":5,"href":"https:\/\/www.upo.es\/diario\/wp-json\/wp\/v2\/posts\/30871437\/revisions"}],"predecessor-version":[{"id":30871445,"href":"https:\/\/www.upo.es\/diario\/wp-json\/wp\/v2\/posts\/30871437\/revisions\/30871445"}],"wp:featuredmedia":[{"embeddable":true,"href":"https:\/\/www.upo.es\/diario\/wp-json\/wp\/v2\/media\/30871439"}],"wp:attachment":[{"href":"https:\/\/www.upo.es\/diario\/wp-json\/wp\/v2\/media?parent=30871437"}],"wp:term":[{"taxonomy":"category","embeddable":true,"href":"https:\/\/www.upo.es\/diario\/wp-json\/wp\/v2\/categories?post=30871437"},{"taxonomy":"post_tag","embeddable":true,"href":"https:\/\/www.upo.es\/diario\/wp-json\/wp\/v2\/tags?post=30871437"}],"curies":[{"name":"wp","href":"https:\/\/api.w.org\/{rel}","templated":true}]}}