{"id":30871460,"date":"2022-03-21T14:55:49","date_gmt":"2022-03-21T13:55:49","guid":{"rendered":"https:\/\/www.upo.es\/diario\/?p=30871460"},"modified":"2022-03-30T13:03:42","modified_gmt":"2022-03-30T11:03:42","slug":"cuarenta-aniversario-ciclo-logro-autonomia-andaluza","status":"publish","type":"post","link":"https:\/\/www.upo.es\/diario\/cultura-social\/2022\/03\/cuarenta-aniversario-ciclo-logro-autonomia-andaluza\/","title":{"rendered":"La Universidad Pablo de Olavide y la Asociaci\u00f3n de la Prensa de Sevilla organizan el ciclo \u2018El logro de la autonom\u00eda andaluza\u2019"},"content":{"rendered":"<figure id=\"attachment_30871505\" aria-describedby=\"caption-attachment-30871505\" style=\"width: 750px\" class=\"wp-caption aligncenter\"><a href=\"https:\/\/www.upo.es\/diario\/wp-content\/uploads\/2022\/03\/Ciclo-40-aniv-papel-MC-scaled.jpg\"><img loading=\"lazy\" decoding=\"async\" class=\"size-large wp-image-30871505\" src=\"https:\/\/www.upo.es\/diario\/wp-content\/uploads\/2022\/03\/Ciclo-40-aniv-papel-MC-750x500.jpg\" alt=\"Lola Cintado, RAfael Rodr\u00edguez y Enrique Garc\u00eda en la mesa dedicada al papel de los medios de comunicaci\u00f3n\" width=\"750\" height=\"500\" srcset=\"https:\/\/www.upo.es\/diario\/wp-content\/uploads\/2022\/03\/Ciclo-40-aniv-papel-MC-750x500.jpg 750w, https:\/\/www.upo.es\/diario\/wp-content\/uploads\/2022\/03\/Ciclo-40-aniv-papel-MC-360x240.jpg 360w, https:\/\/www.upo.es\/diario\/wp-content\/uploads\/2022\/03\/Ciclo-40-aniv-papel-MC-768x512.jpg 768w, https:\/\/www.upo.es\/diario\/wp-content\/uploads\/2022\/03\/Ciclo-40-aniv-papel-MC-1536x1024.jpg 1536w, https:\/\/www.upo.es\/diario\/wp-content\/uploads\/2022\/03\/Ciclo-40-aniv-papel-MC-2048x1365.jpg 2048w\" sizes=\"auto, (max-width: 750px) 100vw, 750px\" \/><\/a><figcaption id=\"caption-attachment-30871505\" class=\"wp-caption-text\">Lola Cintado, Rafael Rodr\u00edguez y Enrique Garc\u00eda en la mesa dedicada al papel de los medios de comunicaci\u00f3n<\/figcaption><\/figure>\n<p>El 23 de mayo de 2022 se cumplen <strong>40 a\u00f1os de las primeras elecciones al Parlamento de Andaluc\u00eda<\/strong>; comenzaba as\u00ed en 1982 la primera legislatura andaluza. Con motivo de estas cuatro d\u00e9cadas, la Asociaci\u00f3n de la Prensa de Sevilla (APS) y la Universidad Pablo de Olavide, a trav\u00e9s del Vicerrectorado de Cultura y Pol\u00edticas Sociales, han organizado el <strong>ciclo \u2018El logro de la autonom\u00eda andaluza (1977-1982)\u2019 compuesto por cuatro mesas de debate y tres exposiciones que tendr\u00e1n lugar en el campus de la UPO<\/strong>.<\/p>\n<figure id=\"attachment_30871503\" aria-describedby=\"caption-attachment-30871503\" style=\"width: 360px\" class=\"wp-caption alignright\"><a href=\"https:\/\/www.upo.es\/diario\/wp-content\/uploads\/2022\/03\/IMG_20220322_183819-scaled.jpg\"><img loading=\"lazy\" decoding=\"async\" class=\"wp-image-30871503 size-medium\" src=\"https:\/\/www.upo.es\/diario\/wp-content\/uploads\/2022\/03\/IMG_20220322_183819-360x202.jpg\" alt=\"Lola Cintado, Rafael Rodr\u00edguez, Francisco Oliva, David Cobos y Enrique Garc\u00eda \" width=\"360\" height=\"202\" srcset=\"https:\/\/www.upo.es\/diario\/wp-content\/uploads\/2022\/03\/IMG_20220322_183819-360x202.jpg 360w, https:\/\/www.upo.es\/diario\/wp-content\/uploads\/2022\/03\/IMG_20220322_183819-750x422.jpg 750w, https:\/\/www.upo.es\/diario\/wp-content\/uploads\/2022\/03\/IMG_20220322_183819-768x432.jpg 768w, https:\/\/www.upo.es\/diario\/wp-content\/uploads\/2022\/03\/IMG_20220322_183819-1536x864.jpg 1536w, https:\/\/www.upo.es\/diario\/wp-content\/uploads\/2022\/03\/IMG_20220322_183819-2048x1151.jpg 2048w, https:\/\/www.upo.es\/diario\/wp-content\/uploads\/2022\/03\/IMG_20220322_183819-1320x742.jpg 1320w\" sizes=\"auto, (max-width: 360px) 100vw, 360px\" \/><\/a><figcaption id=\"caption-attachment-30871503\" class=\"wp-caption-text\">Lola Cintado, Rafael Rodr\u00edguez, Francisco Oliva, David Cobos y Enrique Garc\u00eda<\/figcaption><\/figure>\n<p>El ciclo ha dado comienzo con la <b>inauguraci\u00f3n este martes 22 de marzo, a las 17:30 horas en la sala de exposiciones de la Biblioteca\/CRAI de la UPO, de la <a href=\"https:\/\/www.upo.es\/biblioteca\/servicios\/inst_equip\/area_expo\/expovirtuales\/primera-elecciones-autonomicas\/index.html\">muestra \u201823M de 1982 \u2013 Primeras elecciones auton\u00f3micas\u2019<\/a><\/b>, una recopilaci\u00f3n de portadas y peri\u00f3dicos sobre aquella jornada hist\u00f3rica. Las otras dos exposiciones organizadas con motivo del 40 aniversario de la autonom\u00eda andaluza podr\u00e1n verse tambi\u00e9n en el campus de la Universidad Pablo de Olavide: <strong>\u20184D de 1977\u2019<\/strong> en el edificio Alexander von Humboldt, planta baja; y<strong> \u201828F de 1980\u2019<\/strong> en la galer\u00eda superior, situada sobre el Pasaje de la Ilustraci\u00f3n. Estas tres muestras recogen portadas de peri\u00f3dicos en torno a tres fechas clave en el recorrido que llev\u00f3 a la consecuci\u00f3n de la autonom\u00eda andaluza: las primeras elecciones de las que se cumplen 40 a\u00f1os; la movilizaci\u00f3n hist\u00f3rica de la ciudadan\u00eda para reclamar la autonom\u00eda del 4 de diciembre de 1977; y el refer\u00e9ndum del 28 de febrero de 1980 sobre el acceso a la autonom\u00eda plena por el art\u00edculo 151 de la Constituci\u00f3n. El montaje de las tres muestras ha contado con la colaboraci\u00f3n del Ayuntamiento de Sevilla.<\/p>\n<figure id=\"attachment_30871504\" aria-describedby=\"caption-attachment-30871504\" style=\"width: 360px\" class=\"wp-caption alignright\"><a href=\"https:\/\/www.upo.es\/diario\/wp-content\/uploads\/2022\/03\/comienza-un-largo-camino_exp-aut-and.jpg\"><img loading=\"lazy\" decoding=\"async\" class=\"size-medium wp-image-30871504\" src=\"https:\/\/www.upo.es\/diario\/wp-content\/uploads\/2022\/03\/comienza-un-largo-camino_exp-aut-and-360x240.jpg\" alt=\"\" width=\"360\" height=\"240\" srcset=\"https:\/\/www.upo.es\/diario\/wp-content\/uploads\/2022\/03\/comienza-un-largo-camino_exp-aut-and-360x240.jpg 360w, https:\/\/www.upo.es\/diario\/wp-content\/uploads\/2022\/03\/comienza-un-largo-camino_exp-aut-and-750x501.jpg 750w, https:\/\/www.upo.es\/diario\/wp-content\/uploads\/2022\/03\/comienza-un-largo-camino_exp-aut-and-768x513.jpg 768w, https:\/\/www.upo.es\/diario\/wp-content\/uploads\/2022\/03\/comienza-un-largo-camino_exp-aut-and-165x109.jpg 165w, https:\/\/www.upo.es\/diario\/wp-content\/uploads\/2022\/03\/comienza-un-largo-camino_exp-aut-and.jpg 1000w\" sizes=\"auto, (max-width: 360px) 100vw, 360px\" \/><\/a><figcaption id=\"caption-attachment-30871504\" class=\"wp-caption-text\">Exposici\u00f3n de portadas sobre el 4D<\/figcaption><\/figure>\n<p>El programa de debates contempla <strong>cuatro mesas redondas con la participaci\u00f3n de protagonistas de aquellos momentos<\/strong>, personas que vivieron en primera persona \u2018el logro de la autonom\u00eda andaluza\u2019. La primera ha tenido lugar esta tarde en el Paraninfo de la UPO\u00a0con el t\u00edtulo <b>\u2018El papel de los medios de comunicaci\u00f3n\u2019<\/b>. Han asistido a este primer debate, Lola Cintado, jefa de prensa de Pl\u00e1cido Fern\u00e1ndez Viagas, primer presidente de la preautonom\u00eda andaluza y periodista de la agencia EFE; Enrique Garc\u00eda, director de comunicaci\u00f3n de Rafael Escuredo, segundo presidente preauton\u00f3mico y primer presidente de la Junta de Andaluc\u00eda y periodista de la Cadena SER; y Rafael Rodr\u00edguez, presidente de la Asociaci\u00f3n de Prensa de Sevilla.<\/p>\n<p>El pr\u00f3ximo jueves <b>24 de marzo<\/b>, a las 18:30 horas en el Paraninfo, se celebrar\u00e1 la segunda mesa dedicada a<b> \u2018El papel de los partidos pol\u00edticos, sindicatos y movimientos sociales\u2019<\/b> con la participaci\u00f3n de Eduardo Saborido, Francisco Casero, Amparo Rubiales, Luis Merino Bayona, Felipe Alcaraz y Miguel \u00c1ngel Arredonda.<\/p>\n<p>El ciclo \u2018El logro de la autonom\u00eda andaluza\u2019 contin\u00faa la pr\u00f3xima semana con una tercera mesa sobre <b>\u2018La interpretaci\u00f3n hist\u00f3rica y constitucional\u2019<\/b>, el lunes 28 a las 18:30 horas, y un <b>encuentro con Rafael Escuredo<\/b>, segundo presidente de la Junta preauton\u00f3mica y primer presidente de la Junta de Andaluc\u00eda, el martes d\u00eda 29 a la misma hora. Ambas mesas de debate ser\u00e1n en el Paraninfo de la Universidad Pablo de Olavide.<\/p>\n<p><strong>M\u00e1s informaci\u00f3n y programa completo:<\/strong><br \/>\n<a href=\"https:\/\/eventos.upo.es\/80650\/detail\/el-logro-de-la-autonomia-andaluza-1977-1982.html\">https:\/\/eventos.upo.es\/80650\/detail\/el-logro-de-la-autonomia-andaluza-1977-1982.html<\/a><\/p>\n<p><strong>Exposici\u00f3n virtual:<br \/>\n<\/strong><a href=\"https:\/\/www.upo.es\/biblioteca\/servicios\/inst_equip\/area_expo\/expovirtuales\/primera-elecciones-autonomicas\/index.html\">www.upo.es\/biblioteca\/servicios\/inst_equip\/area_expo\/expovirtuales\/primera-elecciones-autonomicas\/<\/a><\/p>\n","protected":false},"excerpt":{"rendered":"<p>El 23 de mayo de 2022 se cumplen 40 a\u00f1os de las primeras elecciones al Parlamento de Andaluc\u00eda; comenzaba as\u00ed en 1982 la primera legislatura andaluza. Con motivo de estas cuatro d\u00e9cadas, la Asociaci\u00f3n de la Prensa de Sevilla (APS) y la Universidad Pablo de Olavide, a trav\u00e9s del Vicerrectorado de Cultura y Pol\u00edticas Sociales, han organizado el ciclo \u2018El logro de la autonom\u00eda andaluza (1977-1982)\u2019 compuesto por cuatro mesas de debate y tres exposiciones que tendr\u00e1n lugar en el campus de la UPO.<\/p>\n","protected":false},"author":6,"featured_media":30871505,"comment_status":"closed","ping_status":"open","sticky":false,"template":"","format":"standard","meta":{"_monsterinsights_skip_tracking":false,"_monsterinsights_sitenote_active":false,"_monsterinsights_sitenote_note":"","_monsterinsights_sitenote_category":0,"footnotes":""},"categories":[5843],"tags":[190,568,69,74,984,221,2254,76,5597],"class_list":["post-30871460","post","type-post","status-publish","format-standard","has-post-thumbnail","hentry","category-cultura-social","tag-andalucia","tag-aniversario","tag-elecciones","tag-exposiciones","tag-medios-de-comunicacion","tag-mesa-redonda","tag-parlamento-andaluz","tag-politica","tag-vicerrectorado-cultura-y-compromiso-social"],"_links":{"self":[{"href":"https:\/\/www.upo.es\/diario\/wp-json\/wp\/v2\/posts\/30871460","targetHints":{"allow":["GET"]}}],"collection":[{"href":"https:\/\/www.upo.es\/diario\/wp-json\/wp\/v2\/posts"}],"about":[{"href":"https:\/\/www.upo.es\/diario\/wp-json\/wp\/v2\/types\/post"}],"author":[{"embeddable":true,"href":"https:\/\/www.upo.es\/diario\/wp-json\/wp\/v2\/users\/6"}],"replies":[{"embeddable":true,"href":"https:\/\/www.upo.es\/diario\/wp-json\/wp\/v2\/comments?post=30871460"}],"version-history":[{"count":8,"href":"https:\/\/www.upo.es\/diario\/wp-json\/wp\/v2\/posts\/30871460\/revisions"}],"predecessor-version":[{"id":30871509,"href":"https:\/\/www.upo.es\/diario\/wp-json\/wp\/v2\/posts\/30871460\/revisions\/30871509"}],"wp:featuredmedia":[{"embeddable":true,"href":"https:\/\/www.upo.es\/diario\/wp-json\/wp\/v2\/media\/30871505"}],"wp:attachment":[{"href":"https:\/\/www.upo.es\/diario\/wp-json\/wp\/v2\/media?parent=30871460"}],"wp:term":[{"taxonomy":"category","embeddable":true,"href":"https:\/\/www.upo.es\/diario\/wp-json\/wp\/v2\/categories?post=30871460"},{"taxonomy":"post_tag","embeddable":true,"href":"https:\/\/www.upo.es\/diario\/wp-json\/wp\/v2\/tags?post=30871460"}],"curies":[{"name":"wp","href":"https:\/\/api.w.org\/{rel}","templated":true}]}}