{"id":30871467,"date":"2022-03-21T10:30:24","date_gmt":"2022-03-21T09:30:24","guid":{"rendered":"https:\/\/www.upo.es\/diario\/?p=30871467"},"modified":"2022-03-21T15:39:27","modified_gmt":"2022-03-21T14:39:27","slug":"la-importancia-de-conocer-y-gestionar-las-emociones-y-establecer-un-proyecto-de-vida-se-trataran-en-un-curso-sobre-orientacion-sociolaboral","status":"publish","type":"post","link":"https:\/\/www.upo.es\/diario\/docencia-formacion\/2022\/03\/la-importancia-de-conocer-y-gestionar-las-emociones-y-establecer-un-proyecto-de-vida-se-trataran-en-un-curso-sobre-orientacion-sociolaboral\/","title":{"rendered":"La importancia de conocer y gestionar las emociones y establecer un proyecto de vida se tratar\u00e1n en un curso sobre orientaci\u00f3n sociolaboral"},"content":{"rendered":"<p><img loading=\"lazy\" decoding=\"async\" class=\"alignright size-medium wp-image-30871468\" src=\"https:\/\/www.upo.es\/diario\/wp-content\/uploads\/2022\/03\/Orientacion-sistemica-254x360.jpg\" alt=\"orientaci\u00f3n sist\u00e9mica\" width=\"254\" height=\"360\" srcset=\"https:\/\/www.upo.es\/diario\/wp-content\/uploads\/2022\/03\/Orientacion-sistemica-254x360.jpg 254w, https:\/\/www.upo.es\/diario\/wp-content\/uploads\/2022\/03\/Orientacion-sistemica-530x750.jpg 530w, https:\/\/www.upo.es\/diario\/wp-content\/uploads\/2022\/03\/Orientacion-sistemica-768x1086.jpg 768w, https:\/\/www.upo.es\/diario\/wp-content\/uploads\/2022\/03\/Orientacion-sistemica-1086x1536.jpg 1086w, https:\/\/www.upo.es\/diario\/wp-content\/uploads\/2022\/03\/Orientacion-sistemica.jpg 1131w\" sizes=\"auto, (max-width: 254px) 100vw, 254px\" \/>\u2018Orientaci\u00f3n sist\u00e9mica\u2019 es el t\u00edtulo del <strong>curso de desarrollo profesional avanzado<\/strong> que Universidad Pablo de Olavide acoger\u00e1 del 24 de marzo al 1 de abril en el campus de la UPO. Dicho curso estar\u00e1 dirigido por <strong>Cosette Franco Mu\u00f1oz<\/strong>, socia fundadora del M\u00e9todo Mentoris y profesora del Departamento de Educaci\u00f3n y Psicolog\u00eda Social de la Universidad Pablo de Olavide e <strong>Isabel L\u00f3pez Rodr\u00edguez<\/strong>, orientadora laboral con perspectiva sist\u00e9mica.<\/p>\n<p>El principal objetivo de esta formaci\u00f3n es <strong>impulsar la empleabilidad, aportando aspectos innovadores en la orientaci\u00f3n sociolaboral desde la perspectiva sist\u00e9mica<\/strong>. De esta forma, se plantear\u00e1 para estudiantes y profesionales de Ciencias Sociales, principalmente, una reflexi\u00f3n y an\u00e1lisis de c\u00f3mo influye la \u00e9poca que nos ha tocado vivir, nuestro entorno, familia, nuestra participaci\u00f3n en los diferentes sistemas sociales, y c\u00f3mo nuestra pertenencia a ellos va generando expectativas propias y ajenas, confianza, debilidades y fortalezas, tanto en la persona orientada como en la orientadora, y c\u00f3mo influye en el desarrollo profesional y de la empleabilidad.<\/p>\n<p>Por ello, los estudiantes tendr\u00e1n la oportunidad de aprender que la orientaci\u00f3n es un proceso que permite establecer objetivos, fomentar actitudes y desarrollar estrategias de intervenci\u00f3n de cara a los procesos de desarrollo profesional y personal.<\/p>\n<p>Entre el profesorado podemos destacar, adem\u00e1s de las directoras, a \u00c1ngeles Fern\u00e1ndez Romero, pedagoga, coach y especialista en Programaci\u00f3n Neuroling\u00fc\u00edstica; Montserrat Rosa Caro, trabajadora social y directora del Plan Integral para el Pol\u00edgono Sur; Domingo Valenciano, experto en desarrollo local o Gloria Rodr\u00edguez L\u00f3pez, neuropsic\u00f3loga y profesora de Yoga.<\/p>\n<p>Entre las tem\u00e1ticas que se abordar\u00e1n, se encuentran el trabajo en red, la importancia de conocer y gestionar las emociones, la mejora de la empleabilidad, el saber estar con nosotros mismos, la importancia del proyecto de vida en la orientaci\u00f3n o la adquisici\u00f3n de competencias sociales para la vida y el empleo.<\/p>\n<ul>\n<li>Para m\u00e1s informaci\u00f3n: <a href=\"https:\/\/www.upo.es\/cms1\/export\/sites\/upo\/olavideencarmona\/documentos\/2022\/2022-cursos-invierno-orientacion-sistemica.pdf\">PROGRAMA<\/a><\/li>\n<li>Para matricularse: <a href=\"https:\/\/www.upo.es\/fundaciones\/matricula-online\/\">MATR\u00cdCULA<\/a><\/li>\n<\/ul>\n","protected":false},"excerpt":{"rendered":"<p>El principal objetivo de esta formaci\u00f3n es impulsar la empleabilidad, aportando aspectos innovadores en la orientaci\u00f3n sociolaboral desde la perspectiva sist\u00e9mica.<\/p>\n","protected":false},"author":6,"featured_media":30871468,"comment_status":"closed","ping_status":"open","sticky":false,"template":"","format":"standard","meta":{"_monsterinsights_skip_tracking":false,"_monsterinsights_sitenote_active":false,"_monsterinsights_sitenote_note":"","_monsterinsights_sitenote_category":0,"footnotes":""},"categories":[2779],"tags":[1529,5057,1257],"class_list":["post-30871467","post","type-post","status-publish","format-standard","has-post-thumbnail","hentry","category-docencia-formacion","tag-cursos","tag-formacion-continua","tag-orientacion-laboral"],"_links":{"self":[{"href":"https:\/\/www.upo.es\/diario\/wp-json\/wp\/v2\/posts\/30871467","targetHints":{"allow":["GET"]}}],"collection":[{"href":"https:\/\/www.upo.es\/diario\/wp-json\/wp\/v2\/posts"}],"about":[{"href":"https:\/\/www.upo.es\/diario\/wp-json\/wp\/v2\/types\/post"}],"author":[{"embeddable":true,"href":"https:\/\/www.upo.es\/diario\/wp-json\/wp\/v2\/users\/6"}],"replies":[{"embeddable":true,"href":"https:\/\/www.upo.es\/diario\/wp-json\/wp\/v2\/comments?post=30871467"}],"version-history":[{"count":1,"href":"https:\/\/www.upo.es\/diario\/wp-json\/wp\/v2\/posts\/30871467\/revisions"}],"predecessor-version":[{"id":30871469,"href":"https:\/\/www.upo.es\/diario\/wp-json\/wp\/v2\/posts\/30871467\/revisions\/30871469"}],"wp:featuredmedia":[{"embeddable":true,"href":"https:\/\/www.upo.es\/diario\/wp-json\/wp\/v2\/media\/30871468"}],"wp:attachment":[{"href":"https:\/\/www.upo.es\/diario\/wp-json\/wp\/v2\/media?parent=30871467"}],"wp:term":[{"taxonomy":"category","embeddable":true,"href":"https:\/\/www.upo.es\/diario\/wp-json\/wp\/v2\/categories?post=30871467"},{"taxonomy":"post_tag","embeddable":true,"href":"https:\/\/www.upo.es\/diario\/wp-json\/wp\/v2\/tags?post=30871467"}],"curies":[{"name":"wp","href":"https:\/\/api.w.org\/{rel}","templated":true}]}}