{"id":30871483,"date":"2022-03-23T18:00:17","date_gmt":"2022-03-23T17:00:17","guid":{"rendered":"https:\/\/www.upo.es\/diario\/?p=30871483"},"modified":"2022-03-25T09:18:50","modified_gmt":"2022-03-25T08:18:50","slug":"facultad-humanidades-upo-puertas-abiertas","status":"publish","type":"post","link":"https:\/\/www.upo.es\/diario\/institucional\/2022\/03\/facultad-humanidades-upo-puertas-abiertas\/","title":{"rendered":"La Facultad de Humanidades de la UPO celebra sus VI Jornadas de Puertas Abiertas"},"content":{"rendered":"<figure id=\"attachment_30871626\" aria-describedby=\"caption-attachment-30871626\" style=\"width: 750px\" class=\"wp-caption aligncenter\"><a href=\"https:\/\/www.upo.es\/diario\/wp-content\/uploads\/2022\/03\/IMG-20220324-WA0015.jpg\"><img loading=\"lazy\" decoding=\"async\" class=\"size-large wp-image-30871626\" src=\"https:\/\/www.upo.es\/diario\/wp-content\/uploads\/2022\/03\/IMG-20220324-WA0015-750x337.jpg\" alt=\"\" width=\"750\" height=\"337\" srcset=\"https:\/\/www.upo.es\/diario\/wp-content\/uploads\/2022\/03\/IMG-20220324-WA0015-750x337.jpg 750w, https:\/\/www.upo.es\/diario\/wp-content\/uploads\/2022\/03\/IMG-20220324-WA0015-360x162.jpg 360w, https:\/\/www.upo.es\/diario\/wp-content\/uploads\/2022\/03\/IMG-20220324-WA0015-768x345.jpg 768w, https:\/\/www.upo.es\/diario\/wp-content\/uploads\/2022\/03\/IMG-20220324-WA0015-1536x691.jpg 1536w, https:\/\/www.upo.es\/diario\/wp-content\/uploads\/2022\/03\/IMG-20220324-WA0015-1320x594.jpg 1320w, https:\/\/www.upo.es\/diario\/wp-content\/uploads\/2022\/03\/IMG-20220324-WA0015.jpg 2048w\" sizes=\"auto, (max-width: 750px) 100vw, 750px\" \/><\/a><figcaption id=\"caption-attachment-30871626\" class=\"wp-caption-text\">Visita a la biblioteca durante las Jornadas de Puertas Abiertas de la Facultad de Humanidades.<\/figcaption><\/figure>\n<p><u>Hoy mi\u00e9rcoles 23 de marzo en la Sala de Grados del Edificio 25 (Biblioteca) de la Universidad Pablo de Olavide<\/u>, la <strong>Facultad de Humanidades<\/strong> ha celebrado sus <strong>VI Jornadas de Puertas Abiertas<\/strong>, un evento informativo para dar a conocer su oferta acad\u00e9mica de Grado y las caracter\u00edsticas diferenciadoras de su programa formativo a estudiantes de bachillerato, familias, profesorado, equipos directivos y de orientaci\u00f3n.<\/p>\n<p>Durante la jornada, que se ha desarrollado de manera presencial, se ha presentado y detallado la oferta acad\u00e9mica de la Facultad, complement\u00e1ndola con informaci\u00f3n sobre las salidas profesionales de los Grados en Humanidades; Geograf\u00eda e Historia; Traducci\u00f3n e Interpretaci\u00f3n (Ingl\u00e9s, Franc\u00e9s y Alem\u00e1n); y \u00a0los Dobles Grados en Humanidades y Traducci\u00f3n e Interpretaci\u00f3n (Ingl\u00e9s); Ciencias Ambientales y Geograf\u00eda e Historia: Geograf\u00eda e Historia y Relaciones Internacionales; Traducci\u00f3n e Interpretaci\u00f3n (Franc\u00e9s) y Relaciones Internacionales, y Traducci\u00f3n e Interpretaci\u00f3n (Alem\u00e1n) y Relaciones Internacionales.<\/p>\n<p>Posteriormente, se ha visitado las instalaciones del campus de la Universidad Pablo de Olavide como son las aulas de docencia, las aulas t\u00e9cnicas, las aulas al aire libre, el laboratorio de interpretaci\u00f3n y la biblioteca, entre otras.<\/p>\n<p><strong>Oferta de Grados y Dobles Grado de la Facultad Humanidades<\/strong><\/p>\n<p>La Facultad de Humanidades imparte un total de cinco grados y cinco dobles grados:<\/p>\n<p>El <strong>Grado en Traducci\u00f3n e Interpretaci\u00f3n<\/strong> existe en la UPO en una triple vertiente en funci\u00f3n de la primera lengua extranjera elegida: ingl\u00e9s, franc\u00e9s y alem\u00e1n. Estos estudios abarcan una formaci\u00f3n muy completa, en la que se combina el estudio de las lenguas extranjeras con la civilizaci\u00f3n de los pa\u00edses y con el uso de las nuevas tecnolog\u00edas aplicadas al campo de la traducci\u00f3n.<\/p>\n<p><strong>Humanidades<\/strong> es un grado que ofrece al estudiante una formaci\u00f3n global, abarcando materias como la Historia, el Arte, la Literatura, la Geograf\u00eda, la Ling\u00fc\u00edstica y la Filosof\u00eda. Esto hace que el graduado tenga un bagaje de conocimientos multidisciplinar.<\/p>\n<p><strong>Geograf\u00eda e Historia<\/strong> tiene como fin el conocimiento profundo del pasado y la comprensi\u00f3n global del presente partiendo de aspectos tan variados como la historia del pensamiento o de la literatura, el an\u00e1lisis antropol\u00f3gico de las sociedades, la historia de la ciencia o la de las religiones. Un tercio de las asignaturas de este grado puede cursarse en ingl\u00e9s.<\/p>\n<p>Asimismo, imparte los <strong>Dobles Grados en Humanidades y Traducci\u00f3n e Interpretaci\u00f3n (Ingl\u00e9s); Ciencias Ambientales y Geograf\u00eda e Historia: Geograf\u00eda e Historia y Relaciones Internacionales; Traducci\u00f3n e Interpretaci\u00f3n (Franc\u00e9s) y Relaciones Internacionales, y Traducci\u00f3n e Interpretaci\u00f3n (Alem\u00e1n) y Relaciones Internacionales<\/strong>. De esta manera, el estudiante habr\u00e1 adquirido todas las competencias de ambos grados y podr\u00e1 acceder al mercado nacional e internacional con un amplio abanico de salidas profesionales.<\/p>\n<p>En cuanto a titulaciones internacionales, los estudiantes del Grado en Traducci\u00f3n e Interpretaci\u00f3n podr\u00e1n obtener el <strong>doble t\u00edtulo en Traducci\u00f3n e Interpretaci\u00f3n por la Universidad Pablo de Olavide y Scienze della Mediazione Linguistica con la Universit\u00e0 degli Studi di Torino (Italia)<\/strong>.<\/p>\n<p><a href=\"https:\/\/eventos.upo.es\/78759\/detail\/vi-jornada-de-puertas-abiertas-de-la-facultad-de-humanidades-presencial.html\">Inscripci\u00f3n en las VI Jornadas de Puertas Abiertas de la Facultad de Humanidades de la Universidad Pablo de Olavide<\/a><\/p>\n","protected":false},"excerpt":{"rendered":"<p>La Facultad de Humanidades celebra sus VI Jornadas de Puertas Abiertas, un evento informativo para dar a conocer su oferta acad\u00e9mica de Grado y las caracter\u00edsticas diferenciadoras de su programa formativo a estudiantes de bachillerato, familias, profesorado, equipos directivos y de orientaci\u00f3n.<\/p>\n","protected":false},"author":4,"featured_media":30871626,"comment_status":"closed","ping_status":"open","sticky":false,"template":"","format":"standard","meta":{"_monsterinsights_skip_tracking":false,"_monsterinsights_sitenote_active":false,"_monsterinsights_sitenote_note":"","_monsterinsights_sitenote_category":0,"footnotes":""},"categories":[6],"tags":[644,1566,21,96,1546,1567,1555,84,377,376,1382],"class_list":["post-30871483","post","type-post","status-publish","format-standard","has-post-thumbnail","hentry","category-institucional","tag-bachillerato","tag-doble-grado-en-humanidades-y-en-traduccion-e-interpretacion","tag-estudiantes","tag-facultad-de-humanidades","tag-grado-en-geografia-e-historia","tag-grado-en-humanidades","tag-grado-en-traduccion-e-interpretacion","tag-jornadas","tag-oferta-academica","tag-puertas-abiertas","tag-secundaria"],"_links":{"self":[{"href":"https:\/\/www.upo.es\/diario\/wp-json\/wp\/v2\/posts\/30871483","targetHints":{"allow":["GET"]}}],"collection":[{"href":"https:\/\/www.upo.es\/diario\/wp-json\/wp\/v2\/posts"}],"about":[{"href":"https:\/\/www.upo.es\/diario\/wp-json\/wp\/v2\/types\/post"}],"author":[{"embeddable":true,"href":"https:\/\/www.upo.es\/diario\/wp-json\/wp\/v2\/users\/4"}],"replies":[{"embeddable":true,"href":"https:\/\/www.upo.es\/diario\/wp-json\/wp\/v2\/comments?post=30871483"}],"version-history":[{"count":5,"href":"https:\/\/www.upo.es\/diario\/wp-json\/wp\/v2\/posts\/30871483\/revisions"}],"predecessor-version":[{"id":30871627,"href":"https:\/\/www.upo.es\/diario\/wp-json\/wp\/v2\/posts\/30871483\/revisions\/30871627"}],"wp:featuredmedia":[{"embeddable":true,"href":"https:\/\/www.upo.es\/diario\/wp-json\/wp\/v2\/media\/30871626"}],"wp:attachment":[{"href":"https:\/\/www.upo.es\/diario\/wp-json\/wp\/v2\/media?parent=30871483"}],"wp:term":[{"taxonomy":"category","embeddable":true,"href":"https:\/\/www.upo.es\/diario\/wp-json\/wp\/v2\/categories?post=30871483"},{"taxonomy":"post_tag","embeddable":true,"href":"https:\/\/www.upo.es\/diario\/wp-json\/wp\/v2\/tags?post=30871483"}],"curies":[{"name":"wp","href":"https:\/\/api.w.org\/{rel}","templated":true}]}}