{"id":30871574,"date":"2022-03-23T14:17:02","date_gmt":"2022-03-23T13:17:02","guid":{"rendered":"https:\/\/www.upo.es\/diario\/?p=30871574"},"modified":"2022-03-30T14:46:32","modified_gmt":"2022-03-30T12:46:32","slug":"llega-a-ucrania-la-ayuda-humanitaria-recogida-por-la-oficina-de-voluntariado-de-la-upo-y-la-asociacion-corazonesconbata","status":"publish","type":"post","link":"https:\/\/www.upo.es\/diario\/cultura-social\/2022\/03\/llega-a-ucrania-la-ayuda-humanitaria-recogida-por-la-oficina-de-voluntariado-de-la-upo-y-la-asociacion-corazonesconbata\/","title":{"rendered":"Llega a Ucrania la ayuda humanitaria recogida por la Oficina de Voluntariado de la UPO y la asociaci\u00f3n Corazonesconbata"},"content":{"rendered":"<figure id=\"attachment_30871576\" aria-describedby=\"caption-attachment-30871576\" style=\"width: 750px\" class=\"wp-caption aligncenter\"><a href=\"https:\/\/www.upo.es\/diario\/wp-content\/uploads\/2022\/03\/Ayuda-Ucrania-Voluntariado-UPO.jpg\"><img loading=\"lazy\" decoding=\"async\" class=\"wp-image-30871576 size-large\" src=\"https:\/\/www.upo.es\/diario\/wp-content\/uploads\/2022\/03\/Ayuda-Ucrania-Voluntariado-UPO-750x750.jpg\" alt=\"recogida de material humanitario para Ucrania en la UPO\" width=\"750\" height=\"750\" srcset=\"https:\/\/www.upo.es\/diario\/wp-content\/uploads\/2022\/03\/Ayuda-Ucrania-Voluntariado-UPO-750x750.jpg 750w, https:\/\/www.upo.es\/diario\/wp-content\/uploads\/2022\/03\/Ayuda-Ucrania-Voluntariado-UPO-360x360.jpg 360w, https:\/\/www.upo.es\/diario\/wp-content\/uploads\/2022\/03\/Ayuda-Ucrania-Voluntariado-UPO-150x150.jpg 150w, https:\/\/www.upo.es\/diario\/wp-content\/uploads\/2022\/03\/Ayuda-Ucrania-Voluntariado-UPO-768x768.jpg 768w, https:\/\/www.upo.es\/diario\/wp-content\/uploads\/2022\/03\/Ayuda-Ucrania-Voluntariado-UPO-1320x1320.jpg 1320w, https:\/\/www.upo.es\/diario\/wp-content\/uploads\/2022\/03\/Ayuda-Ucrania-Voluntariado-UPO.jpg 1440w\" sizes=\"auto, (max-width: 750px) 100vw, 750px\" \/><\/a><figcaption id=\"caption-attachment-30871576\" class=\"wp-caption-text\">La recogida de material para Ucrania se llev\u00f3 a cabo en la UPO entre el 2 y el 15 de marzo<\/figcaption><\/figure>\n<p>Los materiales recogidos gracias a la <strong>campa\u00f1a de la Universidad Pablo de Olavide<\/strong> y la <strong>asociaci\u00f3n Corazonesconbata<\/strong> han llegado a quienes lo necesitan en <strong>Ucrania<\/strong>. La carga fue enviada el pasado fin de semana en dos autobuses, en coordinaci\u00f3n con el grupo de voluntarios \u2018Ucranianos en Sevilla\u2019. Estos autobuses volver\u00e1n con personas refugiadas de manera organizada, en colaboraci\u00f3n con entidades y administraciones que trabajan para su recepci\u00f3n y acogida.<\/p>\n<figure id=\"attachment_30871578\" aria-describedby=\"caption-attachment-30871578\" style=\"width: 231px\" class=\"wp-caption alignright\"><a href=\"https:\/\/www.upo.es\/diario\/wp-content\/uploads\/2022\/03\/Ayuda-Ucrania-recepcion.jpg\"><img loading=\"lazy\" decoding=\"async\" class=\"size-medium wp-image-30871578\" src=\"https:\/\/www.upo.es\/diario\/wp-content\/uploads\/2022\/03\/Ayuda-Ucrania-recepcion-231x360.jpg\" alt=\"Ayuda a Ucrania UPO\" width=\"231\" height=\"360\" srcset=\"https:\/\/www.upo.es\/diario\/wp-content\/uploads\/2022\/03\/Ayuda-Ucrania-recepcion-231x360.jpg 231w, https:\/\/www.upo.es\/diario\/wp-content\/uploads\/2022\/03\/Ayuda-Ucrania-recepcion-481x750.jpg 481w, https:\/\/www.upo.es\/diario\/wp-content\/uploads\/2022\/03\/Ayuda-Ucrania-recepcion.jpg 489w\" sizes=\"auto, (max-width: 231px) 100vw, 231px\" \/><\/a><figcaption id=\"caption-attachment-30871578\" class=\"wp-caption-text\">Recepci\u00f3n de la ayuda en Ucrania<\/figcaption><\/figure>\n<p>Desde el Vicerrectorado de Cultura y Pol\u00edticas Sociales, a trav\u00e9s de su Oficina de Voluntariado y Compromiso Social, y la asociaci\u00f3n Corazonesconbata se llev\u00f3 a cabo una campa\u00f1a de recogida para Ucrania del 2 al 15 de marzo en el campus de la Universidad. La campa\u00f1a fue propuesta por <strong>Esther Atencia Gil<\/strong>, directora del \u00c1rea de Calidad de esta Universidad y miembro de la asociaci\u00f3n Corazonesconbata. La asociaci\u00f3n Corazonesconbata ha regalado un coraz\u00f3n hecho a mano a toda aquella persona que ha contribuido participando en esta campa\u00f1a.<\/p>\n<p><strong>La Oficina de Voluntariado y Compromiso Social agradece la colaboraci\u00f3n de la comunidad universitaria por la gran participaci\u00f3n.<\/strong> Se han recogido <strong>m\u00e1s de tres toneladas de material entre alimentos, material sanitario, de higiene y ropa de abrigo<\/strong>. Desde esta Oficina se agradece especialmente la colaboraci\u00f3n del personal de Espacios y Mudanzas de nuestra Universidad, adem\u00e1s de las personas voluntarias que han participado en el traslado de todo el material que se llev\u00f3 a cabo el pasado mi\u00e9rcoles y el jueves 17 de marzo.<\/p>\n","protected":false},"excerpt":{"rendered":"<p>Los materiales recogidos gracias a la campa\u00f1a de la Universidad Pablo de Olavide y la asociaci\u00f3n Corazonesconbata ha llegado a quienes lo necesitan en Ucrania. La carga fue enviada el pasado fin de semana en dos autobuses, en coordinaci\u00f3n con el grupo de voluntarios \u2018Ucranianos en Sevilla\u2019. Estos autobuses volver\u00e1n con personas refugiadas de manera organizada, en colaboraci\u00f3n con entidades y administraciones que trabajan para su recepci\u00f3n y acogida.<\/p>\n","protected":false},"author":6,"featured_media":30871576,"comment_status":"closed","ping_status":"open","sticky":false,"template":"","format":"standard","meta":{"_monsterinsights_skip_tracking":false,"_monsterinsights_sitenote_active":false,"_monsterinsights_sitenote_note":"","_monsterinsights_sitenote_category":0,"footnotes":""},"categories":[5843],"tags":[6139,3294,7484,1024,7806,5597],"class_list":["post-30871574","post","type-post","status-publish","format-standard","has-post-thumbnail","hentry","category-cultura-social","tag-ayuda","tag-guerra","tag-oficina-de-voluntariado-y-compromiso-social","tag-solidaridad","tag-ucrania","tag-vicerrectorado-cultura-y-compromiso-social"],"_links":{"self":[{"href":"https:\/\/www.upo.es\/diario\/wp-json\/wp\/v2\/posts\/30871574","targetHints":{"allow":["GET"]}}],"collection":[{"href":"https:\/\/www.upo.es\/diario\/wp-json\/wp\/v2\/posts"}],"about":[{"href":"https:\/\/www.upo.es\/diario\/wp-json\/wp\/v2\/types\/post"}],"author":[{"embeddable":true,"href":"https:\/\/www.upo.es\/diario\/wp-json\/wp\/v2\/users\/6"}],"replies":[{"embeddable":true,"href":"https:\/\/www.upo.es\/diario\/wp-json\/wp\/v2\/comments?post=30871574"}],"version-history":[{"count":6,"href":"https:\/\/www.upo.es\/diario\/wp-json\/wp\/v2\/posts\/30871574\/revisions"}],"predecessor-version":[{"id":30871588,"href":"https:\/\/www.upo.es\/diario\/wp-json\/wp\/v2\/posts\/30871574\/revisions\/30871588"}],"wp:featuredmedia":[{"embeddable":true,"href":"https:\/\/www.upo.es\/diario\/wp-json\/wp\/v2\/media\/30871576"}],"wp:attachment":[{"href":"https:\/\/www.upo.es\/diario\/wp-json\/wp\/v2\/media?parent=30871574"}],"wp:term":[{"taxonomy":"category","embeddable":true,"href":"https:\/\/www.upo.es\/diario\/wp-json\/wp\/v2\/categories?post=30871574"},{"taxonomy":"post_tag","embeddable":true,"href":"https:\/\/www.upo.es\/diario\/wp-json\/wp\/v2\/tags?post=30871574"}],"curies":[{"name":"wp","href":"https:\/\/api.w.org\/{rel}","templated":true}]}}