{"id":30871628,"date":"2022-03-23T15:28:48","date_gmt":"2022-03-23T14:28:48","guid":{"rendered":"https:\/\/www.upo.es\/diario\/?p=30871628"},"modified":"2022-03-24T15:45:13","modified_gmt":"2022-03-24T14:45:13","slug":"capsulas-de-cineteatro","status":"publish","type":"post","link":"https:\/\/www.upo.es\/diario\/video\/2022\/03\/capsulas-de-cineteatro\/","title":{"rendered":"C\u00e1psulas de cineteatro"},"content":{"rendered":"<p><iframe loading=\"lazy\" title=\"YouTube video player\" src=\"https:\/\/www.youtube.com\/embed\/videoseries?list=PLOH8fLVZUPVBnZ7Pq_g1XsKZy5YHHEaXw\" width=\"560\" height=\"315\" frameborder=\"0\" allowfullscreen=\"allowfullscreen\"><\/iframe><\/p>\n<p>Una propuesta art\u00edstica que indaga en la mezcla entre lenguajes: el TEATRO y el CINE. Cada una de las alumnas ha sido la verdadera autora de cada v\u00eddeo; primero han elegido un mon\u00f3logo, esbozando una idea para una puesta en escena, que luego se ha concretado con la mirada y la co-creaci\u00f3n del equipo t\u00e9cnico\/art\u00edstico. El resultado son unos v\u00eddeos no convencionales, rompedores, en los cuales la est\u00e9tica elegida sugiere un punto de vista diferente a lo que los textos originales suger\u00edan. En palabras de Piermario Salerno, director art\u00edstico de La Escalera Teatro: \u00abHemos querido ser fieles a la idea de una puesta en escena teatral, sirvi\u00e9ndonos del recurso audiovisual en todo su esplendor\u00bb.<\/p>\n<p>Las C\u00e1psulas:<\/p>\n<p><strong><em>JULIETA<\/em><\/strong> sobre Romeo y Julieta.<br \/>\nInt\u00e9rprete: <strong>Alice Friggia<\/strong><\/p>\n<p><strong><em>MAX ESTRELLA<\/em><\/strong> sobre Luces de Bohemia.<br \/>\nInt\u00e9rprete: <strong>Cristian Manzano<\/strong><\/p>\n<p><strong><em>LA NOVIA<\/em><\/strong> sobre Bodas de Sangre.<br \/>\nInt\u00e9rprete: <strong>Pen\u00e9lope Mu\u00f1oz<\/strong><\/p>\n<p><strong><em>LAURENCIA<\/em><\/strong> sobre Fuente Ovejuna.<br \/>\nInt\u00e9rprete: <strong>Luna Montoya<\/strong><\/p>\n<p><strong><em>DO\u00d1A ROSITA y DON ROSITO<\/em> <\/strong>sobre Do\u00f1a Rosita la Soltera.<br \/>\nInt\u00e9rpretes: <strong>Mar\u00eda Jos\u00e9 Malpica y Antonia Corona.<\/strong><\/p>\n","protected":false},"excerpt":{"rendered":"<p>Una propuesta art\u00edstica de la promoci\u00f3n 2020\/2021 de La Escalera Teatro de la Universidad Pablo de Olavide que indaga en la mezcla entre los lenguajes de teatro y cine.<\/p>\n","protected":false},"author":6,"featured_media":30871629,"comment_status":"closed","ping_status":"open","sticky":false,"template":"","format":"video","meta":{"_monsterinsights_skip_tracking":false,"_monsterinsights_sitenote_active":false,"_monsterinsights_sitenote_note":"","_monsterinsights_sitenote_category":0,"footnotes":""},"categories":[6038],"tags":[1386,73,3746],"class_list":["post-30871628","post","type-post","status-publish","format-video","has-post-thumbnail","hentry","category-video","tag-aula-de-teatro","tag-la-escalera-teatro","tag-servicio-de-extension-cultural","post_format-post-format-video"],"_links":{"self":[{"href":"https:\/\/www.upo.es\/diario\/wp-json\/wp\/v2\/posts\/30871628","targetHints":{"allow":["GET"]}}],"collection":[{"href":"https:\/\/www.upo.es\/diario\/wp-json\/wp\/v2\/posts"}],"about":[{"href":"https:\/\/www.upo.es\/diario\/wp-json\/wp\/v2\/types\/post"}],"author":[{"embeddable":true,"href":"https:\/\/www.upo.es\/diario\/wp-json\/wp\/v2\/users\/6"}],"replies":[{"embeddable":true,"href":"https:\/\/www.upo.es\/diario\/wp-json\/wp\/v2\/comments?post=30871628"}],"version-history":[{"count":3,"href":"https:\/\/www.upo.es\/diario\/wp-json\/wp\/v2\/posts\/30871628\/revisions"}],"predecessor-version":[{"id":30871632,"href":"https:\/\/www.upo.es\/diario\/wp-json\/wp\/v2\/posts\/30871628\/revisions\/30871632"}],"wp:featuredmedia":[{"embeddable":true,"href":"https:\/\/www.upo.es\/diario\/wp-json\/wp\/v2\/media\/30871629"}],"wp:attachment":[{"href":"https:\/\/www.upo.es\/diario\/wp-json\/wp\/v2\/media?parent=30871628"}],"wp:term":[{"taxonomy":"category","embeddable":true,"href":"https:\/\/www.upo.es\/diario\/wp-json\/wp\/v2\/categories?post=30871628"},{"taxonomy":"post_tag","embeddable":true,"href":"https:\/\/www.upo.es\/diario\/wp-json\/wp\/v2\/tags?post=30871628"}],"curies":[{"name":"wp","href":"https:\/\/api.w.org\/{rel}","templated":true}]}}