{"id":30871641,"date":"2022-03-25T15:30:34","date_gmt":"2022-03-25T14:30:34","guid":{"rendered":"https:\/\/www.upo.es\/diario\/?p=30871641"},"modified":"2022-03-28T15:14:56","modified_gmt":"2022-03-28T13:14:56","slug":"la-universidad-pablo-de-olavide-celebra-un-encuentro-de-empresas-inclusivas","status":"publish","type":"post","link":"https:\/\/www.upo.es\/diario\/cultura-social\/2022\/03\/la-universidad-pablo-de-olavide-celebra-un-encuentro-de-empresas-inclusivas\/","title":{"rendered":"La Universidad Pablo de Olavide celebra un Encuentro de Empresas Inclusivas"},"content":{"rendered":"<p><img loading=\"lazy\" decoding=\"async\" class=\"aligncenter wp-image-30871642 size-large\" src=\"https:\/\/www.upo.es\/diario\/wp-content\/uploads\/2022\/03\/IMG_8755-scaled-e1648218422991-750x313.jpg\" alt=\"\" width=\"750\" height=\"313\" srcset=\"https:\/\/www.upo.es\/diario\/wp-content\/uploads\/2022\/03\/IMG_8755-scaled-e1648218422991-750x313.jpg 750w, https:\/\/www.upo.es\/diario\/wp-content\/uploads\/2022\/03\/IMG_8755-scaled-e1648218422991-360x150.jpg 360w, https:\/\/www.upo.es\/diario\/wp-content\/uploads\/2022\/03\/IMG_8755-scaled-e1648218422991-768x320.jpg 768w, https:\/\/www.upo.es\/diario\/wp-content\/uploads\/2022\/03\/IMG_8755-scaled-e1648218422991-1536x641.jpg 1536w, https:\/\/www.upo.es\/diario\/wp-content\/uploads\/2022\/03\/IMG_8755-scaled-e1648218422991-2048x854.jpg 2048w, https:\/\/www.upo.es\/diario\/wp-content\/uploads\/2022\/03\/IMG_8755-scaled-e1648218422991-1320x551.jpg 1320w\" sizes=\"auto, (max-width: 750px) 100vw, 750px\" \/>La Universidad Pablo de Olavide ha celebrado hoy, viernes 25 de marzo, un<strong> Encuentro de Empresas Inclusivas<\/strong>. Un acto enmarcado en el<strong> t\u00edtulo propio \u2018Formaci\u00f3n para el empleo y la vida aut\u00f3noma de las personas con discapacidad intelectual\u2019 (FEVIDA)<\/strong> y que ha reunido a representantes de entidades que colaboran o han colaborado en las pr\u00e1cticas de este proyecto formativo a lo largo de sus cinco ediciones.<\/p>\n<figure id=\"attachment_30871644\" aria-describedby=\"caption-attachment-30871644\" style=\"width: 360px\" class=\"wp-caption alignright\"><img loading=\"lazy\" decoding=\"async\" class=\"wp-image-30871644 size-medium\" src=\"https:\/\/www.upo.es\/diario\/wp-content\/uploads\/2022\/03\/IMG_8671-360x240.jpg\" alt=\"\" width=\"360\" height=\"240\" srcset=\"https:\/\/www.upo.es\/diario\/wp-content\/uploads\/2022\/03\/IMG_8671-360x240.jpg 360w, https:\/\/www.upo.es\/diario\/wp-content\/uploads\/2022\/03\/IMG_8671-750x500.jpg 750w\" sizes=\"auto, (max-width: 360px) 100vw, 360px\" \/><figcaption id=\"caption-attachment-30871644\" class=\"wp-caption-text\">Josu\u00e9 Gonz\u00e1lez, Roc\u00edo Reinoso, Rosa D\u00edaz y Julia Cano<\/figcaption><\/figure>\n<p>El encuentro ha estado presidido por la presidenta del Consejo Social de la Universidad Pablo de Olavide, <strong>Roc\u00edo Reinoso Cuevas<\/strong> y por la directora acad\u00e9mica del t\u00edtulo propio, <strong>Rosa D\u00edaz Jim\u00e9nez<\/strong>; y ha contado con la presencia de representantes de las diferentes instituciones y entidades que forman parte de la Red de Empresas Inclusivas.<\/p>\n<p>El objetivo de este acto es, por un lado, formar a los tutores y tutoras acad\u00e9micos de los centros de pr\u00e1cticas sobre los principales aspectos a considerar del proceso de ense\u00f1anza-aprendizaje durante las pr\u00e1cticas del alumnado de FEVIDA, y, por otro lado, reconocer la labor de las empresas que contribuyen a la formaci\u00f3n pr\u00e1ctica de estudiantes de con discapacidad intelectual.<\/p>\n<p>La ma\u00f1ana ha comenzado con un seminario de formaci\u00f3n destinado a tutores y tutoras de los centros de pr\u00e1cticas que ha sido impartido por Vanessa Rodr\u00edguez \u00c1lvarez y Alejandro Hern\u00e1ndez Jaramillo de la Fundaci\u00f3n Altavista. En \u00e9l se han tratado temas como el colectivo de personas con diversidad funcional cognitiva; los objetivos del Programa Universidad en el contexto acad\u00e9mico de FEVIDA; la metodolog\u00eda de empleo con apoyo y funciones de los preparadores y preparadoras laborales; funciones de los tutores y tutoras como figuras de referencia en proceso de aprendizaje y la integraci\u00f3n en las empresas como modelo de plantillas diversas e inclusivas.<\/p>\n<p>Con este encuentro se ha tratado de reconocer la labor de las entidades e instituciones que contribuyen a la formaci\u00f3n pr\u00e1ctica de estudiantes con discapacidad intelectual y que se constituyen como centros de pr\u00e1cticas de este t\u00edtulo propio de la Universidad Pablo de Olavide que est\u00e1 gestionado por la Fundaci\u00f3n UPO.<\/p>\n<p>La Red de Empresas Inclusivas en est\u00e1 formada por la <strong>Asociaci\u00f3n Paz y Bien, Ayuntamiento de Dos Hermanas, Centro Especial de Empleo, Escuela Superior de Hosteler\u00eda, Grupo Hermanos Mart\u00edn, Fundaci\u00f3n Cajasol, ARIC-Erasmus+ Breaking barriers and building bridges, Club Kamale\u00f3n, Sevilla F\u00fatbol Club, Paxis Inclusi\u00f3n, Glow UP Facility Services, Fundaci\u00f3n Altavista, Seren\u00edsima Iberia, Family Diferentt y Bioplagen<\/strong>.<\/p>\n<p>El programa FEVIDA, que celebra este curso su quinta edici\u00f3n, est\u00e1 financiado por la Fundaci\u00f3n ONCE y en \u00e9l diecisiete j\u00f3venes con discapacidad intelectual se forman con el objetivo de conseguir las habilidades necesarias para aumentar sus posibilidades de inserci\u00f3n laboral teniendo como principal objetivo del programa la implicaci\u00f3n de la Universidad en la inclusi\u00f3n social de personas con este tipo de discapacidad a trav\u00e9s de la formaci\u00f3n.<\/p>\n<p>&nbsp;<\/p>\n","protected":false},"excerpt":{"rendered":"<p>La Universidad Pablo de Olavide ha celebrado hoy, viernes 25 de marzo, un Encuentro de Empresas Inclusivas. Un acto enmarcado en el t\u00edtulo propio \u2018Formaci\u00f3n para el empleo y la vida aut\u00f3noma de las personas con discapacidad intelectual\u2019 (FEVIDA) y que ha reunido a representantes de entidades que colaboran o han colaborado en las pr\u00e1cticas de este proyecto formativo a<a class=\"read-more\" href=\"https:\/\/www.upo.es\/diario\/cultura-social\/2022\/03\/la-universidad-pablo-de-olavide-celebra-un-encuentro-de-empresas-inclusivas\/\">[Read More&#8230;]<\/a><\/p>\n","protected":false},"author":6,"featured_media":30871642,"comment_status":"closed","ping_status":"open","sticky":false,"template":"","format":"standard","meta":{"_monsterinsights_skip_tracking":false,"_monsterinsights_sitenote_active":false,"_monsterinsights_sitenote_note":"","_monsterinsights_sitenote_category":0,"footnotes":""},"categories":[5843],"tags":[5056,2878,2474,2540,166],"class_list":["post-30871641","post","type-post","status-publish","format-standard","has-post-thumbnail","hentry","category-cultura-social","tag-fevida","tag-fundacion-once","tag-fundacion-universidad-pablo-de-olavide","tag-inclusion-social","tag-titulo-propio"],"_links":{"self":[{"href":"https:\/\/www.upo.es\/diario\/wp-json\/wp\/v2\/posts\/30871641","targetHints":{"allow":["GET"]}}],"collection":[{"href":"https:\/\/www.upo.es\/diario\/wp-json\/wp\/v2\/posts"}],"about":[{"href":"https:\/\/www.upo.es\/diario\/wp-json\/wp\/v2\/types\/post"}],"author":[{"embeddable":true,"href":"https:\/\/www.upo.es\/diario\/wp-json\/wp\/v2\/users\/6"}],"replies":[{"embeddable":true,"href":"https:\/\/www.upo.es\/diario\/wp-json\/wp\/v2\/comments?post=30871641"}],"version-history":[{"count":3,"href":"https:\/\/www.upo.es\/diario\/wp-json\/wp\/v2\/posts\/30871641\/revisions"}],"predecessor-version":[{"id":30871646,"href":"https:\/\/www.upo.es\/diario\/wp-json\/wp\/v2\/posts\/30871641\/revisions\/30871646"}],"wp:featuredmedia":[{"embeddable":true,"href":"https:\/\/www.upo.es\/diario\/wp-json\/wp\/v2\/media\/30871642"}],"wp:attachment":[{"href":"https:\/\/www.upo.es\/diario\/wp-json\/wp\/v2\/media?parent=30871641"}],"wp:term":[{"taxonomy":"category","embeddable":true,"href":"https:\/\/www.upo.es\/diario\/wp-json\/wp\/v2\/categories?post=30871641"},{"taxonomy":"post_tag","embeddable":true,"href":"https:\/\/www.upo.es\/diario\/wp-json\/wp\/v2\/tags?post=30871641"}],"curies":[{"name":"wp","href":"https:\/\/api.w.org\/{rel}","templated":true}]}}