{"id":30871674,"date":"2022-03-29T14:34:30","date_gmt":"2022-03-29T12:34:30","guid":{"rendered":"https:\/\/www.upo.es\/diario\/?p=30871674"},"modified":"2022-03-31T15:10:54","modified_gmt":"2022-03-31T13:10:54","slug":"presentado-el-libro-colectivo-construyendo-conocimiento-para-una-transformacion-social-inclusiva","status":"publish","type":"post","link":"https:\/\/www.upo.es\/diario\/docencia-formacion\/2022\/03\/presentado-el-libro-colectivo-construyendo-conocimiento-para-una-transformacion-social-inclusiva\/","title":{"rendered":"Presentado el libro colectivo \u2018Construyendo conocimiento para una transformaci\u00f3n social inclusiva\u2019"},"content":{"rendered":"<figure id=\"attachment_30871677\" aria-describedby=\"caption-attachment-30871677\" style=\"width: 750px\" class=\"wp-caption aligncenter\"><a href=\"https:\/\/www.upo.es\/diario\/wp-content\/uploads\/2022\/03\/Presentacion-Libro-Construyendo-Conocimiento-Transf-Social-scaled.jpg\"><img loading=\"lazy\" decoding=\"async\" class=\"size-large wp-image-30871677\" src=\"https:\/\/www.upo.es\/diario\/wp-content\/uploads\/2022\/03\/Presentacion-Libro-Construyendo-Conocimiento-Transf-Social-750x422.jpg\" alt=\"Mar\u00eda Rosa Herrera, Antonia Jim\u00e9nez y Montserrat Caro\" width=\"750\" height=\"422\" srcset=\"https:\/\/www.upo.es\/diario\/wp-content\/uploads\/2022\/03\/Presentacion-Libro-Construyendo-Conocimiento-Transf-Social-750x422.jpg 750w, https:\/\/www.upo.es\/diario\/wp-content\/uploads\/2022\/03\/Presentacion-Libro-Construyendo-Conocimiento-Transf-Social-360x202.jpg 360w, https:\/\/www.upo.es\/diario\/wp-content\/uploads\/2022\/03\/Presentacion-Libro-Construyendo-Conocimiento-Transf-Social-768x432.jpg 768w, https:\/\/www.upo.es\/diario\/wp-content\/uploads\/2022\/03\/Presentacion-Libro-Construyendo-Conocimiento-Transf-Social-1536x864.jpg 1536w, https:\/\/www.upo.es\/diario\/wp-content\/uploads\/2022\/03\/Presentacion-Libro-Construyendo-Conocimiento-Transf-Social-2048x1152.jpg 2048w\" sizes=\"auto, (max-width: 750px) 100vw, 750px\" \/><\/a><figcaption id=\"caption-attachment-30871677\" class=\"wp-caption-text\">Mar\u00eda Rosa Herrera, Antonia Jim\u00e9nez y Montserrat Caro durante la presentaci\u00f3n del libro<\/figcaption><\/figure>\n<p>En el marco de las actividades organizadas por la Universidad Pablo de Olavide con motivo del <a href=\"https:\/\/www.upo.es\/diario\/docencia-formacion\/2022\/03\/la-upo-celebra-el-dia-mundial-del-trabajo-social-con-actividades-institucionales-y-de-divulgacion\/\"><strong>D\u00eda Mundial del Trabajo Social<\/strong><\/a>, que se celebra cada a\u00f1o el tercer martes del mes de marzo, ha sido presentada esta ma\u00f1ana en el Rectorado la obra colectiva <strong>\u2018Construyendo conocimiento para una transformaci\u00f3n social inclusiva. Aportes a la agenda de investigaci\u00f3n del Trabajo Social\u2019<\/strong>. Un libro editado por <strong>Mar\u00eda Rosa Herrera, directora del Departamento de Trabajo Social y Servicios Sociales<\/strong> de la Universidad, en el que participan m\u00e1s de cuarenta investigadores e investigadoras, en su mayor\u00eda de la UPO.<\/p>\n<p><strong>Antonia Jim\u00e9nez<\/strong>, vicerrectora de Investigaci\u00f3n, Transferencia y Doctorado de la UPO, ha presidido la presentaci\u00f3n de un libro que responde al <strong>llamamiento realizado por la Agenda Global de Trabajo Social 2020-2030 con el lema \u2018Construyendo juntos y juntas una transformaci\u00f3n social inclusiva\u2019<\/strong>. De este modo, sus 19 cap\u00edtulos tratan de aportar conocimiento desde la Universidad y el trabajo cient\u00edfico para transformar colectivamente, afrontando los retos del Trabajo Social actualmente. <strong>Montserrat Rosa<\/strong>, directora de la Estrat\u00e9gica Regional Andaluza para la cohesi\u00f3n e inclusi\u00f3n social, ha asistido tambi\u00e9n a la presentaci\u00f3n junto a la editora de la obra Mar\u00eda Rosa Herrera.<\/p>\n<p>\u201cLa investigaci\u00f3n forma parte de ADN del Trabajo Social\u201d ha declarado la directora del Departamento de Trabajo Social y Servicios Sociales de la UPO, quien ha a\u00f1adido que desde el Departamento que dirige se realiza un gran esfuerzo por completar este trabajo con investigaci\u00f3n aplicada mediante convenios y proyectos de colaboraci\u00f3n con empresas y entidades del sector. En este sentido ha abundado Montserrat Rosa, destacando la necesidad de establecer alianzas entre la academia y las administraciones p\u00fablicas, para poder acompa\u00f1ar a las organizaciones, en lo que ha definido como \u201ccolaboraci\u00f3n expandida\u201d.<\/p>\n<p>La vicerrectora de Investigaci\u00f3n de la Universidad Pablo de Olavide ha felicitado por el libro a sus autoras, haci\u00e9ndola extensiva al profesorado del Departamento y de la Facultad de Ciencias Sociales, referente acad\u00e9mico en todo lo que ata\u00f1e a la inclusi\u00f3n social. \u201cLa Universidad tiene mucho que aportar para conseguir espacios m\u00e1s inclusivos. Estamos inmersos en procesos de cambio muy profundos y el Trabajo Social es indispensable para no dejar atr\u00e1s a las personas m\u00e1s vulnerables, a la vez que necesario para construir un futuro inclusivo y sostenible\u201d, ha concluido.<\/p>\n<p><a href=\"https:\/\/editorial.tirant.com\/es\/libro\/construyendo-conocimiento-para-una-transformacion-social-inclusiva-aportes-a-la-agenda-de-investigacion-del-trabajo-social-maria-rosa-herrera-gutierrez-9788419071422\"><img loading=\"lazy\" decoding=\"async\" class=\"alignright size-medium wp-image-30871676\" src=\"https:\/\/www.upo.es\/diario\/wp-content\/uploads\/2022\/03\/Construyendo-conocimiento-transformacion-social_portada-251x360.png\" alt=\"\" width=\"251\" height=\"360\" srcset=\"https:\/\/www.upo.es\/diario\/wp-content\/uploads\/2022\/03\/Construyendo-conocimiento-transformacion-social_portada-251x360.png 251w, https:\/\/www.upo.es\/diario\/wp-content\/uploads\/2022\/03\/Construyendo-conocimiento-transformacion-social_portada-522x750.png 522w, https:\/\/www.upo.es\/diario\/wp-content\/uploads\/2022\/03\/Construyendo-conocimiento-transformacion-social_portada.png 683w\" sizes=\"auto, (max-width: 251px) 100vw, 251px\" \/><\/a><strong>\u2018Construyendo conocimiento para una transformaci\u00f3n social inclusiva\u2019<\/strong> se divide en tres partes. En la primera, \u2018Los desaf\u00edos de la investigaci\u00f3n en Trabajo Social\u2019, se aborda en tres cap\u00edtulos la investigaci\u00f3n social aplicada, la generaci\u00f3n de conocimiento y la multidisciplinariedad en este campo. La segunda parte es la m\u00e1s extensa del libro y est\u00e1 dedicada a las aportaciones a la intervenci\u00f3n; compuesta de trece cap\u00edtulos, en ella se estudian a trav\u00e9s de estudios emp\u00edricos casos concretos como el desplazamiento de europeos del este a Andaluc\u00eda, estrategias de intervenci\u00f3n relacionadas con las drogodependencias, la violencia de g\u00e9nero o la atenci\u00f3n a las personas cuidadoras; y an\u00e1lisis sobre la renta b\u00e1sica o los centros de servicios sociales comunitarios de Andaluc\u00eda. Por \u00faltimo, la tercera parte lleva por t\u00edtulo \u2018Abriendo nuevos caminos: investigaci\u00f3n nobel\u2019; tres cap\u00edtulos dedicados al retorno social de la inversi\u00f3n en Trabajo Social, el autoconocimiento como factor de prevenci\u00f3n en la violencia de g\u00e9nero y un an\u00e1lisis de las violencias hacia mujeres con discapacidad en revistas cient\u00edficas.<\/p>\n<p><strong>Referencia:<\/strong><\/p>\n<p>Herrera, M. R. (Ed.). (2022). <em><a href=\"https:\/\/editorial.tirant.com\/es\/libro\/construyendo-conocimiento-para-una-transformacion-social-inclusiva-aportes-a-la-agenda-de-investigacion-del-trabajo-social-maria-rosa-herrera-gutierrez-9788419071422\">Construyendo conocimiento para una transformaci\u00f3n social inclusiva. Aportes a la agenda de investigaci\u00f3n del Trabajo Social<\/a> <\/em>(1<sup>a<\/sup> Edici\u00f3n). Tirant lo Blanch.<\/p>\n","protected":false},"excerpt":{"rendered":"<p>En el marco de las actividades organizadas por la Universidad Pablo de Olavide con motivo del D\u00eda Mundial del Trabajo Social, que se celebra cada a\u00f1o el tercer martes del mes de marzo, ha sido presentada esta ma\u00f1ana en el Rectorado la obra colectiva \u2018Construyendo conocimiento para una transformaci\u00f3n social inclusiva. Aportes a la agenda de investigaci\u00f3n del Trabajo Social\u2019. Un libro editado por Mar\u00eda Rosa Herrera, directora del Departamento de Trabajo Social y Servicios Sociales de la Universidad, en el que participan m\u00e1s de cuarenta investigadores e investigadoras, en su mayor\u00eda de la UPO. <\/p>\n","protected":false},"author":6,"featured_media":30871677,"comment_status":"closed","ping_status":"open","sticky":false,"template":"","format":"standard","meta":{"_monsterinsights_skip_tracking":false,"_monsterinsights_sitenote_active":false,"_monsterinsights_sitenote_note":"","_monsterinsights_sitenote_category":0,"footnotes":""},"categories":[2779],"tags":[4504,5860,970,56,333,103,2191],"class_list":["post-30871674","post","type-post","status-publish","format-standard","has-post-thumbnail","hentry","category-docencia-formacion","tag-antonia-jimenez","tag-dia-mundial-del-trabajo-social","tag-divulgacion","tag-investigacion","tag-libro","tag-trabajo-social","tag-trabajo-social-y-servicios-sociales"],"_links":{"self":[{"href":"https:\/\/www.upo.es\/diario\/wp-json\/wp\/v2\/posts\/30871674","targetHints":{"allow":["GET"]}}],"collection":[{"href":"https:\/\/www.upo.es\/diario\/wp-json\/wp\/v2\/posts"}],"about":[{"href":"https:\/\/www.upo.es\/diario\/wp-json\/wp\/v2\/types\/post"}],"author":[{"embeddable":true,"href":"https:\/\/www.upo.es\/diario\/wp-json\/wp\/v2\/users\/6"}],"replies":[{"embeddable":true,"href":"https:\/\/www.upo.es\/diario\/wp-json\/wp\/v2\/comments?post=30871674"}],"version-history":[{"count":4,"href":"https:\/\/www.upo.es\/diario\/wp-json\/wp\/v2\/posts\/30871674\/revisions"}],"predecessor-version":[{"id":30871680,"href":"https:\/\/www.upo.es\/diario\/wp-json\/wp\/v2\/posts\/30871674\/revisions\/30871680"}],"wp:featuredmedia":[{"embeddable":true,"href":"https:\/\/www.upo.es\/diario\/wp-json\/wp\/v2\/media\/30871677"}],"wp:attachment":[{"href":"https:\/\/www.upo.es\/diario\/wp-json\/wp\/v2\/media?parent=30871674"}],"wp:term":[{"taxonomy":"category","embeddable":true,"href":"https:\/\/www.upo.es\/diario\/wp-json\/wp\/v2\/categories?post=30871674"},{"taxonomy":"post_tag","embeddable":true,"href":"https:\/\/www.upo.es\/diario\/wp-json\/wp\/v2\/tags?post=30871674"}],"curies":[{"name":"wp","href":"https:\/\/api.w.org\/{rel}","templated":true}]}}