{"id":30871731,"date":"2022-03-30T08:10:00","date_gmt":"2022-03-30T06:10:00","guid":{"rendered":"https:\/\/www.upo.es\/diario\/?p=30871731"},"modified":"2022-03-30T12:11:39","modified_gmt":"2022-03-30T10:11:39","slug":"comida-sin-masticar-divulgacion-y-teatro-por-el-proyecto-no-todo-es-ciencia","status":"publish","type":"post","link":"https:\/\/www.upo.es\/diario\/cultura\/2022\/03\/comida-sin-masticar-divulgacion-y-teatro-por-el-proyecto-no-todo-es-ciencia\/","title":{"rendered":"&#8216;Comida sin masticar&#8217;, divulgaci\u00f3n y teatro por el proyecto \u00a1No Todo es Ciencia!"},"content":{"rendered":"<p><a href=\"https:\/\/www.upo.es\/diario\/wp-content\/uploads\/2022\/03\/Comida-sin-Masticar_20220331.jpg\"><img loading=\"lazy\" decoding=\"async\" class=\"alignright wp-image-30871734\" src=\"https:\/\/www.upo.es\/diario\/wp-content\/uploads\/2022\/03\/Comida-sin-Masticar_20220331-360x270.jpg\" alt=\"Comida sin masticar\" width=\"400\" height=\"300\" srcset=\"https:\/\/www.upo.es\/diario\/wp-content\/uploads\/2022\/03\/Comida-sin-Masticar_20220331-360x270.jpg 360w, https:\/\/www.upo.es\/diario\/wp-content\/uploads\/2022\/03\/Comida-sin-Masticar_20220331-750x563.jpg 750w, https:\/\/www.upo.es\/diario\/wp-content\/uploads\/2022\/03\/Comida-sin-Masticar_20220331-768x576.jpg 768w, https:\/\/www.upo.es\/diario\/wp-content\/uploads\/2022\/03\/Comida-sin-Masticar_20220331.jpg 800w\" sizes=\"auto, (max-width: 400px) 100vw, 400px\" \/><\/a>El<strong> proyecto \u00a1No Todo es Ciencia!<\/strong> presenta este jueves <strong>31 de marzo a las 19:30 horas, en el sal\u00f3n de actos del Centro C\u00edvico Cerro del \u00c1guila<\/strong> (C\/ Salvador T\u00e1vora, 1), el espect\u00e1culo &#8216;Comida sin masticar&#8217;, segunda sesi\u00f3n del ciclo Cultura M\u00ednima 2022, programado por el Servicio de Extensi\u00f3n Cultural de la Universidad Pablo de Olavide.<\/p>\n<p><strong>&#8216;Comida sin masticar&#8217;<\/strong> a\u00fana divulgaci\u00f3n y teatro, en una propuesta que trata de conectar con el p\u00fablico a trav\u00e9s de esta indagaci\u00f3n formal para facilitar el conocimiento, y con ello la comprensi\u00f3n, de los trastornos de la conducta alimentaria.<\/p>\n<p><a href=\"https:\/\/www.notodoesciencia.es\/\">\u00a1No Todo es Ciencia!<\/a> es un proyecto de divulgaci\u00f3n cient\u00edfica y pensamiento cr\u00edtico centrado prioritariamente en\u00a0 la salud. Su objetivo principal es proporcionar\u00a0herramientas a la poblaci\u00f3n para que esta pueda discernir entre informaciones veraces o fraudulentas.<\/p>\n<h3><em>Comida sin masticar<\/em><\/h3>\n<p><strong><a href=\"https:\/\/www.upo.es\/diario\/wp-content\/uploads\/2020\/12\/Cultura-Minima_logo.png\"><img loading=\"lazy\" decoding=\"async\" class=\"alignright size-medium wp-image-30863479\" src=\"https:\/\/www.upo.es\/diario\/wp-content\/uploads\/2020\/12\/Cultura-Minima_logo-355x360.png\" alt=\"\" width=\"355\" height=\"360\" srcset=\"https:\/\/www.upo.es\/diario\/wp-content\/uploads\/2020\/12\/Cultura-Minima_logo-355x360.png 355w, https:\/\/www.upo.es\/diario\/wp-content\/uploads\/2020\/12\/Cultura-Minima_logo.png 528w\" sizes=\"auto, (max-width: 355px) 100vw, 355px\" \/><\/a>31 de marzo de 2022<\/strong><br \/>\n<strong>19:30 horas<\/strong><br \/>\n<strong>Centro C\u00edvico Cerro del \u00c1guila<\/strong><br \/>\n(C\/ Salvador T\u00e1vora, 1)<\/p>\n<p><strong>Entrada libre y gratuita hasta completar el aforo<\/strong>.<\/p>\n<p>M\u00e1s informaci\u00f3n: <a href=\"https:\/\/www.upo.es\/upsc\/extension_cultural\/cultura-minima\/\">www.upo.es\/upsc\/extension_cultural\/cultura-minima<\/a><\/p>\n","protected":false},"excerpt":{"rendered":"<p>El proyecto \u00a1No Todo es Ciencia! presenta este jueves 31 de marzo a las 19:30 horas, en el sal\u00f3n de actos del Centro C\u00edvico Cerro del \u00c1guila (C\/ Salvador T\u00e1vora, 1), el espect\u00e1culo &#8216;Comida sin masticar&#8217;, segunda sesi\u00f3n del ciclo Cultura M\u00ednima 2022, programado por el Servicio de Extensi\u00f3n Cultural de la Universidad Pablo de Olavide.<\/p>\n","protected":false},"author":6,"featured_media":30871734,"comment_status":"closed","ping_status":"open","sticky":false,"template":"","format":"standard","meta":{"_monsterinsights_skip_tracking":false,"_monsterinsights_sitenote_active":false,"_monsterinsights_sitenote_note":"","_monsterinsights_sitenote_category":0,"footnotes":""},"categories":[7],"tags":[674,3869,2645,218,3746,95],"class_list":["post-30871731","post","type-post","status-publish","format-standard","has-post-thumbnail","hentry","category-cultura","tag-alimentacion","tag-cultura-minima","tag-divulgacion-cientifica","tag-salud","tag-servicio-de-extension-cultural","tag-teatro"],"_links":{"self":[{"href":"https:\/\/www.upo.es\/diario\/wp-json\/wp\/v2\/posts\/30871731","targetHints":{"allow":["GET"]}}],"collection":[{"href":"https:\/\/www.upo.es\/diario\/wp-json\/wp\/v2\/posts"}],"about":[{"href":"https:\/\/www.upo.es\/diario\/wp-json\/wp\/v2\/types\/post"}],"author":[{"embeddable":true,"href":"https:\/\/www.upo.es\/diario\/wp-json\/wp\/v2\/users\/6"}],"replies":[{"embeddable":true,"href":"https:\/\/www.upo.es\/diario\/wp-json\/wp\/v2\/comments?post=30871731"}],"version-history":[{"count":4,"href":"https:\/\/www.upo.es\/diario\/wp-json\/wp\/v2\/posts\/30871731\/revisions"}],"predecessor-version":[{"id":30871736,"href":"https:\/\/www.upo.es\/diario\/wp-json\/wp\/v2\/posts\/30871731\/revisions\/30871736"}],"wp:featuredmedia":[{"embeddable":true,"href":"https:\/\/www.upo.es\/diario\/wp-json\/wp\/v2\/media\/30871734"}],"wp:attachment":[{"href":"https:\/\/www.upo.es\/diario\/wp-json\/wp\/v2\/media?parent=30871731"}],"wp:term":[{"taxonomy":"category","embeddable":true,"href":"https:\/\/www.upo.es\/diario\/wp-json\/wp\/v2\/categories?post=30871731"},{"taxonomy":"post_tag","embeddable":true,"href":"https:\/\/www.upo.es\/diario\/wp-json\/wp\/v2\/tags?post=30871731"}],"curies":[{"name":"wp","href":"https:\/\/api.w.org\/{rel}","templated":true}]}}