{"id":30871898,"date":"2022-04-02T15:23:06","date_gmt":"2022-04-02T13:23:06","guid":{"rendered":"https:\/\/www.upo.es\/diario\/?p=30871898"},"modified":"2022-04-06T18:00:57","modified_gmt":"2022-04-06T16:00:57","slug":"fatima-ramirez-y-said-elbouchikhi-ganadores-de-la-vi-edicion-de-la-carrera-popular-de-la-upo","status":"publish","type":"post","link":"https:\/\/www.upo.es\/diario\/comunidad\/2022\/04\/fatima-ramirez-y-said-elbouchikhi-ganadores-de-la-vi-edicion-de-la-carrera-popular-de-la-upo\/","title":{"rendered":"F\u00e1tima Ram\u00edrez y Said Elbouchikhi ganadores de la VI edici\u00f3n de la carrera popular de la UPO  \u00a0"},"content":{"rendered":"<p><a href=\"https:\/\/www.upo.es\/diario\/wp-content\/uploads\/2022\/04\/VI-Carrera-Popular-1-scaled.jpeg\"><img loading=\"lazy\" decoding=\"async\" class=\"size-medium wp-image-30871901 alignright\" src=\"https:\/\/www.upo.es\/diario\/wp-content\/uploads\/2022\/04\/VI-Carrera-Popular-1-360x240.jpeg\" alt=\"\" width=\"360\" height=\"240\" srcset=\"https:\/\/www.upo.es\/diario\/wp-content\/uploads\/2022\/04\/VI-Carrera-Popular-1-360x240.jpeg 360w, https:\/\/www.upo.es\/diario\/wp-content\/uploads\/2022\/04\/VI-Carrera-Popular-1-750x500.jpeg 750w, https:\/\/www.upo.es\/diario\/wp-content\/uploads\/2022\/04\/VI-Carrera-Popular-1-768x512.jpeg 768w\" sizes=\"auto, (max-width: 360px) 100vw, 360px\" \/><\/a>El campus de la Universidad Pablo de Olavide ha lucido hoy sus mejores galas para acoger la VI edici\u00f3n de la Carrera Popular de la Universidad. Un evento deportivo que ha congregado a cientos de corredores y que ha estado organizado por el Vicerrectorado de Campus Saludable y Deporte y el Servicio de Deportes de la Universidad.<\/p>\n<p>Tras dos a\u00f1os de par\u00f3n por la pandemia, en el evento ha participado numeroso p\u00fablico que ha podido disfrutar de una jornada deportiva en un ambiente l\u00fadico y festivo. Mientras los adultos corr\u00edan, los m\u00e1s peque\u00f1os han podido divertirse en un espacio dedicado a las manualidades.<\/p>\n<p>Desde primera hora de la ma\u00f1ana, la Plaza de Am\u00e9rica de la UPO empez\u00f3 a acoger a los primeros corredores y sus acompa\u00f1antes, que iban llegando poco a poco para realizar sus calentamientos. Este a\u00f1o, como novedad, el Servicio de Deportes ha programado un calentamiento previo dirigido para todos los corredores y corredoras que se han dado cita con antelaci\u00f3n. Tras este calentamiento, los corredores empezaban a tomar posiciones en torno al arco de meta.<\/p>\n<p><a href=\"https:\/\/www.upo.es\/diario\/wp-content\/uploads\/2022\/04\/VI-Carrera-Popular-2-scaled.jpeg\"><img loading=\"lazy\" decoding=\"async\" class=\"size-medium wp-image-30871902 alignright\" src=\"https:\/\/www.upo.es\/diario\/wp-content\/uploads\/2022\/04\/VI-Carrera-Popular-2-360x240.jpeg\" alt=\"\" width=\"360\" height=\"240\" srcset=\"https:\/\/www.upo.es\/diario\/wp-content\/uploads\/2022\/04\/VI-Carrera-Popular-2-360x240.jpeg 360w, https:\/\/www.upo.es\/diario\/wp-content\/uploads\/2022\/04\/VI-Carrera-Popular-2-750x500.jpeg 750w, https:\/\/www.upo.es\/diario\/wp-content\/uploads\/2022\/04\/VI-Carrera-Popular-2-768x512.jpeg 768w, https:\/\/www.upo.es\/diario\/wp-content\/uploads\/2022\/04\/VI-Carrera-Popular-2-1536x1024.jpeg 1536w\" sizes=\"auto, (max-width: 360px) 100vw, 360px\" \/><\/a>A las 11 horas, el vicerrector de Estrategia y Planificaci\u00f3n Acad\u00e9mica, Jos\u00e9 Antonio S\u00e1nchez Medina, y la presidenta del Consejo Social de la UPO, Roc\u00edo Reinoso Cuevas, han dado el pistoletazo de salida a los corredores y corredoras que han participado en esta VI Carrera Popular. En menos de media hora llegaba el ganador de la carrera en categor\u00eda masculina, Said Elbouchikhi, del club ASM Marchena, con un tiempo de 00:25:07. Le han seguido los atletas, Rub\u00e9n \u00c1lvarez, con un tiempo de 00:25:09, y Sergio Santiago, que ha hecho la carrera en 00:26:05.<\/p>\n<p>Por su parte, en categor\u00eda femenina, la primera en llegar ha sido F\u00e1tima Ram\u00edrez, del Club Cueva de Nerja, que ha hecho en un tiempo de 00:31:53, seguida de Cintia S\u00e1nchez e Inmaculada Ram\u00edrez, que han marcado un tiempo de 00:32:50 y 00:34:32, respectivamente.<\/p>\n<p>Entre los premiados se ha reconocido tambi\u00e9n a los clubes con mayor n\u00famero de participantes que en esta ocasi\u00f3n han sido Orippo, en primer lugar; AD Sevilla, en segundo lugar; y CCRD Ferroviario Sevilla, en tercer lugar.<\/p>\n<p>Adem\u00e1s, entre los participantes en este evento deportivo y solidario se ha podido ver a grupos de amigos, compa\u00f1eros de trabajo, parejas y familias con ni\u00f1os que no han querido perderse la cita y disfrutar de esta carrera solidaria, donde se ha hecho entrega a la Asociaci\u00f3n de Enfermos de Patolog\u00edas Mitocondriales (AEPMI) de un cheque de 1.000 un euro por cada una de las personas que se han inscrito a este evento, adem\u00e1s de las donaciones al dorsal 0. Todo ello amenizado con m\u00fasica por parte del speaker Juan Garrido Acevedo.<\/p>\n<p>Una carrera sin incidencias que ha finalizado con un reconocimiento a corredores de la entidad beneficiaria y tambi\u00e9n al alumnado del t\u00edtulo propio de la UPO \u2018Formaci\u00f3n para el empleo y la vida aut\u00f3noma de personas con discapacidad intelectual\u2019 mostrando as\u00ed el compromiso de la universidad con la inclusi\u00f3n plena. Por \u00faltimo y para cerrar el evento se ha hecho un sorteo de regalos donados por la Fundaci\u00f3n Sevilla F.C y una camiseta de la Selecci\u00f3n Espa\u00f1ola cortes\u00eda de Higinio Rivero, subcampe\u00f3n de Europa y del Mundo en 2021 y sexto en los Juegos Paral\u00edmpicos de Tokio en categor\u00eda VL2 de pirag\u00fcismo.<\/p>\n<p>Esta carrera, gestionada por la Fundaci\u00f3n Universidad Pablo de Olavide a trav\u00e9s del Servicio de Deportes, est\u00e1 financiada con la colaboraci\u00f3n de la Diputaci\u00f3n de Sevilla, el Ayuntamiento de Dos Hermanas, el Consejo Social de la UPO, y Metro de Sevilla. Entre las entidades colaboradoras se encuentra El Corte Ingl\u00e9s, Instituto Municipal de Deportes del Ayuntamiento de Sevilla, Coca-Cola, Carrefour, Ilunion, Rroppas S.L, y Fundaci\u00f3n Sevilla FC. Adem\u00e1s, en esta edici\u00f3n cuenta como medios colaboradores con Estadio Deportivo, Cadena COPE, Europa FM, Cadena Ser y Diario de Sevilla.<\/p>\n<p>&nbsp;<\/p>\n","protected":false},"excerpt":{"rendered":"<p>El campus de la Universidad Pablo de Olavide ha lucido hoy sus mejores galas para acoger la VI edici\u00f3n de la Carrera Popular de la Universidad. Un evento deportivo que ha congregado a cientos de corredores y que ha estado organizado por el Vicerrectorado de Campus Saludable y Deporte y el Servicio de Deportes de la universidad.<\/p>\n","protected":false},"author":15,"featured_media":30871901,"comment_status":"closed","ping_status":"open","sticky":false,"template":"","format":"standard","meta":{"_monsterinsights_skip_tracking":false,"_monsterinsights_sitenote_active":false,"_monsterinsights_sitenote_note":"","_monsterinsights_sitenote_category":0,"footnotes":""},"categories":[5842],"tags":[6596,1947,492,7071,7253],"class_list":["post-30871898","post","type-post","status-publish","format-standard","has-post-thumbnail","hentry","category-comunidad","tag-aepmi","tag-ganadores","tag-servicio-de-deportes","tag-vi-carrera-popular","tag-vicerrectorado-de-campus-saludable-y-deporte"],"_links":{"self":[{"href":"https:\/\/www.upo.es\/diario\/wp-json\/wp\/v2\/posts\/30871898","targetHints":{"allow":["GET"]}}],"collection":[{"href":"https:\/\/www.upo.es\/diario\/wp-json\/wp\/v2\/posts"}],"about":[{"href":"https:\/\/www.upo.es\/diario\/wp-json\/wp\/v2\/types\/post"}],"author":[{"embeddable":true,"href":"https:\/\/www.upo.es\/diario\/wp-json\/wp\/v2\/users\/15"}],"replies":[{"embeddable":true,"href":"https:\/\/www.upo.es\/diario\/wp-json\/wp\/v2\/comments?post=30871898"}],"version-history":[{"count":1,"href":"https:\/\/www.upo.es\/diario\/wp-json\/wp\/v2\/posts\/30871898\/revisions"}],"predecessor-version":[{"id":30871903,"href":"https:\/\/www.upo.es\/diario\/wp-json\/wp\/v2\/posts\/30871898\/revisions\/30871903"}],"wp:featuredmedia":[{"embeddable":true,"href":"https:\/\/www.upo.es\/diario\/wp-json\/wp\/v2\/media\/30871901"}],"wp:attachment":[{"href":"https:\/\/www.upo.es\/diario\/wp-json\/wp\/v2\/media?parent=30871898"}],"wp:term":[{"taxonomy":"category","embeddable":true,"href":"https:\/\/www.upo.es\/diario\/wp-json\/wp\/v2\/categories?post=30871898"},{"taxonomy":"post_tag","embeddable":true,"href":"https:\/\/www.upo.es\/diario\/wp-json\/wp\/v2\/tags?post=30871898"}],"curies":[{"name":"wp","href":"https:\/\/api.w.org\/{rel}","templated":true}]}}