{"id":30871911,"date":"2022-04-04T15:03:26","date_gmt":"2022-04-04T13:03:26","guid":{"rendered":"https:\/\/www.upo.es\/diario\/?p=30871911"},"modified":"2022-04-18T10:07:18","modified_gmt":"2022-04-18T08:07:18","slug":"bicicletas-electricas-lime-campus","status":"publish","type":"post","link":"https:\/\/www.upo.es\/diario\/comunidad\/2022\/04\/bicicletas-electricas-lime-campus\/","title":{"rendered":"El servicio de alquiler de bicicletas el\u00e9ctricas Lime cuenta desde este lunes con tres estacionamientos en el campus de la UPO"},"content":{"rendered":"<figure id=\"attachment_30871913\" aria-describedby=\"caption-attachment-30871913\" style=\"width: 750px\" class=\"wp-caption aligncenter\"><a href=\"https:\/\/www.upo.es\/diario\/wp-content\/uploads\/2022\/04\/eBike-Lime-scaled.jpg\"><img loading=\"lazy\" decoding=\"async\" class=\"size-large wp-image-30871913\" src=\"https:\/\/www.upo.es\/diario\/wp-content\/uploads\/2022\/04\/eBike-Lime-750x500.jpg\" alt=\"\" width=\"750\" height=\"500\" srcset=\"https:\/\/www.upo.es\/diario\/wp-content\/uploads\/2022\/04\/eBike-Lime-750x500.jpg 750w, https:\/\/www.upo.es\/diario\/wp-content\/uploads\/2022\/04\/eBike-Lime-360x240.jpg 360w, https:\/\/www.upo.es\/diario\/wp-content\/uploads\/2022\/04\/eBike-Lime-768x512.jpg 768w, https:\/\/www.upo.es\/diario\/wp-content\/uploads\/2022\/04\/eBike-Lime-1536x1024.jpg 1536w, https:\/\/www.upo.es\/diario\/wp-content\/uploads\/2022\/04\/eBike-Lime-2048x1365.jpg 2048w\" sizes=\"auto, (max-width: 750px) 100vw, 750px\" \/><\/a><figcaption id=\"caption-attachment-30871913\" class=\"wp-caption-text\">M\u00aa Jos\u00e9 Molina, t\u00e9cnico de Medio Ambiente de la UPO; Antonio Gallardo, delegado del rector para el Campus Sostenible, y Luis Villagarc\u00eda, director de CEI CamBio, en el aparcamiento frente a la Biblioteca<\/figcaption><\/figure>\n<p>Las bicicletas el\u00e9ctricas de alquiler ofrecidas por la empresa Lime en Sevilla pueden utilizarse desde hoy lunes para desplazarse al campus y desde este a la ciudad; gracias a una iniciativa impulsada por la <strong>Delegaci\u00f3n del rector para el Campus Sostenible<\/strong> de la Universidad Pablo de Olavide y por el proyecto<strong>\u00a0Campus de Excelencia Internacional de Medio Ambiente, Biodiversidad y Cambio Global (CEI CamBio)<\/strong>.<\/p>\n<figure id=\"attachment_30871915\" aria-describedby=\"caption-attachment-30871915\" style=\"width: 360px\" class=\"wp-caption alignright\"><a href=\"https:\/\/www.upo.es\/diario\/wp-content\/uploads\/2022\/04\/eBike-Lime-2-scaled.jpg\"><img loading=\"lazy\" decoding=\"async\" class=\"wp-image-30871915 size-medium\" src=\"https:\/\/www.upo.es\/diario\/wp-content\/uploads\/2022\/04\/eBike-Lime-2-360x240.jpg\" alt=\"\" width=\"360\" height=\"240\" srcset=\"https:\/\/www.upo.es\/diario\/wp-content\/uploads\/2022\/04\/eBike-Lime-2-360x240.jpg 360w, https:\/\/www.upo.es\/diario\/wp-content\/uploads\/2022\/04\/eBike-Lime-2-750x500.jpg 750w, https:\/\/www.upo.es\/diario\/wp-content\/uploads\/2022\/04\/eBike-Lime-2-768x512.jpg 768w, https:\/\/www.upo.es\/diario\/wp-content\/uploads\/2022\/04\/eBike-Lime-2-1536x1024.jpg 1536w, https:\/\/www.upo.es\/diario\/wp-content\/uploads\/2022\/04\/eBike-Lime-2-2048x1365.jpg 2048w, https:\/\/www.upo.es\/diario\/wp-content\/uploads\/2022\/04\/eBike-Lime-2-165x109.jpg 165w, https:\/\/www.upo.es\/diario\/wp-content\/uploads\/2022\/04\/eBike-Lime-2-1320x880.jpg 1320w\" sizes=\"auto, (max-width: 360px) 100vw, 360px\" \/><\/a><figcaption id=\"caption-attachment-30871915\" class=\"wp-caption-text\">Bicicletas de Lime en el Parking 8<\/figcaption><\/figure>\n<p>Las bicicletas estar\u00e1n disponibles en el campus UPO junto a la estaci\u00f3n de Metro, frente a la Biblioteca\/CRAI y en el parking n\u00famero 8, situado entre los edificios 2 y 6. Lime ofrecer\u00e1 descuentos hasta el 18 de abril a trav\u00e9s del c\u00f3digo <strong>UPOXLIME<\/strong> (los primeros 3 viajes de 10 minutos ser\u00e1n gratuitos); y tanto estudiantes como profesorado y personal de administraci\u00f3n obtendr\u00e1n ventajas para utilizar sus bicicletas el\u00e9ctricas utilizando el <strong>correo UPO para darse de alta<\/strong> en esta plataforma de movilidad urbana.<\/p>\n<p>La Universidad Pablo de Olavide apuesta por un transporte sostenible, una de las claves para lograr los retos del <strong>objetivo 11 de la Agenda 2030 de Naciones Unidas, <em>Ciudades y Comunidades Sostenibles<\/em><\/strong>. El transporte constituye una de las actividades principales para reducir las emisiones de CO2, y para ello desde la Delegaci\u00f3n del rector para el Campus Sostenible se ha impulsado asimismo la <a href=\"https:\/\/www.upo.es\/diario\/comunidad\/2021\/09\/transporte-sostenible-aplicacion-hoop-carpool\/\">aplicaci\u00f3n para compartir coche Hoop Carpool<\/a>.<\/p>\n<p>M\u00e1s informaci\u00f3n: <strong><a href=\"http:\/\/www.li.me\/es\">www.li.me\/es<\/a><\/strong><\/p>\n","protected":false},"excerpt":{"rendered":"<p>Las bicicletas el\u00e9ctricas de alquiler ofrecidas por la empresa Lime en Sevilla pueden utilizarse desde hoy lunes para desplazarse al campus y desde este a la ciudad; gracias a una iniciativa impulsada por la Delegaci\u00f3n del rector para el Campus Sostenible de la Universidad Pablo de Olavide y CEI CamBio. Las bicicletas estar\u00e1n disponibles en la estaci\u00f3n de Metro, en la Biblioteca\/CRAI y en el parking n\u00famero 8.<\/p>\n","protected":false},"author":6,"featured_media":30871913,"comment_status":"closed","ping_status":"open","sticky":false,"template":"","format":"standard","meta":{"_monsterinsights_skip_tracking":false,"_monsterinsights_sitenote_active":false,"_monsterinsights_sitenote_note":"","_monsterinsights_sitenote_category":0,"footnotes":""},"categories":[5842],"tags":[1469,2897,7001,934,5113,161,832,3550],"class_list":["post-30871911","post","type-post","status-publish","format-standard","has-post-thumbnail","hentry","category-comunidad","tag-antonio-gallardo","tag-bicicletas","tag-luis-villagarcia","tag-movilidad-urbana","tag-proyecto-cei-cambio","tag-sevilla","tag-sostenibilidad","tag-transporte"],"_links":{"self":[{"href":"https:\/\/www.upo.es\/diario\/wp-json\/wp\/v2\/posts\/30871911","targetHints":{"allow":["GET"]}}],"collection":[{"href":"https:\/\/www.upo.es\/diario\/wp-json\/wp\/v2\/posts"}],"about":[{"href":"https:\/\/www.upo.es\/diario\/wp-json\/wp\/v2\/types\/post"}],"author":[{"embeddable":true,"href":"https:\/\/www.upo.es\/diario\/wp-json\/wp\/v2\/users\/6"}],"replies":[{"embeddable":true,"href":"https:\/\/www.upo.es\/diario\/wp-json\/wp\/v2\/comments?post=30871911"}],"version-history":[{"count":9,"href":"https:\/\/www.upo.es\/diario\/wp-json\/wp\/v2\/posts\/30871911\/revisions"}],"predecessor-version":[{"id":30871922,"href":"https:\/\/www.upo.es\/diario\/wp-json\/wp\/v2\/posts\/30871911\/revisions\/30871922"}],"wp:featuredmedia":[{"embeddable":true,"href":"https:\/\/www.upo.es\/diario\/wp-json\/wp\/v2\/media\/30871913"}],"wp:attachment":[{"href":"https:\/\/www.upo.es\/diario\/wp-json\/wp\/v2\/media?parent=30871911"}],"wp:term":[{"taxonomy":"category","embeddable":true,"href":"https:\/\/www.upo.es\/diario\/wp-json\/wp\/v2\/categories?post=30871911"},{"taxonomy":"post_tag","embeddable":true,"href":"https:\/\/www.upo.es\/diario\/wp-json\/wp\/v2\/tags?post=30871911"}],"curies":[{"name":"wp","href":"https:\/\/api.w.org\/{rel}","templated":true}]}}