{"id":30871953,"date":"2022-04-06T11:48:05","date_gmt":"2022-04-06T09:48:05","guid":{"rendered":"https:\/\/www.upo.es\/diario\/?p=30871953"},"modified":"2022-04-06T12:11:31","modified_gmt":"2022-04-06T10:11:31","slug":"la-musica-callada-un-espectaculo-inclusivo-de-fusion-musical-por-el-coro-de-la-upo","status":"publish","type":"post","link":"https:\/\/www.upo.es\/diario\/cultura\/2022\/04\/la-musica-callada-un-espectaculo-inclusivo-de-fusion-musical-por-el-coro-de-la-upo\/","title":{"rendered":"&#8216;La M\u00fasica Callada&#8217;, un espect\u00e1culo inclusivo de fusi\u00f3n musical por el Coro de la UPO"},"content":{"rendered":"<p><em><strong><a href=\"https:\/\/www.upo.es\/diario\/wp-content\/uploads\/2022\/04\/MusicaCallada-CulturaMinima.png\"><img loading=\"lazy\" decoding=\"async\" class=\"aligncenter size-large wp-image-30871954\" src=\"https:\/\/www.upo.es\/diario\/wp-content\/uploads\/2022\/04\/MusicaCallada-CulturaMinima-750x532.png\" alt=\"M\u00fasica Callada, Jueves 7 de abril a las 19:30 horas\" width=\"750\" height=\"532\" srcset=\"https:\/\/www.upo.es\/diario\/wp-content\/uploads\/2022\/04\/MusicaCallada-CulturaMinima-750x532.png 750w, https:\/\/www.upo.es\/diario\/wp-content\/uploads\/2022\/04\/MusicaCallada-CulturaMinima-360x255.png 360w, https:\/\/www.upo.es\/diario\/wp-content\/uploads\/2022\/04\/MusicaCallada-CulturaMinima-768x545.png 768w, https:\/\/www.upo.es\/diario\/wp-content\/uploads\/2022\/04\/MusicaCallada-CulturaMinima-1536x1090.png 1536w, https:\/\/www.upo.es\/diario\/wp-content\/uploads\/2022\/04\/MusicaCallada-CulturaMinima-1320x936.png 1320w, https:\/\/www.upo.es\/diario\/wp-content\/uploads\/2022\/04\/MusicaCallada-CulturaMinima.png 1748w\" sizes=\"auto, (max-width: 750px) 100vw, 750px\" \/><\/a>La M\u00fasica Callada<\/strong><\/em> es una propuesta musical de fusi\u00f3n entre dos esferas musicales que, a priori, podr\u00edan ser percibidas como muy diferentes. <strong>m\u00fasica coral y m\u00fasica <\/strong><em><strong>indie<\/strong><\/em>; se desarrolla en base a determinadas obras musicales compuestas por Jos\u00e9 Ubago Gonz\u00e1lez, un joven m\u00fasico andaluz al que se le conoce como <strong>Jos\u00e9 Bonaparte<\/strong>, cuyos textos corresponden a la poetisa <strong>Elena Mart\u00edn Vivaldi<\/strong>.<\/p>\n<p>El espect\u00e1culo cuenta con la direcci\u00f3n musical de <strong>Jorge R. Morata<\/strong> y con <strong>Miguel Rodr\u00edguez<\/strong> como director art\u00edstico y cuenta con adaptaci\u00f3n para personas sordas.<\/p>\n<h3><em><strong>LA M\u00daSICA CALLADA<\/strong><\/em><\/h3>\n<p><strong>Jos\u00e9 Bonaparte y Coro de la Universidad Pablo de Olavide.<\/strong><\/p>\n<p><strong>Jueves, 7 de abril de 2022 &#8211; 19:30 horas<\/strong><br \/>\n<strong>Centro C\u00edvico Cerro del \u00c1guila<\/strong>, sal\u00f3n de actos.<br \/>\nC\/ Salvador T\u00e1vora, 1. Sevilla<br \/>\n<strong>Entrada libre y gratuita hasta completar aforo.<\/strong><\/p>\n<p>&nbsp;<\/p>\n","protected":false},"excerpt":{"rendered":"<p>&#8216;La M\u00fasica Callada&#8217; es una propuesta musical de fusi\u00f3n entre dos esferas musicales que, a priori, podr\u00edan ser percibidas como muy diferentes. m\u00fasica coral y m\u00fasica indie; se desarrolla en base a determinadas obras musicales compuestas por Jos\u00e9 Ubago Gonz\u00e1lez, un joven m\u00fasico andaluz al que se le conoce como Jos\u00e9 Bonaparte, cuyos textos corresponden a la poetisa Elena Mart\u00edn Vivaldi.<\/p>\n","protected":false},"author":6,"featured_media":30871954,"comment_status":"closed","ping_status":"open","sticky":false,"template":"","format":"standard","meta":{"_monsterinsights_skip_tracking":false,"_monsterinsights_sitenote_active":false,"_monsterinsights_sitenote_note":"","_monsterinsights_sitenote_category":0,"footnotes":""},"categories":[7],"tags":[2118,402,2664,3746],"class_list":["post-30871953","post","type-post","status-publish","format-standard","has-post-thumbnail","hentry","category-cultura","tag-coro-de-la-universidad-pablo-de-olavide","tag-musica","tag-programa-cultura-minima","tag-servicio-de-extension-cultural"],"_links":{"self":[{"href":"https:\/\/www.upo.es\/diario\/wp-json\/wp\/v2\/posts\/30871953","targetHints":{"allow":["GET"]}}],"collection":[{"href":"https:\/\/www.upo.es\/diario\/wp-json\/wp\/v2\/posts"}],"about":[{"href":"https:\/\/www.upo.es\/diario\/wp-json\/wp\/v2\/types\/post"}],"author":[{"embeddable":true,"href":"https:\/\/www.upo.es\/diario\/wp-json\/wp\/v2\/users\/6"}],"replies":[{"embeddable":true,"href":"https:\/\/www.upo.es\/diario\/wp-json\/wp\/v2\/comments?post=30871953"}],"version-history":[{"count":2,"href":"https:\/\/www.upo.es\/diario\/wp-json\/wp\/v2\/posts\/30871953\/revisions"}],"predecessor-version":[{"id":30871957,"href":"https:\/\/www.upo.es\/diario\/wp-json\/wp\/v2\/posts\/30871953\/revisions\/30871957"}],"wp:featuredmedia":[{"embeddable":true,"href":"https:\/\/www.upo.es\/diario\/wp-json\/wp\/v2\/media\/30871954"}],"wp:attachment":[{"href":"https:\/\/www.upo.es\/diario\/wp-json\/wp\/v2\/media?parent=30871953"}],"wp:term":[{"taxonomy":"category","embeddable":true,"href":"https:\/\/www.upo.es\/diario\/wp-json\/wp\/v2\/categories?post=30871953"},{"taxonomy":"post_tag","embeddable":true,"href":"https:\/\/www.upo.es\/diario\/wp-json\/wp\/v2\/tags?post=30871953"}],"curies":[{"name":"wp","href":"https:\/\/api.w.org\/{rel}","templated":true}]}}