{"id":30871986,"date":"2022-04-07T07:21:48","date_gmt":"2022-04-07T05:21:48","guid":{"rendered":"https:\/\/www.upo.es\/diario\/?p=30871986"},"modified":"2022-04-07T17:43:42","modified_gmt":"2022-04-07T15:43:42","slug":"las-musicas-de-olavide-e-inspiradores-capacidad-sin-limites-novedades-radiolavide","status":"publish","type":"post","link":"https:\/\/www.upo.es\/diario\/cultura\/2022\/04\/las-musicas-de-olavide-e-inspiradores-capacidad-sin-limites-novedades-radiolavide\/","title":{"rendered":"\u2018Las M\u00fasicas de Olavide\u2019 e \u2018Inspiradores. Capacidad sin l\u00edmites\u2019, novedades de RadiOlavide"},"content":{"rendered":"<p>RadiOlavide, la radio universitaria de la Universidad Pablo de Olavide, ha estrenado esta semana <strong>dos nuevos espacios radiof\u00f3nicos hechos por y para la comunidad universitaria: \u2018Las M\u00fasicas de Olavide\u2019 e \u2018Inspiradores. Capacidad sin l\u00edmites\u2019<\/strong>. Estos dos nuevos programas se suman a los que ya existen en la parrilla de este medio de comunicaci\u00f3n gestionado a trav\u00e9s del <strong>Vicerrectorado de Cultura y Pol\u00edticas Sociales<\/strong> y se emitir\u00e1n con una periodicidad semanal.<\/p>\n<p><a href=\"https:\/\/www.upo.es\/diario\/wp-content\/uploads\/2022\/04\/LasmusicasdeOlavide.jpg\"><img loading=\"lazy\" decoding=\"async\" class=\"alignright wp-image-30871988 size-medium\" src=\"https:\/\/www.upo.es\/diario\/wp-content\/uploads\/2022\/04\/LasmusicasdeOlavide-360x202.jpg\" alt=\"Coro de la UPO\" width=\"360\" height=\"202\" srcset=\"https:\/\/www.upo.es\/diario\/wp-content\/uploads\/2022\/04\/LasmusicasdeOlavide-360x202.jpg 360w, https:\/\/www.upo.es\/diario\/wp-content\/uploads\/2022\/04\/LasmusicasdeOlavide-750x422.jpg 750w, https:\/\/www.upo.es\/diario\/wp-content\/uploads\/2022\/04\/LasmusicasdeOlavide-768x432.jpg 768w, https:\/\/www.upo.es\/diario\/wp-content\/uploads\/2022\/04\/LasmusicasdeOlavide-1536x863.jpg 1536w, https:\/\/www.upo.es\/diario\/wp-content\/uploads\/2022\/04\/LasmusicasdeOlavide-1320x742.jpg 1320w, https:\/\/www.upo.es\/diario\/wp-content\/uploads\/2022\/04\/LasmusicasdeOlavide.jpg 2000w\" sizes=\"auto, (max-width: 360px) 100vw, 360px\" \/><\/a>El primero de los programas, titulado <strong>\u2018Las M\u00fasicas de Olavide\u2019<\/strong> se estren\u00f3 el pasado martes y est\u00e1 <strong>realizado por el Coro de la UPO<\/strong>. Es un espacio que muestra las sinergias generadas en torno al trabajo de los artistas, los conciertos ofrecidos y la propia emisora. Se emitir\u00e1 todos los martes a las 16,00 horas y tendr\u00e1 una reposici\u00f3n cada jueves a las 11,00 horas.<\/p>\n<p>\u2018Las M\u00fasicas de Olavide\u2019 ha estado presentado en su primer episodio por Jorge Rodr\u00edguez Morata y Miguel Rodr\u00edguez Rodr\u00edguez y en \u00e9l se ha analizado el contexto musical en el que vivi\u00f3 Pablo de Olavide. Tambi\u00e9n ha contado con la participaci\u00f3n entre otros artistas de la soprano Roc\u00edo de Frutos, el organista Chano Robles, y la violinista Atsuko Nerishi, violinista de la Orquesta Ciudad de Granada.<\/p>\n<p><a href=\"https:\/\/www.upo.es\/diario\/wp-content\/uploads\/2022\/04\/RadiOlavide-inspiradores.jpg\"><img loading=\"lazy\" decoding=\"async\" class=\"alignright size-medium wp-image-30871989\" src=\"https:\/\/www.upo.es\/diario\/wp-content\/uploads\/2022\/04\/RadiOlavide-inspiradores-360x257.jpg\" alt=\"INSPIRADORES\" width=\"360\" height=\"257\" srcset=\"https:\/\/www.upo.es\/diario\/wp-content\/uploads\/2022\/04\/RadiOlavide-inspiradores-360x257.jpg 360w, https:\/\/www.upo.es\/diario\/wp-content\/uploads\/2022\/04\/RadiOlavide-inspiradores-750x535.jpg 750w, https:\/\/www.upo.es\/diario\/wp-content\/uploads\/2022\/04\/RadiOlavide-inspiradores-768x548.jpg 768w, https:\/\/www.upo.es\/diario\/wp-content\/uploads\/2022\/04\/RadiOlavide-inspiradores.jpg 844w\" sizes=\"auto, (max-width: 360px) 100vw, 360px\" \/><\/a>Por su parte, <strong>\u2018Inspiradores. Capacidad sin l\u00edmites\u2019<\/strong>, estrenado ayer mi\u00e9rcoles, trata sobre la inclusi\u00f3n social, la difusi\u00f3n de las potencialidades que tiene la poblaci\u00f3n con discapacidad y la defensa de los Derechos Humanos, y est\u00e1 <strong>realizado en colaboraci\u00f3n con el Servicio de Atenci\u00f3n a la Diversidad Fundaci\u00f3n de la UPO<\/strong>. Este espacio pretende generar conexiones y conversaciones con l\u00edderes, lideresas y protagonistas de la inclusi\u00f3n, para visibilizar las historias de vida m\u00e1s inspiradoras de la comunidad universitaria.<\/p>\n<p>El primer programa de \u2018Inspiradores. Capacidad sin l\u00edmites\u2019, presentado por Claudio Vergara, Silvia Escobar y Marta Garc\u00eda, ha contado en su estreno con la presencia de Mar\u00eda Jos\u00e9 Parejo Guzm\u00e1n, directora acad\u00e9mica de Integraci\u00f3n y Diversidad Funcional de la Universidad Pablo de Olavide; y de Cristina Granados Mart\u00ednez, coordinadora juvenil de Amnist\u00eda Internacional dentro de la comunidad UPO.<\/p>\n<p>\u2018Inspiradores. Capacidad sin l\u00edmites\u2019 se emitir\u00e1 los mi\u00e9rcoles a las 10,00 horas y la reposici\u00f3n ser\u00e1 los viernes a las 16,00 horas. Adem\u00e1s, los <em>podcasts<\/em> de ambos programas ya se encuentran disponibles en la fonoteca de la web <a href=\"http:\/\/www.radiolavide.org\">www.radiolavide.org<\/a>.<\/p>\n<p>RadiOlavide es un proyecto de radio universitaria que comenz\u00f3 su andadura en 2016 y que est\u00e1 sustentado en tres pilares: la radio como medio de comunicaci\u00f3n, como medio de dinamizaci\u00f3n socioeducativa, y como recurso pedag\u00f3gico. Coordinada por el Vicerrectorado de Cultura y Pol\u00edticas Sociales, emite por internet y se concibe como un medio de comunicaci\u00f3n, difusi\u00f3n, recurso pedag\u00f3gico y de participaci\u00f3n de la comunidad universitaria. Supone una apuesta de la UPO para contribuir a la democratizaci\u00f3n de los saberes y conocimientos, as\u00ed como a la construcci\u00f3n de una identidad cultural diversa, siendo la primera radio universitaria que se cre\u00f3 en Sevilla.<\/p>\n","protected":false},"excerpt":{"rendered":"<p>RadiOlavide, la radio universitaria de la Universidad Pablo de Olavide, ha estrenado esta semana dos nuevos espacios radiof\u00f3nicos hechos por y para la comunidad universitaria: \u2018Las M\u00fasicas de Olavide\u2019 e \u2018Inspiradores. Capacidad sin l\u00edmites\u2019. Estos dos nuevos programas se suman a los que ya existen en la parrilla de este medio de comunicaci\u00f3n gestionado a trav\u00e9s del Vicerrectorado de Cultura y Pol\u00edticas Sociales y se emitir\u00e1n con una periodicidad semanal.<\/p>\n","protected":false},"author":6,"featured_media":30871989,"comment_status":"closed","ping_status":"open","sticky":false,"template":"","format":"standard","meta":{"_monsterinsights_skip_tracking":false,"_monsterinsights_sitenote_active":false,"_monsterinsights_sitenote_note":"","_monsterinsights_sitenote_category":0,"footnotes":""},"categories":[7],"tags":[71,2540,402,6446,3784],"class_list":["post-30871986","post","type-post","status-publish","format-standard","has-post-thumbnail","hentry","category-cultura","tag-coro","tag-inclusion-social","tag-musica","tag-radio-universitaria","tag-radiolavide"],"_links":{"self":[{"href":"https:\/\/www.upo.es\/diario\/wp-json\/wp\/v2\/posts\/30871986","targetHints":{"allow":["GET"]}}],"collection":[{"href":"https:\/\/www.upo.es\/diario\/wp-json\/wp\/v2\/posts"}],"about":[{"href":"https:\/\/www.upo.es\/diario\/wp-json\/wp\/v2\/types\/post"}],"author":[{"embeddable":true,"href":"https:\/\/www.upo.es\/diario\/wp-json\/wp\/v2\/users\/6"}],"replies":[{"embeddable":true,"href":"https:\/\/www.upo.es\/diario\/wp-json\/wp\/v2\/comments?post=30871986"}],"version-history":[{"count":3,"href":"https:\/\/www.upo.es\/diario\/wp-json\/wp\/v2\/posts\/30871986\/revisions"}],"predecessor-version":[{"id":30871991,"href":"https:\/\/www.upo.es\/diario\/wp-json\/wp\/v2\/posts\/30871986\/revisions\/30871991"}],"wp:featuredmedia":[{"embeddable":true,"href":"https:\/\/www.upo.es\/diario\/wp-json\/wp\/v2\/media\/30871989"}],"wp:attachment":[{"href":"https:\/\/www.upo.es\/diario\/wp-json\/wp\/v2\/media?parent=30871986"}],"wp:term":[{"taxonomy":"category","embeddable":true,"href":"https:\/\/www.upo.es\/diario\/wp-json\/wp\/v2\/categories?post=30871986"},{"taxonomy":"post_tag","embeddable":true,"href":"https:\/\/www.upo.es\/diario\/wp-json\/wp\/v2\/tags?post=30871986"}],"curies":[{"name":"wp","href":"https:\/\/api.w.org\/{rel}","templated":true}]}}