{"id":30871992,"date":"2022-04-07T17:43:20","date_gmt":"2022-04-07T15:43:20","guid":{"rendered":"https:\/\/www.upo.es\/diario\/?p=30871992"},"modified":"2022-04-18T10:07:10","modified_gmt":"2022-04-18T08:07:10","slug":"comienzan-los-nuevos-desafios-de-capitan-volante-iniciativa-para-mitigar-las-secuelas-del-cancer-infantil-a-traves-del-deporte","status":"publish","type":"post","link":"https:\/\/www.upo.es\/diario\/comunidad\/2022\/04\/comienzan-los-nuevos-desafios-de-capitan-volante-iniciativa-para-mitigar-las-secuelas-del-cancer-infantil-a-traves-del-deporte\/","title":{"rendered":"Comienzan los nuevos desaf\u00edos de \u2018Capit\u00e1n Volante\u2019, iniciativa para mitigar las secuelas del c\u00e1ncer infantil a trav\u00e9s del deporte"},"content":{"rendered":"<figure id=\"attachment_30871997\" aria-describedby=\"caption-attachment-30871997\" style=\"width: 750px\" class=\"wp-caption aligncenter\"><a href=\"https:\/\/www.upo.es\/diario\/wp-content\/uploads\/2022\/04\/corredores-capitan-volante-2022.jpg\"><img loading=\"lazy\" decoding=\"async\" class=\"size-large wp-image-30871997\" src=\"https:\/\/www.upo.es\/diario\/wp-content\/uploads\/2022\/04\/corredores-capitan-volante-2022-750x500.jpg\" alt=\"Manuel San Emeterio, Benjamin Alcober, Manuel Olmo, Carlos Fern\u00e1ndez, Sergio Gonz\u00e1lez-Caballos \" width=\"750\" height=\"500\" srcset=\"https:\/\/www.upo.es\/diario\/wp-content\/uploads\/2022\/04\/corredores-capitan-volante-2022-750x500.jpg 750w, https:\/\/www.upo.es\/diario\/wp-content\/uploads\/2022\/04\/corredores-capitan-volante-2022-360x240.jpg 360w, https:\/\/www.upo.es\/diario\/wp-content\/uploads\/2022\/04\/corredores-capitan-volante-2022-768x512.jpg 768w, https:\/\/www.upo.es\/diario\/wp-content\/uploads\/2022\/04\/corredores-capitan-volante-2022-1536x1024.jpg 1536w, https:\/\/www.upo.es\/diario\/wp-content\/uploads\/2022\/04\/corredores-capitan-volante-2022-165x109.jpg 165w, https:\/\/www.upo.es\/diario\/wp-content\/uploads\/2022\/04\/corredores-capitan-volante-2022-1320x880.jpg 1320w, https:\/\/www.upo.es\/diario\/wp-content\/uploads\/2022\/04\/corredores-capitan-volante-2022.jpg 2000w\" sizes=\"auto, (max-width: 750px) 100vw, 750px\" \/><\/a><figcaption id=\"caption-attachment-30871997\" class=\"wp-caption-text\">Manuel San Emeterio, Benjamin Alcober, Manuel Olmo, Carlos Fern\u00e1ndez, Sergio Gonz\u00e1lez-Caballos<\/figcaption><\/figure>\n<p>Sergio Gonz\u00e1lez-Caballos, t\u00e9cnico en el Centro de Inform\u00e1tica y Comunicaciones de la Universidad Pablo de Olavide, participar\u00e1 de nuevo en el <strong>proyecto solidario \u2018Capit\u00e1n Volante\u2019, promovido por la Asociaci\u00f3n Espa\u00f1ola para los Efectos del Tratamiento del C\u00e1ncer (AEetc), que consistir\u00e1 en tres retos deportivos que se celebrar\u00e1n entre abril y octubre de 2022<\/strong>.<\/p>\n<figure id=\"attachment_30871998\" aria-describedby=\"caption-attachment-30871998\" style=\"width: 360px\" class=\"wp-caption alignright\"><a href=\"https:\/\/www.upo.es\/diario\/wp-content\/uploads\/2022\/04\/nadadores-capitan-volante-2022.jpg\"><img loading=\"lazy\" decoding=\"async\" class=\"size-medium wp-image-30871998\" src=\"https:\/\/www.upo.es\/diario\/wp-content\/uploads\/2022\/04\/nadadores-capitan-volante-2022-360x240.jpg\" alt=\"Javier Segovia, Jos\u00e9 Calder\u00f3n, Sergio Gonz\u00e1lez-Caballos, Miguel Noguer, Manuel Soto, Myriam G\u00f3mez, Pedro S\u00e1nchez, Miguel Valcarcel, \u00c1lvaro Jimenez, Manuel Olmo \" width=\"360\" height=\"240\" srcset=\"https:\/\/www.upo.es\/diario\/wp-content\/uploads\/2022\/04\/nadadores-capitan-volante-2022-360x240.jpg 360w, https:\/\/www.upo.es\/diario\/wp-content\/uploads\/2022\/04\/nadadores-capitan-volante-2022-750x500.jpg 750w, https:\/\/www.upo.es\/diario\/wp-content\/uploads\/2022\/04\/nadadores-capitan-volante-2022-768x512.jpg 768w, https:\/\/www.upo.es\/diario\/wp-content\/uploads\/2022\/04\/nadadores-capitan-volante-2022-1536x1024.jpg 1536w, https:\/\/www.upo.es\/diario\/wp-content\/uploads\/2022\/04\/nadadores-capitan-volante-2022-165x109.jpg 165w, https:\/\/www.upo.es\/diario\/wp-content\/uploads\/2022\/04\/nadadores-capitan-volante-2022-1320x880.jpg 1320w, https:\/\/www.upo.es\/diario\/wp-content\/uploads\/2022\/04\/nadadores-capitan-volante-2022.jpg 2000w\" sizes=\"auto, (max-width: 360px) 100vw, 360px\" \/><\/a><figcaption id=\"caption-attachment-30871998\" class=\"wp-caption-text\">Participantes en el descenso por el r\u00edo Guadalquivir<\/figcaption><\/figure>\n<p>El primer reto, que se desarrollar\u00e1 del 13 al 17 de abril, es un <strong><em>running<\/em> de Madrid a Sevilla en cinco etapas<\/strong> sin relevos. Consistir\u00e1 en unir la capital de Espa\u00f1a con la de Andaluc\u00eda saliendo desde el kil\u00f3metro cero de Madrid y llegando al Club N\u00e1utico de Sevilla. Es una carrera en la que se unir\u00e1n ambas ciudades por un trazado de 560 kil\u00f3metros, en cinco etapas de unos 110 kil\u00f3metros cada una.<\/p>\n<p>El segundo reto, que se realizar\u00e1 los d\u00edas 1 y 2 de julio, consiste en el<strong> descenso del r\u00edo Guadalquivir (Sevilla &#8211; Sanl\u00facar de Barrameda) a nado<\/strong> y sin relevos con un recorrido de casi 100 kil\u00f3metros.<\/p>\n<figure id=\"attachment_30871999\" aria-describedby=\"caption-attachment-30871999\" style=\"width: 360px\" class=\"wp-caption alignright\"><a href=\"https:\/\/www.upo.es\/diario\/wp-content\/uploads\/2022\/04\/ciclismo-capitan-volante-2022.jpg\"><img loading=\"lazy\" decoding=\"async\" class=\"size-medium wp-image-30871999\" src=\"https:\/\/www.upo.es\/diario\/wp-content\/uploads\/2022\/04\/ciclismo-capitan-volante-2022-360x240.jpg\" alt=\"Benito Castellano, Manuel Olmo, Sergio Gonz\u00e1lez-Caballos\" width=\"360\" height=\"240\" srcset=\"https:\/\/www.upo.es\/diario\/wp-content\/uploads\/2022\/04\/ciclismo-capitan-volante-2022-360x240.jpg 360w, https:\/\/www.upo.es\/diario\/wp-content\/uploads\/2022\/04\/ciclismo-capitan-volante-2022-750x500.jpg 750w, https:\/\/www.upo.es\/diario\/wp-content\/uploads\/2022\/04\/ciclismo-capitan-volante-2022-768x512.jpg 768w, https:\/\/www.upo.es\/diario\/wp-content\/uploads\/2022\/04\/ciclismo-capitan-volante-2022-1536x1024.jpg 1536w, https:\/\/www.upo.es\/diario\/wp-content\/uploads\/2022\/04\/ciclismo-capitan-volante-2022-165x109.jpg 165w, https:\/\/www.upo.es\/diario\/wp-content\/uploads\/2022\/04\/ciclismo-capitan-volante-2022-1320x880.jpg 1320w, https:\/\/www.upo.es\/diario\/wp-content\/uploads\/2022\/04\/ciclismo-capitan-volante-2022.jpg 2000w\" sizes=\"auto, (max-width: 360px) 100vw, 360px\" \/><\/a><figcaption id=\"caption-attachment-30871999\" class=\"wp-caption-text\">Benito Castellano, Manuel Olmo y Sergio Gonz\u00e1lez-Caballos<\/figcaption><\/figure>\n<p>El tercer y \u00faltimo reto es un <strong><em>triple Iron-Man non stop<\/em><\/strong>, sin relevos que se celebrar\u00e1 del 7 al 9 de octubre. La nataci\u00f3n se llevar\u00e1 a cabo en la d\u00e1rsena del Guadalquivir, en un circuito de 2000 metros, de forma que se podr\u00e1 acompa\u00f1ar a los triatletas a trav\u00e9s de un dorsal solidario; el ciclismo se realizar\u00e1 entre las provincias de Sevilla, C\u00f3rdoba y Huelva; y la carrera a pie, al igual que la nataci\u00f3n, se har\u00e1 en la ciudad de Sevilla en un circuito de 10 kil\u00f3metros, y tambi\u00e9n se podr\u00e1 acompa\u00f1ar a los triatletas a trav\u00e9s del dorsal solidario.<\/p>\n<p>Para Sergio Gonz\u00e1lez-Caballos es una \u201coportunidad de ayudar a nuestros <em>c<\/em><em>apitanes<\/em> a trav\u00e9s del proyecto Capit\u00e1n Volante, para mejorar su calidad de vida, adquiriendo los recursos necesarios y sensibilizar y difundir a la poblaci\u00f3n, las secuelas invisibles que el c\u00e1ncer infantil produce\u201d. Asimismo, resalta que \u201cpoder participar en los retos deportivos planteados es la mejor manera de llamar la atenci\u00f3n y hacer todo el ruido posible para dar a conocer el proyecto\u201d.<\/p>\n<p>El proyecto \u2018Capit\u00e1n Volante\u2019 es una iniciativa deportiva que pretende ayudar a la Asociaci\u00f3n Espa\u00f1ola para los Efectos del Tratamiento del C\u00e1ncer (AEetc). Es un proyecto de vida que <strong>tiene como objetivo que el ni\u00f1o o la ni\u00f1a, as\u00ed como el adolescente, con secuelas tras un c\u00e1ncer se forme como deportista, compita e incluso participe en los juegos paral\u00edmpicos.<\/strong> De esta manera, su discapacidad, disfunci\u00f3n o desventaja inicial se convertir\u00e1 en algo positivo porque su integraci\u00f3n en los equipos paral\u00edmpicos ser\u00e1 beneficiosa a nivel f\u00edsico, cognitivo y emocional y, adem\u00e1s, les ayudar\u00e1 a integrarse social y laboralmente.<\/p>\n<p>Sergio Gonz\u00e1lez-Caballos se une a este proyecto solidario participando en los tres retos deportivos. De esta manera, se suma a una nueva iniciativa solidaria como ya hizo el a\u00f1o pasado como voluntario para dar apoyo a los nadadores a trav\u00e9s de los kayaks es este mismo proyecto solidario y en el a\u00f1o 2019 en <em>La Transpyr Coast to Coast<\/em>, reto deportivo para recaudar fondos para los ni\u00f1os y ni\u00f1as con DCA a trav\u00e9s de la asociaci\u00f3n DACE.<\/p>\n<p><strong>Toda la informaci\u00f3n de este proyecto y c\u00f3mo colaborar en:<\/strong><\/p>\n<p><a href=\"https:\/\/asociacionetc.org\">https:\/\/asociacionetc.org<\/a><br \/>\n<a href=\"https:\/\/capitanvolante.org\">https:\/\/capitanvolante.org<\/a><\/p>\n","protected":false},"excerpt":{"rendered":"<p>Sergio Gonz\u00e1lez-Caballos, t\u00e9cnico del Centro de Inform\u00e1tica y Comunicaciones de la UPO, participa de nuevo en \u2018Capit\u00e1n Volante\u2019, una iniciativa deportiva a favor de la Asociaci\u00f3n Espa\u00f1ola para los Efectos del Tratamiento del C\u00e1ncer (AEetc) y que en esta ocasi\u00f3n consta de tres retos deportivos. El primero de ellos comienza el pr\u00f3ximo mi\u00e9rcoles con una carrera entre Madrid y Sevilla en cinco etapas de 110 kms.<\/p>\n","protected":false},"author":6,"featured_media":30871997,"comment_status":"closed","ping_status":"open","sticky":false,"template":"","format":"standard","meta":{"_monsterinsights_skip_tracking":false,"_monsterinsights_sitenote_active":false,"_monsterinsights_sitenote_note":"","_monsterinsights_sitenote_category":0,"footnotes":""},"categories":[5842],"tags":[666,7219,451,218,1024],"class_list":["post-30871992","post","type-post","status-publish","format-standard","has-post-thumbnail","hentry","category-comunidad","tag-actividad-fisica","tag-cancer-infantil","tag-infancia","tag-salud","tag-solidaridad"],"_links":{"self":[{"href":"https:\/\/www.upo.es\/diario\/wp-json\/wp\/v2\/posts\/30871992","targetHints":{"allow":["GET"]}}],"collection":[{"href":"https:\/\/www.upo.es\/diario\/wp-json\/wp\/v2\/posts"}],"about":[{"href":"https:\/\/www.upo.es\/diario\/wp-json\/wp\/v2\/types\/post"}],"author":[{"embeddable":true,"href":"https:\/\/www.upo.es\/diario\/wp-json\/wp\/v2\/users\/6"}],"replies":[{"embeddable":true,"href":"https:\/\/www.upo.es\/diario\/wp-json\/wp\/v2\/comments?post=30871992"}],"version-history":[{"count":4,"href":"https:\/\/www.upo.es\/diario\/wp-json\/wp\/v2\/posts\/30871992\/revisions"}],"predecessor-version":[{"id":30872000,"href":"https:\/\/www.upo.es\/diario\/wp-json\/wp\/v2\/posts\/30871992\/revisions\/30872000"}],"wp:featuredmedia":[{"embeddable":true,"href":"https:\/\/www.upo.es\/diario\/wp-json\/wp\/v2\/media\/30871997"}],"wp:attachment":[{"href":"https:\/\/www.upo.es\/diario\/wp-json\/wp\/v2\/media?parent=30871992"}],"wp:term":[{"taxonomy":"category","embeddable":true,"href":"https:\/\/www.upo.es\/diario\/wp-json\/wp\/v2\/categories?post=30871992"},{"taxonomy":"post_tag","embeddable":true,"href":"https:\/\/www.upo.es\/diario\/wp-json\/wp\/v2\/tags?post=30871992"}],"curies":[{"name":"wp","href":"https:\/\/api.w.org\/{rel}","templated":true}]}}