{"id":30872004,"date":"2022-04-08T13:27:19","date_gmt":"2022-04-08T11:27:19","guid":{"rendered":"https:\/\/www.upo.es\/diario\/?p=30872004"},"modified":"2022-04-21T17:02:02","modified_gmt":"2022-04-21T15:02:02","slug":"ismael-benmasoud-elegido-delegado-general-de-estudiantes-de-la-upo-con-el-74-de-los-votos","status":"publish","type":"post","link":"https:\/\/www.upo.es\/diario\/comunidad\/2022\/04\/ismael-benmasoud-elegido-delegado-general-de-estudiantes-de-la-upo-con-el-74-de-los-votos\/","title":{"rendered":"Ismael Benmasoud, elegido Delegado General de Estudiantes de la UPO con el 74% de los votos"},"content":{"rendered":"<figure id=\"attachment_30872006\" aria-describedby=\"caption-attachment-30872006\" style=\"width: 750px\" class=\"wp-caption aligncenter\"><a href=\"https:\/\/www.upo.es\/diario\/wp-content\/uploads\/2022\/04\/Equipo-CEUPO-Ismael-Benmasoud-2.jpg\"><img loading=\"lazy\" decoding=\"async\" class=\"size-large wp-image-30872006\" src=\"https:\/\/www.upo.es\/diario\/wp-content\/uploads\/2022\/04\/Equipo-CEUPO-Ismael-Benmasoud-2-750x495.jpg\" alt=\"Equipo Directivo CEUPO liderado por Ismael Benmasoud\" width=\"750\" height=\"495\" srcset=\"https:\/\/www.upo.es\/diario\/wp-content\/uploads\/2022\/04\/Equipo-CEUPO-Ismael-Benmasoud-2-750x495.jpg 750w, https:\/\/www.upo.es\/diario\/wp-content\/uploads\/2022\/04\/Equipo-CEUPO-Ismael-Benmasoud-2-360x238.jpg 360w, https:\/\/www.upo.es\/diario\/wp-content\/uploads\/2022\/04\/Equipo-CEUPO-Ismael-Benmasoud-2-768x507.jpg 768w, https:\/\/www.upo.es\/diario\/wp-content\/uploads\/2022\/04\/Equipo-CEUPO-Ismael-Benmasoud-2-380x250.jpg 380w, https:\/\/www.upo.es\/diario\/wp-content\/uploads\/2022\/04\/Equipo-CEUPO-Ismael-Benmasoud-2-165x109.jpg 165w, https:\/\/www.upo.es\/diario\/wp-content\/uploads\/2022\/04\/Equipo-CEUPO-Ismael-Benmasoud-2-1320x872.jpg 1320w, https:\/\/www.upo.es\/diario\/wp-content\/uploads\/2022\/04\/Equipo-CEUPO-Ismael-Benmasoud-2.jpg 1385w\" sizes=\"auto, (max-width: 750px) 100vw, 750px\" \/><\/a><figcaption id=\"caption-attachment-30872006\" class=\"wp-caption-text\">Equipo Directivo del CEUPO con Ismael Benmasoud, en el centro de la imagen, como Delegado General de Estudiantes<\/figcaption><\/figure>\n<p>En unas elecciones en las que ha sido mayoritaria la participaci\u00f3n a trav\u00e9s del voto anticipado electr\u00f3nico,<strong> la lista encabezada por Ismael Benmasoud Gil ha recibido 410 votos frente a los 121 que ha obtenido la candidatura de Jos\u00e9 \u00c1ngel Criado<\/strong>, estudiante del doble grado en Sociolog\u00eda y Ciencias Pol\u00edticas. Con estos resultados, la Comisi\u00f3n Electoral de la Universidad Pablo de Olavide ha proclamado hoy su candidatura como electa provisional y establece un per\u00edodo para reclamaciones tras Semana Santa, los d\u00edas 18 y 19 de abril.<\/p>\n<p>De este modo, el <strong>Equipo Directivo del Consejo de Estudiantes<\/strong> <strong>de la UPO<\/strong> estar\u00e1 integrado por:<\/p>\n<ul>\n<li><strong>Ismael Benmasoud Gil<\/strong>: Delegado General<\/li>\n<li><strong>Teresa G\u00f3mez Siles<\/strong>: Subdelegada General<\/li>\n<li><strong>Juan Borrero de la Torre<\/strong>: Secretario<\/li>\n<li><strong>Diana Silva G\u00f3mez<\/strong>: Tesorera<\/li>\n<li><strong>Nerea Quesada Valdivia<\/strong>: Tesorera Adjunta<\/li>\n<li><strong>\u00c1lvaro F. Pastor Garc\u00eda<\/strong>: Coordinador de Facultades<\/li>\n<\/ul>\n<p>&nbsp;<\/p>\n<p>Las elecciones celebradas esta semana, cuya jornada presencial para votar en el campus tuvo lugar ayer jueves, se han realizado conforme al nuevo <a href=\"https:\/\/upo.gob.es\/system\/modules\/com.saga.upo.sedeelectronica.frontend\/handler\/download-alfresco-document.pdf?ref=ccff4617-17a5-4e0d-90dd-1bff908c2849\">reglamento para la elegir a los \u00f3rganos unipersonales del Consejo de Estudiantes (CEUPO)<\/a>. Este reglamento establece que las candidaturas al Equipo Directivo deben ser paritarias, sin exceder del 60 por ciento la representaci\u00f3n de ninguno de los sexos, ni estar compuestas en m\u00e1s del 60% por estudiantes del mismo centro.<\/p>\n<p><strong><em><a href=\"https:\/\/www.upo.es\/cms1\/export\/sites\/upo\/elecciones-equipo-directivo-ceupo\/candidaturas\/ibengil\/documentos\/PROGRAMA-FINAL.pdf\">Sigamos construyendo. Mismos principios, nuevas voces<\/a><\/em><\/strong>, con este lema ha presentado su candidatura al estudiantado de la UPO un equipo que se define como \u201cabierto a cualquier persona que se quiera sumar, somos estudiantes de todas las facultades y de realidades diferentes, adem\u00e1s cuenta con el apoyo de grupos sociales de distinta naturaleza\u201d.<strong> Ismael Benmasoud Gil sustituir\u00e1 en el cargo a Luz Mart\u00ednez Osorio<\/strong>, elegida Delegada General de Estudiantes en julio de 2020.<\/p>\n<p>El <strong>Consejo de Estudiantes de la Universidad Pablo de Olavide (CEUPO)<\/strong> coordina y canaliza la representaci\u00f3n de todo el estudiantado de la Universidad; se constituye como un \u00f3rgano independiente, aut\u00f3nomo y ajeno a cualquier otro inter\u00e9s que no sea la defensa de sus derechos. Est\u00e1 formado por \u00f3rganos colegiados \u2013pleno, coordinadora del Consejo, delegaciones de centro y comisiones\u2013 y \u00f3rganos unipersonales. Estos \u00faltimos componen el Equipo Directivo, que es elegido por sufragio universal, libre, directo y secreto por estudiantes de grado y postgrado de la Universidad.<\/p>\n<p><strong>M\u00e1s informaci\u00f3n sobre las elecciones en:<\/strong><br \/>\n<a href=\"http:\/\/www.upo.es\/elecciones-equipo-directivo-ceupo\/\">www.upo.es\/elecciones-equipo-directivo-ceupo<\/a><\/p>\n","protected":false},"excerpt":{"rendered":"<p>En unas elecciones en las que ha sido mayoritaria la participaci\u00f3n a trav\u00e9s del voto anticipado electr\u00f3nico, la lista encabezada por Ismael Benmasoud Gil ha recibido 410 votos frente a los 121 que ha obtenido la candidatura de Jos\u00e9 \u00c1ngel Criado, estudiante del doble grado en Sociolog\u00eda y Ciencias Pol\u00edticas. Con estos resultados, la Comisi\u00f3n Electoral de la Universidad Pablo de Olavide ha proclamado hoy su candidatura como electa provisional y establece un per\u00edodo para reclamaciones tras Semana Santa, los d\u00edas 18 y 19 de abril.<\/p>\n","protected":false},"author":6,"featured_media":30872006,"comment_status":"closed","ping_status":"open","sticky":false,"template":"","format":"standard","meta":{"_monsterinsights_skip_tracking":false,"_monsterinsights_sitenote_active":false,"_monsterinsights_sitenote_note":"","_monsterinsights_sitenote_category":0,"footnotes":""},"categories":[5842],"tags":[100,6571,69,21],"class_list":["post-30872004","post","type-post","status-publish","format-standard","has-post-thumbnail","hentry","category-comunidad","tag-ceupo","tag-delegacion-general-estudiantes","tag-elecciones","tag-estudiantes"],"_links":{"self":[{"href":"https:\/\/www.upo.es\/diario\/wp-json\/wp\/v2\/posts\/30872004","targetHints":{"allow":["GET"]}}],"collection":[{"href":"https:\/\/www.upo.es\/diario\/wp-json\/wp\/v2\/posts"}],"about":[{"href":"https:\/\/www.upo.es\/diario\/wp-json\/wp\/v2\/types\/post"}],"author":[{"embeddable":true,"href":"https:\/\/www.upo.es\/diario\/wp-json\/wp\/v2\/users\/6"}],"replies":[{"embeddable":true,"href":"https:\/\/www.upo.es\/diario\/wp-json\/wp\/v2\/comments?post=30872004"}],"version-history":[{"count":4,"href":"https:\/\/www.upo.es\/diario\/wp-json\/wp\/v2\/posts\/30872004\/revisions"}],"predecessor-version":[{"id":30872032,"href":"https:\/\/www.upo.es\/diario\/wp-json\/wp\/v2\/posts\/30872004\/revisions\/30872032"}],"wp:featuredmedia":[{"embeddable":true,"href":"https:\/\/www.upo.es\/diario\/wp-json\/wp\/v2\/media\/30872006"}],"wp:attachment":[{"href":"https:\/\/www.upo.es\/diario\/wp-json\/wp\/v2\/media?parent=30872004"}],"wp:term":[{"taxonomy":"category","embeddable":true,"href":"https:\/\/www.upo.es\/diario\/wp-json\/wp\/v2\/categories?post=30872004"},{"taxonomy":"post_tag","embeddable":true,"href":"https:\/\/www.upo.es\/diario\/wp-json\/wp\/v2\/tags?post=30872004"}],"curies":[{"name":"wp","href":"https:\/\/api.w.org\/{rel}","templated":true}]}}