{"id":30872009,"date":"2022-04-08T14:03:25","date_gmt":"2022-04-08T12:03:25","guid":{"rendered":"https:\/\/www.upo.es\/diario\/?p=30872009"},"modified":"2022-04-18T10:06:37","modified_gmt":"2022-04-18T08:06:37","slug":"profesor-miguel-rodriguez-rodriguez-miembro-panel-expertos-aguas-subterraneas-andalucia","status":"publish","type":"post","link":"https:\/\/www.upo.es\/diario\/comunidad\/2022\/04\/profesor-miguel-rodriguez-rodriguez-miembro-panel-expertos-aguas-subterraneas-andalucia\/","title":{"rendered":"El profesor Miguel Rodr\u00edguez Rodr\u00edguez, miembro del Panel de Expertos en Aguas Subterr\u00e1neas de Andaluc\u00eda"},"content":{"rendered":"<figure id=\"attachment_30861491\" aria-describedby=\"caption-attachment-30861491\" style=\"width: 750px\" class=\"wp-caption aligncenter\"><a href=\"https:\/\/www.upo.es\/diario\/wp-content\/uploads\/2020\/07\/miguel_rguez_rguez-scaled.jpg\"><img loading=\"lazy\" decoding=\"async\" class=\"size-large wp-image-30861491\" src=\"https:\/\/www.upo.es\/diario\/wp-content\/uploads\/2020\/07\/miguel_rguez_rguez-750x500.jpg\" alt=\"Miguel Rodr\u00edguez\" width=\"750\" height=\"500\" srcset=\"https:\/\/www.upo.es\/diario\/wp-content\/uploads\/2020\/07\/miguel_rguez_rguez-750x500.jpg 750w, https:\/\/www.upo.es\/diario\/wp-content\/uploads\/2020\/07\/miguel_rguez_rguez-360x240.jpg 360w, https:\/\/www.upo.es\/diario\/wp-content\/uploads\/2020\/07\/miguel_rguez_rguez-768x512.jpg 768w, https:\/\/www.upo.es\/diario\/wp-content\/uploads\/2020\/07\/miguel_rguez_rguez-600x400.jpg 600w, https:\/\/www.upo.es\/diario\/wp-content\/uploads\/2020\/07\/miguel_rguez_rguez-1536x1024.jpg 1536w, https:\/\/www.upo.es\/diario\/wp-content\/uploads\/2020\/07\/miguel_rguez_rguez-2048x1365.jpg 2048w\" sizes=\"auto, (max-width: 750px) 100vw, 750px\" \/><\/a><figcaption id=\"caption-attachment-30861491\" class=\"wp-caption-text\">Miguel Rodr\u00edguez, investigador de la Universidad Pablo de Olavide<\/figcaption><\/figure>\n<p>El profesor de la Facultad de Ciencias Experimentales de la Universidad Pablo de Olavide, <strong>Miguel Rodr\u00edguez Rodr\u00edguez<\/strong>, responsable del \u00c1rea de Geodin\u00e1mica Externa, ha entrado a formar parte del <strong>Panel de Expertos en Aguas Subterr\u00e1neas<\/strong>, \u00f3rgano constituido recientemente a trav\u00e9s de la Direcci\u00f3n General de Planificaci\u00f3n y Recursos H\u00eddricos de la Junta de Andaluc\u00eda, en cumplimiento de una de las medidas m\u00e1s apoyadas del Pacto Andaluz por el Agua.<\/p>\n<p>El objetivo de este Panel de Expertos es asesorar a la administraci\u00f3n andaluza, compartiendo experiencias de \u00e9xito en la gesti\u00f3n de las aguas subterr\u00e1neas, con especial \u00e9nfasis en las cuencas intracomunitarias. Con esta iniciativa, la Consejer\u00eda quiere profundizar en el estudio, la protecci\u00f3n y la utilizaci\u00f3n de las aguas subterr\u00e1neas de forma sostenible. As\u00ed, cuenta con la participaci\u00f3n voluntaria de investigadores de todas las universidades de la regi\u00f3n, del Consejo Superior de Investigaciones Cient\u00edficas (CSIC) y del Instituto Geol\u00f3gico y Minero de Espa\u00f1a (IGME).<\/p>\n<p>Doctor en Geolog\u00eda por la Universidad de Granada (2002) y profesor titular del \u00c1rea de Geodin\u00e1mica Externa de la Universidad Pablo de Olavide desde 2011, Miguel Rodr\u00edguez-Rodr\u00edguez es especialista en modelos de funcionamiento hidrol\u00f3gico de humedales continentales temporales. Es autor de numerosos art\u00edculos publicados en revistas especializadas, como <em>Frontiers in Ecology and the Environment<\/em>, <em>Journal of Hydrology<\/em>, <em>Environmental Monitoring and Assessment o Wetlands<\/em>. Ha participado en numerosos proyectos de investigaci\u00f3n en convocatorias competitivas desde el a\u00f1o 2000. Ha sido investigador principal de contratos y convenios de investigaci\u00f3n con la Confederaci\u00f3n Hidrogr\u00e1fica del Guadalquivir ininterrumpidamente desde el a\u00f1o 2002. Actualmente es responsable del Convenio con dicha Instituci\u00f3n titulado \u2018Monitorizaci\u00f3n hidrol\u00f3gica y modelizaci\u00f3n de la relaci\u00f3n laguna-acu\u00edfero en los mantos e\u00f3licos de Do\u00f1ana\u2019. En sus trabajos se aporta un nuevo enfoque sobre el funcionamiento h\u00eddrico en estos ecosistemas, por medio de balances h\u00eddricos a escalas resolutivas (horarias o diarias) y modelos de evoluci\u00f3n te\u00f3rica del nivel de agua en las lagunas.<\/p>\n<p>Adem\u00e1s, desde el a\u00f1o 2002 ha dirigido y est\u00e1 dirigiendo tesis doctorales, y ha sido tutor de numerosos proyectos fin de carrera y trabajos fin de grado enfocados a la hidrolog\u00eda de lagunas temporales y a la gesti\u00f3n de recursos h\u00eddricos subterr\u00e1neos.<\/p>\n<figure id=\"attachment_30872011\" aria-describedby=\"caption-attachment-30872011\" style=\"width: 360px\" class=\"wp-caption alignright\"><a href=\"https:\/\/www.upo.es\/diario\/wp-content\/uploads\/2022\/04\/expertos_aguas_subterraneas.jpeg\"><img loading=\"lazy\" decoding=\"async\" class=\"size-medium wp-image-30872011\" src=\"https:\/\/www.upo.es\/diario\/wp-content\/uploads\/2022\/04\/expertos_aguas_subterraneas-360x270.jpeg\" alt=\"\" width=\"360\" height=\"270\" srcset=\"https:\/\/www.upo.es\/diario\/wp-content\/uploads\/2022\/04\/expertos_aguas_subterraneas-360x270.jpeg 360w, https:\/\/www.upo.es\/diario\/wp-content\/uploads\/2022\/04\/expertos_aguas_subterraneas-750x563.jpeg 750w, https:\/\/www.upo.es\/diario\/wp-content\/uploads\/2022\/04\/expertos_aguas_subterraneas-768x576.jpeg 768w, https:\/\/www.upo.es\/diario\/wp-content\/uploads\/2022\/04\/expertos_aguas_subterraneas.jpeg 1024w\" sizes=\"auto, (max-width: 360px) 100vw, 360px\" \/><\/a><figcaption id=\"caption-attachment-30872011\" class=\"wp-caption-text\">Foto de grupo de los miembros pertenecientes al Panel de Expertos en Aguas Subterr\u00e1neas de Andaluc\u00eda.<\/figcaption><\/figure>\n<h3><strong>Inicio de reuniones<\/strong><\/h3>\n<p>En la primera sesi\u00f3n constitutiva, han participado investigadores de las universidades de Almer\u00eda, C\u00e1diz, C\u00f3rdoba, Granada, Huelva, Ja\u00e9n, M\u00e1laga, Pablo de Olavide; as\u00ed como del Consejo Superior de Investigaciones Cient\u00edficas y el Instituto Geol\u00f3gico y Minero de Espa\u00f1a. En esta misma l\u00ednea de colaboraci\u00f3n y participaci\u00f3n, la administraci\u00f3n ambiental ha indicado que, en pr\u00f3ximas sesiones, el \u00f3rgano estar\u00e1 abierto a todas aquellas personas que quieran aportar sus conocimientos cient\u00edficos y t\u00e9cnicos.<\/p>\n<p>Algunos de los temas que se han abordado en esta primera reuni\u00f3n han sido: Recursos disponibles ante la situaci\u00f3n de excepcional sequ\u00eda; T\u00e9cnicas contrastadas para control de aguas subterr\u00e1neas (digitalizaci\u00f3n de la gesti\u00f3n del agua); T\u00e9cnicas contrastadas de recarga de acu\u00edferos, (con especial atenci\u00f3n en caso de aguas procedentes de tratamientos secundarios o terciarios de depuradoras); T\u00e9cnicas o procedimientos para el control de la contaminaci\u00f3n difusa; Planes de recuperaci\u00f3n de acu\u00edferos y experiencias de gobernanza; Acu\u00edferos compartidos; Prevenci\u00f3n de la intrusi\u00f3n marina y desalaci\u00f3n pr\u00f3xima a acu\u00edferos costeros.<\/p>\n<p>En la actualidad, los principales problemas que afectan a las aguas subterr\u00e1neas est\u00e1n relacionados con el estado del nivel de los acu\u00edferos y la calidad de sus aguas, lo que puede afectar de manera negativa a los ecosistemas y a las aguas superficiales. Durante todo el 2022, la Organizaci\u00f3n de las Naciones Unidas (ONU) quiere poner el foco de atenci\u00f3n en las aguas subterr\u00e1neas para \u201chacer visible lo invisible\u201d, y es que el efecto de estas aguas se aprecia en todas partes.<\/p>\n","protected":false},"excerpt":{"rendered":"<p>El profesor de la Facultad de Ciencias Experimentales de la Universidad Pablo de Olavide, Miguel Rodr\u00edguez Rodr\u00edguez, responsable del \u00c1rea de Geodin\u00e1mica Externa, ha entrado a formar parte del Panel de Expertos en Aguas Subterr\u00e1neas, \u00f3rgano constituido recientemente a trav\u00e9s de la Direcci\u00f3n General de Planificaci\u00f3n y Recursos H\u00eddricos de la Junta de Andaluc\u00eda, en cumplimiento de una de las medidas m\u00e1s apoyadas del Pacto Andaluz por el Agua.<\/p>\n","protected":false},"author":2,"featured_media":30861491,"comment_status":"closed","ping_status":"open","sticky":false,"template":"","format":"standard","meta":{"_monsterinsights_skip_tracking":false,"_monsterinsights_sitenote_active":false,"_monsterinsights_sitenote_note":"","_monsterinsights_sitenote_category":0,"footnotes":""},"categories":[5842],"tags":[7848,7847,7846,203,832],"class_list":["post-30872009","post","type-post","status-publish","format-standard","has-post-thumbnail","hentry","category-comunidad","tag-acuifero","tag-agua-subterranea","tag-experto","tag-junta-de-andalucia","tag-sostenibilidad"],"_links":{"self":[{"href":"https:\/\/www.upo.es\/diario\/wp-json\/wp\/v2\/posts\/30872009","targetHints":{"allow":["GET"]}}],"collection":[{"href":"https:\/\/www.upo.es\/diario\/wp-json\/wp\/v2\/posts"}],"about":[{"href":"https:\/\/www.upo.es\/diario\/wp-json\/wp\/v2\/types\/post"}],"author":[{"embeddable":true,"href":"https:\/\/www.upo.es\/diario\/wp-json\/wp\/v2\/users\/2"}],"replies":[{"embeddable":true,"href":"https:\/\/www.upo.es\/diario\/wp-json\/wp\/v2\/comments?post=30872009"}],"version-history":[{"count":1,"href":"https:\/\/www.upo.es\/diario\/wp-json\/wp\/v2\/posts\/30872009\/revisions"}],"predecessor-version":[{"id":30872012,"href":"https:\/\/www.upo.es\/diario\/wp-json\/wp\/v2\/posts\/30872009\/revisions\/30872012"}],"wp:featuredmedia":[{"embeddable":true,"href":"https:\/\/www.upo.es\/diario\/wp-json\/wp\/v2\/media\/30861491"}],"wp:attachment":[{"href":"https:\/\/www.upo.es\/diario\/wp-json\/wp\/v2\/media?parent=30872009"}],"wp:term":[{"taxonomy":"category","embeddable":true,"href":"https:\/\/www.upo.es\/diario\/wp-json\/wp\/v2\/categories?post=30872009"},{"taxonomy":"post_tag","embeddable":true,"href":"https:\/\/www.upo.es\/diario\/wp-json\/wp\/v2\/tags?post=30872009"}],"curies":[{"name":"wp","href":"https:\/\/api.w.org\/{rel}","templated":true}]}}