{"id":30872035,"date":"2022-04-18T11:25:34","date_gmt":"2022-04-18T09:25:34","guid":{"rendered":"https:\/\/www.upo.es\/diario\/?p=30872035"},"modified":"2022-04-18T11:27:19","modified_gmt":"2022-04-18T09:27:19","slug":"que-son-los-presupuestos-con-enfoque-de-genero","status":"publish","type":"post","link":"https:\/\/www.upo.es\/diario\/video\/2022\/04\/que-son-los-presupuestos-con-enfoque-de-genero\/","title":{"rendered":"\u00bfQu\u00e9 son los presupuestos con enfoque de g\u00e9nero?"},"content":{"rendered":"<p><iframe loading=\"lazy\" title=\"YouTube video player\" src=\"https:\/\/www.youtube.com\/embed\/HTYoxDLJsu4\" width=\"560\" height=\"315\" frameborder=\"0\" allowfullscreen=\"allowfullscreen\"><\/iframe><br \/>\nEste segundo v\u00eddeo de la <strong>campa\u00f1a &#8216;Aprendiendo en Igualdad&#8217;<\/strong> aclara conceptos sobre el dise\u00f1o de <strong>presupuestos con enfoque de g\u00e9nero<\/strong> y su importancia para eliminar desigualdades.<\/p>\n","protected":false},"excerpt":{"rendered":"<p>Segundo v\u00eddeo producido en el marco de la campa\u00f1a &#8216;Aprendiendo en Igualdad&#8217;, impulsada desde la Delegaci\u00f3n para la Igualdad de G\u00e9nero de la Universidad Pablo de Olavide con la coordinaci\u00f3n de la Oficina para la Igualdad.<\/p>\n","protected":false},"author":6,"featured_media":30872036,"comment_status":"closed","ping_status":"open","sticky":false,"template":"","format":"video","meta":{"_monsterinsights_skip_tracking":false,"_monsterinsights_sitenote_active":false,"_monsterinsights_sitenote_note":"","_monsterinsights_sitenote_category":0,"footnotes":""},"categories":[6038],"tags":[7412,5883,2874],"class_list":["post-30872035","post","type-post","status-publish","format-video","has-post-thumbnail","hentry","category-video","tag-delegacion-del-rector-para-la-igualdad-de-genero","tag-igualdad-de-genero","tag-presupuestos","post_format-post-format-video"],"_links":{"self":[{"href":"https:\/\/www.upo.es\/diario\/wp-json\/wp\/v2\/posts\/30872035","targetHints":{"allow":["GET"]}}],"collection":[{"href":"https:\/\/www.upo.es\/diario\/wp-json\/wp\/v2\/posts"}],"about":[{"href":"https:\/\/www.upo.es\/diario\/wp-json\/wp\/v2\/types\/post"}],"author":[{"embeddable":true,"href":"https:\/\/www.upo.es\/diario\/wp-json\/wp\/v2\/users\/6"}],"replies":[{"embeddable":true,"href":"https:\/\/www.upo.es\/diario\/wp-json\/wp\/v2\/comments?post=30872035"}],"version-history":[{"count":2,"href":"https:\/\/www.upo.es\/diario\/wp-json\/wp\/v2\/posts\/30872035\/revisions"}],"predecessor-version":[{"id":30872038,"href":"https:\/\/www.upo.es\/diario\/wp-json\/wp\/v2\/posts\/30872035\/revisions\/30872038"}],"wp:featuredmedia":[{"embeddable":true,"href":"https:\/\/www.upo.es\/diario\/wp-json\/wp\/v2\/media\/30872036"}],"wp:attachment":[{"href":"https:\/\/www.upo.es\/diario\/wp-json\/wp\/v2\/media?parent=30872035"}],"wp:term":[{"taxonomy":"category","embeddable":true,"href":"https:\/\/www.upo.es\/diario\/wp-json\/wp\/v2\/categories?post=30872035"},{"taxonomy":"post_tag","embeddable":true,"href":"https:\/\/www.upo.es\/diario\/wp-json\/wp\/v2\/tags?post=30872035"}],"curies":[{"name":"wp","href":"https:\/\/api.w.org\/{rel}","templated":true}]}}