{"id":30872098,"date":"2022-04-20T12:17:03","date_gmt":"2022-04-20T10:17:03","guid":{"rendered":"https:\/\/www.upo.es\/diario\/?p=30872098"},"modified":"2022-04-22T11:04:32","modified_gmt":"2022-04-22T09:04:32","slug":"upo-colegio-profesional-economistas-sevilla-actividades-cientificas-culturales-formativas","status":"publish","type":"post","link":"https:\/\/www.upo.es\/diario\/institucional\/2022\/04\/upo-colegio-profesional-economistas-sevilla-actividades-cientificas-culturales-formativas\/","title":{"rendered":"La UPO y el Colegio Profesional de Economistas de Sevilla se unen para impulsar actividades cient\u00edficas, culturales y formativas"},"content":{"rendered":"<figure id=\"attachment_30872099\" aria-describedby=\"caption-attachment-30872099\" style=\"width: 750px\" class=\"wp-caption aligncenter\"><a href=\"https:\/\/www.upo.es\/diario\/wp-content\/uploads\/2022\/04\/conve_colegio_economistas01.jpg\"><img loading=\"lazy\" decoding=\"async\" class=\"size-large wp-image-30872099\" src=\"https:\/\/www.upo.es\/diario\/wp-content\/uploads\/2022\/04\/conve_colegio_economistas01-750x500.jpg\" alt=\"\" width=\"750\" height=\"500\" srcset=\"https:\/\/www.upo.es\/diario\/wp-content\/uploads\/2022\/04\/conve_colegio_economistas01-750x500.jpg 750w, https:\/\/www.upo.es\/diario\/wp-content\/uploads\/2022\/04\/conve_colegio_economistas01-360x240.jpg 360w, https:\/\/www.upo.es\/diario\/wp-content\/uploads\/2022\/04\/conve_colegio_economistas01-768x512.jpg 768w, https:\/\/www.upo.es\/diario\/wp-content\/uploads\/2022\/04\/conve_colegio_economistas01-1536x1024.jpg 1536w, https:\/\/www.upo.es\/diario\/wp-content\/uploads\/2022\/04\/conve_colegio_economistas01-2048x1366.jpg 2048w, https:\/\/www.upo.es\/diario\/wp-content\/uploads\/2022\/04\/conve_colegio_economistas01-165x109.jpg 165w, https:\/\/www.upo.es\/diario\/wp-content\/uploads\/2022\/04\/conve_colegio_economistas01-1320x880.jpg 1320w\" sizes=\"auto, (max-width: 750px) 100vw, 750px\" \/><\/a><figcaption id=\"caption-attachment-30872099\" class=\"wp-caption-text\">De izquierda a derecha, el rector de la Universidad Pablo de Olavide, Francisco Oliva Bl\u00e1zquez, y el decano presidente del Colegio Profesional de Economistas de Sevilla, Francisco Jos\u00e9 Tato Jim\u00e9nez.<\/figcaption><\/figure>\n<p>El rector de la Universidad Pablo de Olavide, <strong>Francisco Oliva Bl\u00e1zquez<\/strong>, y el decano presidente del Colegio Profesional de Economistas de Sevilla, <strong>Francisco Jos\u00e9 Tato Jim\u00e9nez<\/strong>, han firmado en la ma\u00f1ana de hoy mi\u00e9rcoles un convenio de colaboraci\u00f3n con el objetivo de fomentar el desarrollo de relaciones cient\u00edficas y culturales entre ambas instituciones, estableciendo un intercambio de informaci\u00f3n sobre recursos y desarrollo de actividades en los \u00e1mbitos de la investigaci\u00f3n, la formaci\u00f3n cient\u00edfica y programas de formaci\u00f3n.<\/p>\n<p>El fomento de la orientaci\u00f3n en la inserci\u00f3n laboral del estudiantado de la Facultad de Ciencias Empresariales de la UPO, la realizaci\u00f3n de jornadas, cursos o actos en la en dicha facultad dirigidos al conocimiento por parte del alumnado de la actividad profesional como economistas, y apoyo a la actividad docente e investigadora de los y las docentes de este centro, son algunos de los \u00e1mbitos de actuaci\u00f3n de este acuerdo.<\/p>\n<figure id=\"attachment_30872100\" aria-describedby=\"caption-attachment-30872100\" style=\"width: 360px\" class=\"wp-caption alignright\"><a href=\"https:\/\/www.upo.es\/diario\/wp-content\/uploads\/2022\/04\/conve_colegio_economistas02.jpg\"><img loading=\"lazy\" decoding=\"async\" class=\"size-medium wp-image-30872100\" src=\"https:\/\/www.upo.es\/diario\/wp-content\/uploads\/2022\/04\/conve_colegio_economistas02-360x240.jpg\" alt=\"\" width=\"360\" height=\"240\" srcset=\"https:\/\/www.upo.es\/diario\/wp-content\/uploads\/2022\/04\/conve_colegio_economistas02-360x240.jpg 360w, https:\/\/www.upo.es\/diario\/wp-content\/uploads\/2022\/04\/conve_colegio_economistas02-750x500.jpg 750w, https:\/\/www.upo.es\/diario\/wp-content\/uploads\/2022\/04\/conve_colegio_economistas02-768x512.jpg 768w, https:\/\/www.upo.es\/diario\/wp-content\/uploads\/2022\/04\/conve_colegio_economistas02-1536x1024.jpg 1536w, https:\/\/www.upo.es\/diario\/wp-content\/uploads\/2022\/04\/conve_colegio_economistas02-2048x1366.jpg 2048w, https:\/\/www.upo.es\/diario\/wp-content\/uploads\/2022\/04\/conve_colegio_economistas02-165x109.jpg 165w, https:\/\/www.upo.es\/diario\/wp-content\/uploads\/2022\/04\/conve_colegio_economistas02-1320x880.jpg 1320w\" sizes=\"auto, (max-width: 360px) 100vw, 360px\" \/><\/a><figcaption id=\"caption-attachment-30872100\" class=\"wp-caption-text\">De izquierda a derecha, Francisco J. Jim\u00e9nez Garc\u00eda, Jes\u00fas J. Cambra Fierro, Francisco Oliva Bl\u00e1zquez, Francisco Jos\u00e9 Tato Jim\u00e9nez, Juan Gallardo Gil de Montes y Eva Mar\u00eda Valdenebro Garc\u00eda.<\/figcaption><\/figure>\n<p>Durante la firma del convenio, el rector ha destacado la importancia de la alianza de la Universidad Pablo de Olavide con una \u201cinstituci\u00f3n tan relevante para la ciudad como es el Colegio Profesional de Economistas de Sevilla\u201d, un acuerdo que se ver\u00e1 reflejado principalmente en dos \u00e1mbitos: empleabilidad e investigaci\u00f3n. \u201cEl tr\u00e1nsito de formaci\u00f3n a profesi\u00f3n es un elemento fundamental. Por ello, debemos seguir trabajando para garantizar el m\u00e1ximo grado de inserci\u00f3n laboral del estudiantado, \u00e1mbito en el que la aportaci\u00f3n del Colegio Profesional de Economistas es muy importante\u201d, ha declarado Francisco Oliva, quien tambi\u00e9n ha resaltado las sinergias en materias de investigaci\u00f3n que se pueden generar entre ambas instituciones.<\/p>\n<p>Por su parte, Francisco Jos\u00e9 Tato Jim\u00e9nez ha manifestado su satisfacci\u00f3n por la firma de este acuerdo que permitir\u00e1 colaborar con la Facultad de Ciencias Empresariales de la Universidad Pablo de Olavide en el crecimiento de los futuros profesionales del \u00e1mbito econ\u00f3mico, desarrollando distintas actuaciones encaminadas a que estudiantes, egresados y egresadas conozcan la labor del Colegio por y para la profesi\u00f3n y sus posibilidades en cuanto a la incorporaci\u00f3n en el mundo laboral. \u201cRealizar conferencias, acciones de <em>mentoring <\/em>o charlas de inserci\u00f3n laboral son algunas de las actuaciones que se podr\u00e1n llevar a cabo con el estudiantado de los grados econ\u00f3micos, as\u00ed como el desarrollo de la figura del precolegiado, a la que pueden acceder los estudiantes de los \u00faltimos cursos que as\u00ed pueden ya formar parte de su Colegio Profesional\u201d, ha declarado Francisco Jos\u00e9 Tato Jim\u00e9nez.<\/p>\n<p>El rector y el decano presidente del Colegio Profesional de Economistas de Sevilla han estado acompa\u00f1ados por <strong>Jes\u00fas J. Cambra Fierro<\/strong>, decano de la Facultad de Ciencias Empresariales de la UPO; <strong>Francisco J. Jim\u00e9nez Garc\u00eda<\/strong>, y <strong>Eva Mar\u00eda Valdenebro Garc\u00eda<\/strong>, vocal de la Junta de Gobierno y secretaria t\u00e9cnica del Colegio Profesional de Economistas, respectivamente; y <strong>Juan Gallardo Gil de Montes<\/strong>, presidente del Club de Bolsa de la Universidad Pablo de Olavide.<\/p>\n","protected":false},"excerpt":{"rendered":"<p>El rector de la Universidad Pablo de Olavide, Francisco Oliva Bl\u00e1zquez, y el decano presidente del Colegio Profesional de Economistas de Sevilla, Francisco Jos\u00e9 Tato Jim\u00e9nez, han firmado en la ma\u00f1ana de hoy mi\u00e9rcoles un convenio de colaboraci\u00f3n con el objetivo de fomentar el desarrollo de relaciones cient\u00edficas y culturales entre ambas instituciones, estableciendo un intercambio de informaci\u00f3n sobre recursos y desarrollo de actividades en los \u00e1mbitos de la investigaci\u00f3n, la formaci\u00f3n cient\u00edfica y programas de formaci\u00f3n.<\/p>\n","protected":false},"author":2,"featured_media":30872099,"comment_status":"closed","ping_status":"open","sticky":false,"template":"","format":"standard","meta":{"_acf_changed":false,"_monsterinsights_skip_tracking":false,"footnotes":""},"categories":[6],"tags":[7850,326,63,3989,360,509,56],"class_list":["post-30872098","post","type-post","status-publish","format-standard","has-post-thumbnail","hentry","category-institucional","tag-colegio-profesional-de-economistas-de-sevilla","tag-convenio","tag-economia","tag-empleabilidad","tag-facultad-de-ciencias-empresariales","tag-formacion","tag-investigacion"],"acf":[],"_links":{"self":[{"href":"https:\/\/www.upo.es\/diario\/wp-json\/wp\/v2\/posts\/30872098","targetHints":{"allow":["GET"]}}],"collection":[{"href":"https:\/\/www.upo.es\/diario\/wp-json\/wp\/v2\/posts"}],"about":[{"href":"https:\/\/www.upo.es\/diario\/wp-json\/wp\/v2\/types\/post"}],"author":[{"embeddable":true,"href":"https:\/\/www.upo.es\/diario\/wp-json\/wp\/v2\/users\/2"}],"replies":[{"embeddable":true,"href":"https:\/\/www.upo.es\/diario\/wp-json\/wp\/v2\/comments?post=30872098"}],"version-history":[{"count":1,"href":"https:\/\/www.upo.es\/diario\/wp-json\/wp\/v2\/posts\/30872098\/revisions"}],"predecessor-version":[{"id":30872101,"href":"https:\/\/www.upo.es\/diario\/wp-json\/wp\/v2\/posts\/30872098\/revisions\/30872101"}],"wp:featuredmedia":[{"embeddable":true,"href":"https:\/\/www.upo.es\/diario\/wp-json\/wp\/v2\/media\/30872099"}],"wp:attachment":[{"href":"https:\/\/www.upo.es\/diario\/wp-json\/wp\/v2\/media?parent=30872098"}],"wp:term":[{"taxonomy":"category","embeddable":true,"href":"https:\/\/www.upo.es\/diario\/wp-json\/wp\/v2\/categories?post=30872098"},{"taxonomy":"post_tag","embeddable":true,"href":"https:\/\/www.upo.es\/diario\/wp-json\/wp\/v2\/tags?post=30872098"}],"curies":[{"name":"wp","href":"https:\/\/api.w.org\/{rel}","templated":true}]}}