{"id":30872459,"date":"2022-04-28T14:25:37","date_gmt":"2022-04-28T12:25:37","guid":{"rendered":"https:\/\/www.upo.es\/diario\/?p=30872459"},"modified":"2022-05-11T11:44:38","modified_gmt":"2022-05-11T09:44:38","slug":"presentacion-cursos-verano-2022","status":"publish","type":"post","link":"https:\/\/www.upo.es\/diario\/institucional\/2022\/04\/presentacion-cursos-verano-2022\/","title":{"rendered":"La vig\u00e9sima edici\u00f3n de los Cursos de Verano de la Universidad Pablo de Olavide en Carmona comienza el 27 de junio"},"content":{"rendered":"<figure id=\"attachment_30872462\" aria-describedby=\"caption-attachment-30872462\" style=\"width: 750px\" class=\"wp-caption aligncenter\"><a href=\"https:\/\/www.upo.es\/diario\/wp-content\/uploads\/2022\/04\/Present-Cursos-Verano-2022-scaled.jpg\"><img loading=\"lazy\" decoding=\"async\" class=\"size-large wp-image-30872462\" src=\"https:\/\/www.upo.es\/diario\/wp-content\/uploads\/2022\/04\/Present-Cursos-Verano-2022-750x422.jpg\" alt=\"Juan \u00c1vila, Laura L\u00f3pez de la Cruz, Antonio Pulido y Jos\u00e9 A. S\u00e1nchez Medina\" width=\"750\" height=\"422\" srcset=\"https:\/\/www.upo.es\/diario\/wp-content\/uploads\/2022\/04\/Present-Cursos-Verano-2022-750x422.jpg 750w, https:\/\/www.upo.es\/diario\/wp-content\/uploads\/2022\/04\/Present-Cursos-Verano-2022-360x203.jpg 360w, https:\/\/www.upo.es\/diario\/wp-content\/uploads\/2022\/04\/Present-Cursos-Verano-2022-768x432.jpg 768w, https:\/\/www.upo.es\/diario\/wp-content\/uploads\/2022\/04\/Present-Cursos-Verano-2022-1536x864.jpg 1536w, https:\/\/www.upo.es\/diario\/wp-content\/uploads\/2022\/04\/Present-Cursos-Verano-2022-2048x1152.jpg 2048w\" sizes=\"auto, (max-width: 750px) 100vw, 750px\" \/><\/a><figcaption id=\"caption-attachment-30872462\" class=\"wp-caption-text\">Desde la izquierda, Juan \u00c1vila, Laura L\u00f3pez de la Cruz, Antonio Pulido y Jos\u00e9 A. S\u00e1nchez Medina<\/figcaption><\/figure>\n<p>Los <strong>Cursos de Verano de la Universidad Pablo de Olavide<\/strong> se celebrar\u00e1n nuevamente <strong>en su sede de Carmona<\/strong> <strong>del 27 de junio al 26 de agosto<\/strong>. Organizados por la UPO en colaboraci\u00f3n con el Ayuntamiento de esta ciudad, la Casa Palacio de Los Briones, sede permanente de la UPO en Carmona, acoger\u00e1 por vig\u00e9simo a\u00f1o un total de <strong>40 cursos<\/strong>.<\/p>\n<p><a href=\"https:\/\/www.upo.es\/diario\/wp-content\/uploads\/2022\/04\/IG_Publicacion.jpg\"><img loading=\"lazy\" decoding=\"async\" class=\"alignright size-medium wp-image-30872465\" src=\"https:\/\/www.upo.es\/diario\/wp-content\/uploads\/2022\/04\/IG_Publicacion-360x360.jpg\" alt=\"Cursos de Verano de la UPO en Carmona 2022\" width=\"360\" height=\"360\" srcset=\"https:\/\/www.upo.es\/diario\/wp-content\/uploads\/2022\/04\/IG_Publicacion-360x360.jpg 360w, https:\/\/www.upo.es\/diario\/wp-content\/uploads\/2022\/04\/IG_Publicacion-750x750.jpg 750w, https:\/\/www.upo.es\/diario\/wp-content\/uploads\/2022\/04\/IG_Publicacion-150x150.jpg 150w, https:\/\/www.upo.es\/diario\/wp-content\/uploads\/2022\/04\/IG_Publicacion-768x768.jpg 768w, https:\/\/www.upo.es\/diario\/wp-content\/uploads\/2022\/04\/IG_Publicacion.jpg 1080w\" sizes=\"auto, (max-width: 360px) 100vw, 360px\" \/><\/a>En los Cursos de Verano 2022, gestionados por la Fundaci\u00f3n Universidad Pablo de Olavide, se abordar\u00e1n diversos temas, como el emprendimiento femenino, los nuevos caminos del Periodismo, las pol\u00edticas de desigualdad en el siglo XXI, los problemas en la alimentaci\u00f3n, el cine y el turismo, los trastornos de conducta en el aula, la protecci\u00f3n de los menores en el \u00e1mbito deportivo, el cambio clim\u00e1tico en Espa\u00f1a, las funciones y el comportamiento del cerebro, la investigaci\u00f3n de los homicidios, las mujeres y la Justicia, las nuevas tecnolog\u00edas en energ\u00eda solar o las v\u00edctimas de la transici\u00f3n, entre otros, en los que participar\u00e1n diferentes especialistas nacionales e internacionales.<\/p>\n<p>Temas y materias que van desde lo pol\u00edtico a lo cultural, desde lo econ\u00f3mico a lo social y que se complementan con otros temas y disciplinas como son: el flamenco, las t\u00e9cnicas para aprender a hablar en p\u00fablico, el dise\u00f1o de eventos culturales, el coaching t\u00e9cnico vocal de alto rendimiento, la espeleoarqueolog\u00eda aplicada y las pr\u00e1cticas arqueol\u00f3gicas en excavaciones abiertas. Con respecto a este \u00faltimo seminario, nos encontramos ante un \u00e1rea de trabajo en el que los estudiantes participantes podr\u00e1n, del 1 al 26 de agosto, conocer todos los entresijos, proceso y gesti\u00f3n de una excavaci\u00f3n en una ciudad como Carmona, que por su propia historia y valor patrimonial posibilita este tipo de actividad.<\/p>\n<p><a href=\"https:\/\/www.upo.es\/diario\/wp-content\/uploads\/2022\/04\/Present-Cursos-Verano-2022_mesa-scaled.jpg\"><img loading=\"lazy\" decoding=\"async\" class=\"size-medium wp-image-30872466 alignleft\" src=\"https:\/\/www.upo.es\/diario\/wp-content\/uploads\/2022\/04\/Present-Cursos-Verano-2022_mesa-360x203.jpg\" alt=\"\" width=\"360\" height=\"203\" srcset=\"https:\/\/www.upo.es\/diario\/wp-content\/uploads\/2022\/04\/Present-Cursos-Verano-2022_mesa-360x203.jpg 360w, https:\/\/www.upo.es\/diario\/wp-content\/uploads\/2022\/04\/Present-Cursos-Verano-2022_mesa-750x422.jpg 750w, https:\/\/www.upo.es\/diario\/wp-content\/uploads\/2022\/04\/Present-Cursos-Verano-2022_mesa-768x432.jpg 768w, https:\/\/www.upo.es\/diario\/wp-content\/uploads\/2022\/04\/Present-Cursos-Verano-2022_mesa-1536x864.jpg 1536w, https:\/\/www.upo.es\/diario\/wp-content\/uploads\/2022\/04\/Present-Cursos-Verano-2022_mesa-2048x1152.jpg 2048w\" sizes=\"auto, (max-width: 360px) 100vw, 360px\" \/><\/a>La vicerrectora de Relaciones Institucionales y Fundaciones, <strong>Laura L\u00f3pez de la Cruz<\/strong>; el alcalde de Carmona, <strong>Juan \u00c1vila Guti\u00e9rrez; <\/strong>el vicerrector primero y de Estrategia y Planificaci\u00f3n Acad\u00e9mica de la UPO<strong>, Jos\u00e9 Antonio S\u00e1nchez Medina<\/strong> y el presidente de la Fundaci\u00f3n Cajasol, <strong>Antonio Pulido Guti\u00e9rrez<\/strong> han presidido la presentaci\u00f3n de la programaci\u00f3n estival de la UPO en la ciudad de Carmona, impulsada por <strong>Rosario Valpuesta<\/strong>, primera rectora de la Universidad, hace 20 a\u00f1os.<\/p>\n<p>Asimismo, en dicho evento han estado presentes la presidenta del Consejo Social, <strong>Roc\u00edo Reinoso Cuevas<\/strong> y <strong>Lina G\u00e1lvez Mu\u00f1oz<\/strong>, catedr\u00e1tica de la UPO y vicepresidenta de la Comisi\u00f3n de Industria, Investigaci\u00f3n y Energ\u00eda del Parlamento europeo. Han asistido tambi\u00e9n otras autoridades acad\u00e9micas de la Universidad, autoridades municipales de Carmona, directores y directoras de los cursos y representantes de instituciones colaboradoras de los mismos.<\/p>\n<p>Este a\u00f1o, aunque se mantiene la presencialidad para fomentar la interacci\u00f3n entre estudiantes y profesorado, se seguir\u00e1 apostando por la modalidad <em>online <\/em>de los cursos para facilitar el acceso a la formaci\u00f3n del alumnado, independientemente del lugar en el que se encuentre.<\/p>\n<p>En esta edici\u00f3n, se podr\u00e1n realizar de manera <strong>exclusivamente presencial 11 cursos,<\/strong> <strong>solo en modalidad <em>online<\/em> seis cursos y en modalidad dual (presencial-<em>online)<\/em>, 23 cursos<\/strong>.<\/p>\n<p>En l\u00ednea con las acciones que se han desarrollado durante estas \u00faltimas ediciones, adem\u00e1s de los tradicionales cursos de cinco d\u00edas, se ha vuelto a apostar por la puesta en marcha de seminarios de tres y dos d\u00edas, dirigidos sobre todo al reciclaje formativo de profesionales, y que permiten y posibilitan a estos colectivos compaginar la formaci\u00f3n con su actividad laboral.<\/p>\n<p>Adem\u00e1s, es destacable que por noveno a\u00f1o consecutivo se hayan vuelto a incluir en la programaci\u00f3n estival dos cursos de verano coordinados por el Centro Adscrito San Isidoro (Ceade) en virtud al convenio suscrito entre la Universidad Pablo de Olavide y esta instituci\u00f3n. En concreto, se trata de los seminarios \u201cProcesos de creaci\u00f3n en el audiovisual en Andaluc\u00eda en la era digital. 2\u00aa edici\u00f3n\u201d y \u201cIV Curso internacional de formaci\u00f3n deportiva: Neurociencia y deporte. Claves para la optimizaci\u00f3n del entrenamiento deportivo\u201d.<\/p>\n<p>En esta edici\u00f3n, el 42,50% de los cursos vuelve a repetir tem\u00e1tica, aunque con diferentes enfoques, mientras que el 57,50% de los mismos son primeras ediciones, lo que evidencia la importante apuesta realizada desde Olavide en Carmona en relaci\u00f3n a la renovaci\u00f3n y actualizaci\u00f3n de contenidos formativos.<\/p>\n<p>El plazo de matr\u00edcula para inscribirse en los Cursos de Verano 2022 de la Universidad Pablo de Olavide comienza el 29 de abril y permanecer\u00e1 abierto hasta 7 d\u00edas antes del inicio del curso. Los estudiantes que as\u00ed lo deseen podr\u00e1n realizar su matr\u00edcula a trav\u00e9s de Internet mediante la p\u00e1gina web <a href=\"https:\/\/www.upo.es\/formacionpermanente\/cursos-de-verano\">https:\/\/www.upo.es\/formacionpermanente\/cursos-de-verano<\/a><\/p>\n<p>Como novedad, este a\u00f1o podr\u00e1n beneficiarse de un precio de matr\u00edcula reducido las personas desempleadas y los integrantes de familia numerosa, adem\u00e1s de los miembros de la comunidad universitaria de la Universidad Pablo de Olavide, del Centro Adscrito San Isidoro y a los vecinos\/as de la localidad de Carmona.<\/p>\n<p>Estos cursos obtendr\u00e1n el <strong>reconocimiento de cr\u00e9ditos ECTS para los estudiantes de todas las universidades p\u00fablicas de Andaluc\u00eda<\/strong> y de los centros concertados de la UNED que los soliciten. Asimismo, los Cursos de Verano de la UPO se desarrollan en colaboraci\u00f3n con la Consejer\u00eda de Educaci\u00f3n de la Junta de Andaluc\u00eda, que inscribir\u00e1 estas actividades en el Registro de Actividades de Formaci\u00f3n Permanente del Profesorado, con lo cual sirven de m\u00e9rito para los profesores que as\u00ed lo requieran.<\/p>\n<h3><strong>Ponentes<\/strong><\/h3>\n<p>Los cursos de verano de este a\u00f1o ofrecen un programa multidisciplinar en el que participar\u00e1n alrededor de 350 ponentes y conferenciantes.<\/p>\n<p>Con respecto a los ponentes, hay que destacar la presencia en los Cursos de Verano de <strong>Mar\u00eda Jes\u00fas Montero<\/strong>, ministra de Hacienda y Funci\u00f3n P\u00fablica y <strong>Mar\u00eda Pilar Llop<\/strong>, ministra de Justicia. Tambi\u00e9n participar\u00e1n <strong>Unai Sordo<\/strong>, secretario general de la CS de CCOO; <strong>Nuria L\u00f3pez<\/strong>, secretaria general de la CS de CCOO de Andaluc\u00eda y <strong>Carlos Aristu<\/strong>, secretario general de CCOO de Sevilla. Tambi\u00e9n estar\u00e1 presente <strong>Silvia Calz\u00f3n<\/strong>, secretaria de Estado de Sanidad; <strong>Antonio Mu\u00f1oz<\/strong>, alcalde de Sevilla; <strong>Fernando Rodr\u00edguez Villalobos<\/strong>, presidente de la Diputaci\u00f3n de Sevilla y profesionales como <strong>Pablo Sim\u00f3n<\/strong>, polit\u00f3logo y comentarista pol\u00edtico; <strong>Ant\u00f3n Costas<\/strong>, presidente del Consejo Econ\u00f3mico y Social de Espa\u00f1a o el soci\u00f3logo <strong>Manuel P\u00e9rez Yruela<\/strong>, doctor honoris causa por la UPO.<\/p>\n<p>Participar\u00e1n periodistas como <strong>Montserrat Dom\u00ednguez<\/strong>, directora de contenidos de la cadena SER; <strong>Aimar Bretos<\/strong>, director de Hora 25, de la cadena SER; <strong>Paloma Jara<\/strong>, directora de RTVE en Andaluc\u00eda; <strong>Jos\u00e9 Y\u00e9lamo<\/strong>, presentador de La Sexta Noche; <strong>Enric Juliana<\/strong>, director adjunto de La Vanguardia; <strong>Antonio Rubio<\/strong>, presidente de la Asociaci\u00f3n de Periodistas de Investigaci\u00f3n o <strong>Ram\u00f3n Lobo<\/strong>, excorresponsal de guerra.<\/p>\n<p>Las core\u00f3grafas y bailaoras <strong>Mar\u00eda Pag\u00e9s<\/strong> y <strong>Alicia M\u00e1rquez<\/strong> tambi\u00e9n pasar\u00e1n por las aulas de los cursos de verano, as\u00ed como la tambi\u00e9n bailaora <strong>Gloria del Rosario<\/strong>. La cantaora flamenca <strong>Esperanza Fern\u00e1ndez<\/strong> participar\u00e1 en los cursos de verano de Olavide en Carmona, as\u00ed como el cantaor <strong>Calixto S\u00e1nchez<\/strong>; los guitarristas <strong>Manolo Franco<\/strong> y <strong>Eduardo Rebollar<\/strong> o la soprano <strong>Juana Castillo<\/strong>.<\/p>\n<p>Por otra parte, pasar\u00e1n por los cursos de verano figuras relevantes en el \u00e1mbito deportivo como <strong>Mateu Alemany<\/strong>, director del F\u00fatbol Club Barcelona; <strong>Jos\u00e9 Castro<\/strong>, presidente del Sevilla FC; <strong>Javier G\u00f3mez<\/strong>, director general deportivo de La Liga o <strong>Ram\u00f3n Rodr\u00edguez \u2018Monchi\u2019<\/strong>, director general deportivo del Sevilla FC.<\/p>\n<p>Actrices como <strong>Natalia de Molina<\/strong> participar\u00e1n en los cursos de verano, al igual que los directores de cine <strong>Paco Ortiz<\/strong> y <strong>Alfonso S\u00e1nchez<\/strong>, el productor de cine y televisi\u00f3n <strong>Jos\u00e9 Antonio F\u00e9lez<\/strong> o la directora de producci\u00f3n <strong>Manuela Oc\u00f3n<\/strong>. Tambi\u00e9n se contar\u00e1 con la presencia de <strong>Carlos Rosado<\/strong>, presidente de Spain Film Commission o <strong>Piluca Querol<\/strong>, directora de Andaluc\u00eda Film Commission.<\/p>\n<p>Asimismo, participar\u00e1n Manuel Salguero, director del Instituto Nacional de Toxicolog\u00eda y Ciencias Forenses de Sevilla; Julia P\u00e9rez, inspectora jefa del grupo de homicidios y desaparecidos en Sevilla o \u00c1ngel Gabriel Romero, inspector jefe de la Brigada Provincial de Polic\u00eda Cient\u00edfica de Sevilla.<\/p>\n<p>Esta nueva edici\u00f3n de los Cursos de Verano de la Universidad Pablo de Olavide, est\u00e1 patrocinada por la Fundaci\u00f3n Cajasol y cuenta con la colaboraci\u00f3n de <strong>69 entidades p\u00fablicas y privadas<\/strong>.<\/p>\n<p>M\u00e1s informaci\u00f3n en <a href=\"https:\/\/www.upo.es\/formacionpermanente\/cursos-de-verano\">https:\/\/www.upo.es\/formacionpermanente\/cursos-de-verano<\/a><\/p>\n","protected":false},"excerpt":{"rendered":"<p>Los Cursos de Verano de la Universidad Pablo de Olavide se celebrar\u00e1n nuevamente en su sede de Carmona del 27 de junio al 26 de agosto. Organizados por la UPO en colaboraci\u00f3n con el Ayuntamiento de esta ciudad, la Casa Palacio de Los Briones, sede permanente de la UPO en Carmona, acoger\u00e1 por vig\u00e9simo a\u00f1o un total de 40 cursos.<a class=\"read-more\" href=\"https:\/\/www.upo.es\/diario\/institucional\/2022\/04\/presentacion-cursos-verano-2022\/\">[Read More&#8230;]<\/a><\/p>\n","protected":false},"author":6,"featured_media":30872465,"comment_status":"closed","ping_status":"open","sticky":false,"template":"","format":"standard","meta":{"_monsterinsights_skip_tracking":false,"_monsterinsights_sitenote_active":false,"_monsterinsights_sitenote_note":"","_monsterinsights_sitenote_category":0,"footnotes":""},"categories":[6],"tags":[23,22,328,2078,2474,5858,1648,519,334],"class_list":["post-30872459","post","type-post","status-publish","format-standard","has-post-thumbnail","hentry","category-institucional","tag-carmona","tag-cursos-de-verano","tag-formacion-permanente","tag-fundacion-cajasol","tag-fundacion-universidad-pablo-de-olavide","tag-jose-antonio-sanchez-medina","tag-laura-lopez-de-la-cruz","tag-olavide-en-carmona","tag-presentacion"],"_links":{"self":[{"href":"https:\/\/www.upo.es\/diario\/wp-json\/wp\/v2\/posts\/30872459","targetHints":{"allow":["GET"]}}],"collection":[{"href":"https:\/\/www.upo.es\/diario\/wp-json\/wp\/v2\/posts"}],"about":[{"href":"https:\/\/www.upo.es\/diario\/wp-json\/wp\/v2\/types\/post"}],"author":[{"embeddable":true,"href":"https:\/\/www.upo.es\/diario\/wp-json\/wp\/v2\/users\/6"}],"replies":[{"embeddable":true,"href":"https:\/\/www.upo.es\/diario\/wp-json\/wp\/v2\/comments?post=30872459"}],"version-history":[{"count":4,"href":"https:\/\/www.upo.es\/diario\/wp-json\/wp\/v2\/posts\/30872459\/revisions"}],"predecessor-version":[{"id":30872468,"href":"https:\/\/www.upo.es\/diario\/wp-json\/wp\/v2\/posts\/30872459\/revisions\/30872468"}],"wp:featuredmedia":[{"embeddable":true,"href":"https:\/\/www.upo.es\/diario\/wp-json\/wp\/v2\/media\/30872465"}],"wp:attachment":[{"href":"https:\/\/www.upo.es\/diario\/wp-json\/wp\/v2\/media?parent=30872459"}],"wp:term":[{"taxonomy":"category","embeddable":true,"href":"https:\/\/www.upo.es\/diario\/wp-json\/wp\/v2\/categories?post=30872459"},{"taxonomy":"post_tag","embeddable":true,"href":"https:\/\/www.upo.es\/diario\/wp-json\/wp\/v2\/tags?post=30872459"}],"curies":[{"name":"wp","href":"https:\/\/api.w.org\/{rel}","templated":true}]}}