{"id":30872489,"date":"2022-04-29T12:31:47","date_gmt":"2022-04-29T10:31:47","guid":{"rendered":"https:\/\/www.upo.es\/diario\/?p=30872489"},"modified":"2022-04-29T12:32:10","modified_gmt":"2022-04-29T10:32:10","slug":"segunda-jornada-para-registrar-la-biodiversidad-del-campus-de-la-universidad-pablo-de-olavide","status":"publish","type":"post","link":"https:\/\/www.upo.es\/diario\/comunidad\/2022\/04\/segunda-jornada-para-registrar-la-biodiversidad-del-campus-de-la-universidad-pablo-de-olavide\/","title":{"rendered":"Segunda jornada para registrar la biodiversidad del campus de la Universidad Pablo de Olavide"},"content":{"rendered":"<p><img loading=\"lazy\" decoding=\"async\" class=\"alignright wp-image-30872490 size-full\" src=\"https:\/\/www.upo.es\/diario\/wp-content\/uploads\/2022\/04\/II-Bioblitz.jpg\" alt=\"II Bioblitz UPO\" width=\"460\" height=\"200\" srcset=\"https:\/\/www.upo.es\/diario\/wp-content\/uploads\/2022\/04\/II-Bioblitz.jpg 460w, https:\/\/www.upo.es\/diario\/wp-content\/uploads\/2022\/04\/II-Bioblitz-360x157.jpg 360w\" sizes=\"auto, (max-width: 460px) 100vw, 460px\" \/>Tras la primera edici\u00f3n celebrada el a\u00f1o pasado, este <strong>s\u00e1bado 30 de abril<\/strong> tendr\u00e1 lugar el <strong>II Bioblitz de la UPO<\/strong>, una marat\u00f3n para identificar la biodiversidad del campus. En 2021 fueron identificadas m\u00e1s de 300 especies gracias a la colaboraci\u00f3n de 120 participantes.<\/p>\n<p>En esta ocasi\u00f3n, la jornada para censar la biodiversidad del campus incluye una serie de <strong>conferencias y charlas impartidas por expertos y profesorado de la Universidad<\/strong>. As\u00ed, Santiago Mart\u00edn Bravo e \u00cd\u00f1igo Pulgar hablar\u00e1n sobre la <strong>flora silvestre<\/strong> existente en el campus y su riqueza natural, que incluye plantas end\u00e9micas, raras y amenazadas. A continuaci\u00f3n, Miguel Rodr\u00edguez, profesor del \u00e1rea de Geolog\u00eda Externa, impartir\u00e1 una charla sobre <strong>las lagunas de la UPO<\/strong> y su relaci\u00f3n con el r\u00edo Guada\u00edra. Por otro lado, para conocer m\u00e1s sobre el terreno que alberga el campus, Juan Carlos Balanya hablar\u00e1 sobre sus <strong>recursos minerales<\/strong>. Adem\u00e1s, habr\u00e1 dos <strong>talleres de iniciaci\u00f3n a la fotograf\u00eda de fauna y de naturaleza<\/strong>, impartidos por Miguel \u00c1ngel Rodr\u00edguez y Juan Carlos Prieto.<\/p>\n<p>La inscripci\u00f3n al II Bioblitz puede realizarse <em>online<\/em> y la jornada incluir\u00e1 talleres para menores, de modo que puede acudirse en familia. Para asesorar en el registro de especies, que se realiza a trav\u00e9s de <a href=\"https:\/\/observation.org\/\">observation.org<\/a>, y guiar por el campus, un grupo de expertos ayudar\u00e1n a los participantes con el objetivo de que el segundo marat\u00f3n de biodiversidad de la UPO sea un \u00e9xito y pueda actualizarse el n\u00famero y variedad de flora y fauna de un campus situado en el entorno del Guada\u00edra.<\/p>\n<p><strong>M\u00e1s informaci\u00f3n e inscripciones en:<br \/>\n<\/strong><a href=\"https:\/\/eventos.upo.es\/82352\/detail\/charlas-ii-bioblitz-de-la-upo.html\">https:\/\/eventos.upo.es\/82352\/detail\/charlas-ii-bioblitz-de-la-upo.html<\/a><\/p>\n<p>&nbsp;<\/p>\n<p>&nbsp;<\/p>\n","protected":false},"excerpt":{"rendered":"<p>Tras la primera edici\u00f3n celebrada el a\u00f1o pasado, este s\u00e1bado 30 de abril tendr\u00e1 lugar el II Bioblitz de la UPO, una marat\u00f3n para identificar la biodiversidad del campus. En 2021 fueron identificadas m\u00e1s de 300 especies gracias a la colaboraci\u00f3n de 120 participantes.<\/p>\n","protected":false},"author":6,"featured_media":30872490,"comment_status":"closed","ping_status":"open","sticky":false,"template":"","format":"standard","meta":{"_monsterinsights_skip_tracking":false,"_monsterinsights_sitenote_active":false,"_monsterinsights_sitenote_note":"","_monsterinsights_sitenote_category":0,"footnotes":""},"categories":[5842],"tags":[814,107,544,1274,1195,514],"class_list":["post-30872489","post","type-post","status-publish","format-standard","has-post-thumbnail","hentry","category-comunidad","tag-biodiversidad","tag-campus","tag-conferencias","tag-fauna","tag-flora","tag-jornada"],"_links":{"self":[{"href":"https:\/\/www.upo.es\/diario\/wp-json\/wp\/v2\/posts\/30872489","targetHints":{"allow":["GET"]}}],"collection":[{"href":"https:\/\/www.upo.es\/diario\/wp-json\/wp\/v2\/posts"}],"about":[{"href":"https:\/\/www.upo.es\/diario\/wp-json\/wp\/v2\/types\/post"}],"author":[{"embeddable":true,"href":"https:\/\/www.upo.es\/diario\/wp-json\/wp\/v2\/users\/6"}],"replies":[{"embeddable":true,"href":"https:\/\/www.upo.es\/diario\/wp-json\/wp\/v2\/comments?post=30872489"}],"version-history":[{"count":1,"href":"https:\/\/www.upo.es\/diario\/wp-json\/wp\/v2\/posts\/30872489\/revisions"}],"predecessor-version":[{"id":30872491,"href":"https:\/\/www.upo.es\/diario\/wp-json\/wp\/v2\/posts\/30872489\/revisions\/30872491"}],"wp:featuredmedia":[{"embeddable":true,"href":"https:\/\/www.upo.es\/diario\/wp-json\/wp\/v2\/media\/30872490"}],"wp:attachment":[{"href":"https:\/\/www.upo.es\/diario\/wp-json\/wp\/v2\/media?parent=30872489"}],"wp:term":[{"taxonomy":"category","embeddable":true,"href":"https:\/\/www.upo.es\/diario\/wp-json\/wp\/v2\/categories?post=30872489"},{"taxonomy":"post_tag","embeddable":true,"href":"https:\/\/www.upo.es\/diario\/wp-json\/wp\/v2\/tags?post=30872489"}],"curies":[{"name":"wp","href":"https:\/\/api.w.org\/{rel}","templated":true}]}}